{"id":164533,"date":"2022-08-16T10:00:00","date_gmt":"2022-08-16T08:00:00","guid":{"rendered":"http:\/\/www.tucomarca.com\/wordpress\/segunda\/?p=164533"},"modified":"2022-08-16T14:12:10","modified_gmt":"2022-08-16T12:12:10","slug":"requena-garanteix-la-seguretat-durant-les-festes-amb-la-collaboracio-de-la-policia-local","status":"publish","type":"post","link":"https:\/\/tucomarca.whitekongsoftware.com\/ca\/requena-garanteix-la-seguretat-durant-les-festes-amb-la-collaboracio-de-la-policia-local\/","title":{"rendered":"Requena garanteix la seguretat durant les festes amb la col\u00b7laboraci\u00f3 de la policia local"},"content":{"rendered":"\n<p class=\"wp-block-paragraph\">L&#8217;Ajuntament de Requena ha organitzat enguany les festes amb gran inter\u00e9s perqu\u00e8 tot transc\u00f3rrega amb la deguda normalitat i seguretat ciutadana. \u00c9s per aix\u00f2 que, des de fa uns mesos, va buscar la manera de recon\u00e9ixer la import\u00e0ncia que t\u00e9 el treball seri\u00f3s i professional de la policia local.<\/p>\n\n\n\n<p class=\"wp-block-paragraph\">D&#8217;aqu\u00ed ve que s&#8217;elaborara un programa de productivitat, dotat amb quasi 5.000 euros, que pret\u00e9n recon\u00e9ixer als agents que mostren el seu especial comprom\u00eds amb les festes. Aix\u00f2 suposa que cada agent que treballe la setmana de fira o de festes (ja que la policia local treballa 7 dies i descansa altres 7 durant tot l&#8217;any, la qual cosa, sumat al per\u00edode vacacional, provoca a vegades problemes per a cobrir tots els torns) cobrar\u00e0 356,5 euros , que se sumaran a la seua n\u00f2mina. A m\u00e9s, i segons el consistori &#8220;se&#8217;ls va oferir la possibilitat de fer hores extra (que se sumarien a la seua n\u00f2mina habitual i al programa de productivitat) a 22,27 euros cada hora, en blocs de 8 hores i 20 minutos (185,58 euros per torn extra treballat), que nom\u00e9s ha acceptat fer una part de la plantilla, als quals des del consistori se&#8217;ls agraeix el seu comprom\u00eds amb Requena i les seues festes&#8221;.&nbsp;<\/p>\n\n\n\n<p class=\"wp-block-paragraph\">La setmana passada es va convocar als agents de policia local a una sessi\u00f3 informativa per a explicar-los el programa de productivitat i donar l&#8217;opci\u00f3 a tota la plantilla de participar en aquest. A la citada sessi\u00f3, van assistir 2 agents i un representant sindical. Tamb\u00e9 en aquesta reuni\u00f3 &#8220;es va abordar la proposta de pujada de l&#8217;hora extra de 22,27 euros a 28,06 (sense fer cap altra modificaci\u00f3 de l&#8217;acord actual, per la qual cosa no es baixar\u00e0 l&#8217;hora extra de 22 a 21euros com s&#8217;ha intentat fer creure per part d&#8217;algunes persones a la resta de la plantilla de policia)&#8221; expliquen des del consistori. Davant aquestes propostes de millora, l&#8217;actitud dels representants sindicals de la pr\u00f2pia policia &#8220;ha sigut sempre negativa, oposant-se a negociar qualsevol proposta feta per l&#8217;actual equip de govern que no s&#8217;ajuste a les seues exig\u00e8ncies&#8221; afirmen les fonts.<\/p>\n\n\n\n<p class=\"wp-block-paragraph\">A m\u00e9s, l&#8217;Ajuntament informa que, ja ha finalitzat el proc\u00e9s selectiu de nous policies contractant 4 nous agents (i un m\u00e9s en breu), que se sumaran als seleccionats en el proc\u00e9s selectiu d&#8217;agents en comissi\u00f3 de serveis (s&#8217;han presentat 4 agents d&#8217;altres localitats per a vindre a Requena), als 3 que han tornat de realitzar el seu curs de formaci\u00f3 obligatori, a una altra agent que torna d&#8217;un per\u00edode de baixa i a 2 agents interins m\u00e9s en uns dies. Aquest proc\u00e9s es va iniciar l&#8217;any passat i conclou ara despr\u00e9s de complir tots els requisits que marca la llei.<\/p>\n\n\n\n<p class=\"wp-block-paragraph\">Cal assenyalar que la seguretat en festes no se cenyeix a actuacions que impliquen situacions de viol\u00e8ncia, sin\u00f3 principalment a la regulaci\u00f3 del tr\u00e0nsit, seguretat vi\u00e0ria i policia administrativa, ja que Requena \u00e9s estad\u00edsticament un dels municipis m\u00e9s segurs de la Comunitat Valenciana.<\/p>\n\n\n\n<p class=\"wp-block-paragraph\">L&#8217;Ajuntament confia en la professionalitat de la policia local i agraeix l&#8217;esfor\u00e7 dels quals veuran incrementat el seu volum de treball durant aquests dies, aix\u00ed com agraeix a la Gu\u00e0rdia Civil i a Protecci\u00f3 Civil el seu tremend esfor\u00e7 i professionalitat per a garantir el correcte desenvolupament de les festes i la seguretat del municipi. Informa, <strong>Luis Ib\u00e1\u00f1ez.<\/strong><\/p>\n\n\n\n<p class=\"wp-block-paragraph\"><\/p>\n","protected":false},"excerpt":{"rendered":"<div class=\"mh-excerpt\">L&#8217;Ajuntament de Requena ha organitzat enguany les festes amb gran inter\u00e9s perqu\u00e8 tot transc\u00f3rrega amb la deguda normalitat i seguretat ciutadana. \u00c9s per aix\u00f2 que, des de fa uns mesos, va buscar la manera de <a class=\"mh-excerpt-more\" href=\"https:\/\/tucomarca.whitekongsoftware.com\/ca\/requena-garanteix-la-seguretat-durant-les-festes-amb-la-collaboracio-de-la-policia-local\/\" title=\"Requena garanteix la seguretat durant les festes amb la col\u00b7laboraci\u00f3 de la policia local\">[+] <\/a><\/div>\n","protected":false},"author":12,"featured_media":157222,"comment_status":"open","ping_status":"open","sticky":false,"template":"","format":"standard","meta":{"footnotes":""},"categories":[11019,10948,10894,11007,10947,10908,10909,10896],"tags":[17642,12356,11099,10910],"class_list":["post-164533","post","type-post","status-publish","format-standard","has-post-thumbnail","category-agenda-ca","category-infraestructuras-ca","category-la-comarca-ca","category-ocio-y-cultura-ca","category-politica","category-requena-ca","category-requena-utiel-ca","category-seccion-ca","tag-fiestas-de-la-vendimia-2022-ca","tag-policia-local-ca","tag-requena-ca","tag-requena-utiel-ca"],"_links":{"self":[{"href":"https:\/\/tucomarca.whitekongsoftware.com\/ca\/wp-json\/wp\/v2\/posts\/164533","targetHints":{"allow":["GET"]}}],"collection":[{"href":"https:\/\/tucomarca.whitekongsoftware.com\/ca\/wp-json\/wp\/v2\/posts"}],"about":[{"href":"https:\/\/tucomarca.whitekongsoftware.com\/ca\/wp-json\/wp\/v2\/types\/post"}],"author":[{"embeddable":true,"href":"https:\/\/tucomarca.whitekongsoftware.com\/ca\/wp-json\/wp\/v2\/users\/12"}],"replies":[{"embeddable":true,"href":"https:\/\/tucomarca.whitekongsoftware.com\/ca\/wp-json\/wp\/v2\/comments?post=164533"}],"version-history":[{"count":0,"href":"https:\/\/tucomarca.whitekongsoftware.com\/ca\/wp-json\/wp\/v2\/posts\/164533\/revisions"}],"wp:featuredmedia":[{"embeddable":true,"href":"https:\/\/tucomarca.whitekongsoftware.com\/ca\/wp-json\/wp\/v2\/media\/157222"}],"wp:attachment":[{"href":"https:\/\/tucomarca.whitekongsoftware.com\/ca\/wp-json\/wp\/v2\/media?parent=164533"}],"wp:term":[{"taxonomy":"category","embeddable":true,"href":"https:\/\/tucomarca.whitekongsoftware.com\/ca\/wp-json\/wp\/v2\/categories?post=164533"},{"taxonomy":"post_tag","embeddable":true,"href":"https:\/\/tucomarca.whitekongsoftware.com\/ca\/wp-json\/wp\/v2\/tags?post=164533"}],"curies":[{"name":"wp","href":"https:\/\/api.w.org\/{rel}","templated":true}]}}