{"id":164527,"date":"2022-08-16T09:00:00","date_gmt":"2022-08-16T07:00:00","guid":{"rendered":"http:\/\/www.tucomarca.com\/wordpress\/segunda\/?p=164527"},"modified":"2022-08-16T13:55:35","modified_gmt":"2022-08-16T11:55:35","slug":"la-guardia-civil-rescata-el-cos-sense-vida-dun-home-en-un-assut-de-xulilla","status":"publish","type":"post","link":"https:\/\/tucomarca.whitekongsoftware.com\/ca\/la-guardia-civil-rescata-el-cos-sense-vida-dun-home-en-un-assut-de-xulilla\/","title":{"rendered":"La Gu\u00e0rdia Civil rescata el cos, sense vida, d&#8217;un home en un assut de Xulilla"},"content":{"rendered":"\n<h4 class=\"wp-block-heading\">El cos es trobava semisumergido en un antic assut \u00e0rab molt tur\u00edstic i de dif\u00edcil acc\u00e9s<\/h4>\n\n\n\n<h4 class=\"wp-block-heading\">El GEAS va aconseguir recuperar el cos i traslladar-lo a la localitat de Xulilla<\/h4>\n\n\n\n<p class=\"wp-block-paragraph\">La Gu\u00e0rdia Civil de Val\u00e8ncia ha rescatat el cad\u00e0ver d&#8217;un home que estava semisumergido en un assut del terme municipal de Xulilla.<\/p>\n\n\n\n<p class=\"wp-block-paragraph\">A les 14.30 hores del dia d&#8217;ahir, el Centre Operatiu de Serveis de la Comand\u00e0ncia de la Gu\u00e0rdia Civil de Val\u00e8ncia, va rebre una trucada del 112 informant de la troballa d&#8217;un cad\u00e0ver en el paratge conegut com \u201cLa Tolla Blava\u201d.&nbsp;<strong>El cos es trobava semisumergido en un antic assut \u00e0rab molt tur\u00edstic i de dif\u00edcil acc\u00e9s.<\/strong><\/p>\n\n\n\n<p class=\"wp-block-paragraph\">Sobre les 15.00 hores van arribar al lloc dels fets una patrulla de la Gu\u00e0rdia Civil de Casinos, Protecci\u00f3 Civil de Xulilla, personal de bombers de Xelva i Paterna, aix\u00ed com tamb\u00e9 un helic\u00f2pter amb personal sanitari. Despr\u00e9s de quasi dues hores de treball, van aconseguir accedir a la zona on es trobava el cos i verificar que l&#8217;home havia mort.<\/p>\n\n\n\n<p class=\"wp-block-paragraph\">A causa de la impossibilitat de recuperar el cad\u00e0ver, el Centre Operatiu de Serveis va donar av\u00eds al Grup Especial d&#8217;Activitats Subaqu\u00e0tiques de la Gu\u00e0rdia Civil (GEAS).&nbsp;<\/p>\n\n\n\n<p class=\"wp-block-paragraph\">A les 18.00 hores es persona en la zona el GEAS, l&#8217;Equip de Policia Judicial de la Gu\u00e0rdia Civil i la comitiva judicial que va certificar oficialment la mort de la persona.&nbsp; &nbsp;<\/p>\n\n\n\n<p class=\"wp-block-paragraph\">A continuaci\u00f3,&nbsp;<strong>el GEAS va aconseguir recuperar el cos i traslladar-lo a la localitat de Xulilla.<\/strong>&nbsp;Una vegada en el municipi, la comitiva judicial es va fer c\u00e0rrec del seu transport fins a l&#8217;Institut de Medicina Legal de Val\u00e8ncia.<\/p>\n\n\n\n<p class=\"wp-block-paragraph\">El mort era un home de 35 anys i de nacionalitat romanesa. Al principi, s&#8217;ha determinat que l&#8217;home s&#8217;ha despe\u00f1ado, accidentalment, per un cam\u00ed superior situat a uns 80 metres d&#8217;altura des d&#8217;on va ser trobat. Actualment, els fets es troben en fase d&#8217;investigaci\u00f3 per part de la Gu\u00e0rdia Civil de Val\u00e8ncia.<\/p>\n\n\n\n<p class=\"wp-block-paragraph\">Les dilig\u00e8ncies han sigut entregades en el Jutjat de Primera Inst\u00e0ncia i Instrucci\u00f3 N\u00famero 2 de Lliria.&nbsp;<\/p>\n\n\n\n<p class=\"wp-block-paragraph\"><\/p>\n","protected":false},"excerpt":{"rendered":"<div class=\"mh-excerpt\">El cos es trobava semisumergido en un antic assut \u00e0rab molt tur\u00edstic i de dif\u00edcil acc\u00e9s El GEAS va aconseguir recuperar el cos i traslladar-lo a la localitat de Xulilla La Gu\u00e0rdia Civil de Val\u00e8ncia <a class=\"mh-excerpt-more\" href=\"https:\/\/tucomarca.whitekongsoftware.com\/ca\/la-guardia-civil-rescata-el-cos-sense-vida-dun-home-en-un-assut-de-xulilla\/\" title=\"La Gu\u00e0rdia Civil rescata el cos, sense vida, d&#8217;un home en un assut de Xulilla\">[+] <\/a><\/div>\n","protected":false},"author":12,"featured_media":164525,"comment_status":"open","ping_status":"open","sticky":false,"template":"","format":"standard","meta":{"footnotes":""},"categories":[10892,11036,11046,10898,10894,10928,10896,10897],"tags":[11084,11118,11080],"class_list":["post-164527","post","type-post","status-publish","format-standard","has-post-thumbnail","category-camp-de-turia-ca","category-chulilla-ca","category-los-serranos-ca","category-ventana-ca","category-la-comarca-ca","category-lliria-ca","category-seccion-ca","category-sucesos-la-comarca-ca","tag-chulilla-ca","tag-guardia-civil-ca","tag-los-serranos-ca"],"_links":{"self":[{"href":"https:\/\/tucomarca.whitekongsoftware.com\/ca\/wp-json\/wp\/v2\/posts\/164527","targetHints":{"allow":["GET"]}}],"collection":[{"href":"https:\/\/tucomarca.whitekongsoftware.com\/ca\/wp-json\/wp\/v2\/posts"}],"about":[{"href":"https:\/\/tucomarca.whitekongsoftware.com\/ca\/wp-json\/wp\/v2\/types\/post"}],"author":[{"embeddable":true,"href":"https:\/\/tucomarca.whitekongsoftware.com\/ca\/wp-json\/wp\/v2\/users\/12"}],"replies":[{"embeddable":true,"href":"https:\/\/tucomarca.whitekongsoftware.com\/ca\/wp-json\/wp\/v2\/comments?post=164527"}],"version-history":[{"count":0,"href":"https:\/\/tucomarca.whitekongsoftware.com\/ca\/wp-json\/wp\/v2\/posts\/164527\/revisions"}],"wp:featuredmedia":[{"embeddable":true,"href":"https:\/\/tucomarca.whitekongsoftware.com\/ca\/wp-json\/wp\/v2\/media\/164525"}],"wp:attachment":[{"href":"https:\/\/tucomarca.whitekongsoftware.com\/ca\/wp-json\/wp\/v2\/media?parent=164527"}],"wp:term":[{"taxonomy":"category","embeddable":true,"href":"https:\/\/tucomarca.whitekongsoftware.com\/ca\/wp-json\/wp\/v2\/categories?post=164527"},{"taxonomy":"post_tag","embeddable":true,"href":"https:\/\/tucomarca.whitekongsoftware.com\/ca\/wp-json\/wp\/v2\/tags?post=164527"}],"curies":[{"name":"wp","href":"https:\/\/api.w.org\/{rel}","templated":true}]}}