{"id":164496,"date":"2022-08-15T14:00:00","date_gmt":"2022-08-15T12:00:00","guid":{"rendered":"http:\/\/www.tucomarca.com\/wordpress\/segunda\/?p=164496"},"modified":"2022-08-15T22:45:00","modified_gmt":"2022-08-15T20:45:00","slug":"asaja-estima-que-les-perdues-patides-per-la-sequera-poden-aconseguir-els-8-000-milions-deuros-i-posen-al-sector-agrari-espanyol-davant-una-situacio-critica","status":"publish","type":"post","link":"https:\/\/tucomarca.whitekongsoftware.com\/ca\/asaja-estima-que-les-perdues-patides-per-la-sequera-poden-aconseguir-els-8-000-milions-deuros-i-posen-al-sector-agrari-espanyol-davant-una-situacio-critica\/","title":{"rendered":"ASAJA estima que les p\u00e8rdues patides per la sequera poden aconseguir els 8.000 milions d&#8217;euros i posen al sector agrari espanyol davant una situaci\u00f3 cr\u00edtica"},"content":{"rendered":"\n<p class=\"wp-block-paragraph\">La sequera que estem patint est\u00e0 tenint grav\u00edssimes repercussions en el sector agropecuari espanyol, amb unes p\u00e8rdues i danys que ASAJA estima que podran superar f\u00e0cilment els 8.000 milions d&#8217;Euros, en veure&#8217;s minvades les principals produccions agr\u00edcoles:<\/p>\n\n\n\n<p class=\"wp-block-paragraph\">-Un 30% de reducci\u00f3 de collita en cultius d&#8217;hivern.<\/p>\n\n\n\n<p class=\"wp-block-paragraph\">-Entre un 40 i 50% de reducci\u00f3, tant en superf\u00edcies com en producci\u00f3, en dacsa.<\/p>\n\n\n\n<p class=\"wp-block-paragraph\">-Baixos rendiments en gira-sol, que han neutralitzat l&#8217;increment de superf\u00edcies.<\/p>\n\n\n\n<p class=\"wp-block-paragraph\">-Prop de la meitat de la producci\u00f3 estimada en olivar, tant per a taula com per a alm\u00e0ssera.<\/p>\n\n\n\n<p class=\"wp-block-paragraph\">-Avan\u00e7aments importants en la verema i reducci\u00f3 prevista de la collita entre un 25 i un 30%.<\/p>\n\n\n\n<p class=\"wp-block-paragraph\">-Caiguda de la producci\u00f3 en ametlers, amb un 80% de p\u00e8rdues estimades.<\/p>\n\n\n\n<p class=\"wp-block-paragraph\">A aquestes dades descoratjadores de campanya i de previsions a curt termini cal afegir les possibles restriccions que puguen patir els quasi quatre milions d&#8217;hect\u00e0rees que tenim de regadiu a Espanya i suposen una part fonamental en la producci\u00f3 agr\u00edcola, i que paradoxalment ha de funcionar sense un Pla Nacional de Regadius ni les inversions hidr\u00e0uliques necess\u00e0ries en tot el territori nacional. \u201cSi fa anys es parlava d&#8217;una Espanya humida i una Espanya seca, desgraciadament hui nom\u00e9s podem parlar d&#8217;una Espanya seca\u201d, ha lamentat el president de ASAJA, Pedro Barato.<\/p>\n\n\n\n<p class=\"wp-block-paragraph\">Especial esment mereixen els sectors ramaders, on la falta de pastures naturals i l&#8217;increment desorbitat dels costos d&#8217;alimentaci\u00f3 del bestiar han provocat situacions dram\u00e0tiques, com el tancament d&#8217;explotacions o l&#8217;obligat sacrifici de caps de bestiar davant la impossibilitat d&#8217;assumir aquests costos ni poder repercutir-los en les seg\u00fcents baules de la cadena.<\/p>\n\n\n\n<p class=\"wp-block-paragraph\">M\u00e9s enll\u00e0 dels missatges triomfalistes del Govern,&#8221; la realitat del sector \u00e9s que s&#8217;enfronta a una crisi de grav\u00edssim calat, que podria fins i tot afectar el propi subministrament alimentari, que gr\u00e0cies al sector productor juntament amb la resta dels operadors agroalimentaris, han sigut capa\u00e7os d&#8217;afrontar situacions tan greus com la pand\u00e8mia, el confinament del conjunt de la societat o la falta de mat\u00e8ries primeres&#8221; adverteixen les fonts.&nbsp;<\/p>\n\n\n\n<p class=\"wp-block-paragraph\">El Govern &#8220;ha de posar-se al capdavant de la gesti\u00f3 de la crisi, com han fet altres governs europeus, i presentar mesures urgents i eficaces, primer per a pal\u00b7liar aquesta crisi, i a m\u00e9s per a oferir solucions duradores a l&#8217;agricultura espanyola, que pateix problemes estructurals, com \u00e9s l&#8217;acc\u00e9s a l&#8217;aigua per a donar estabilitat a les nostres produccions, uns costos energ\u00e8tics i dels inputs, acc\u00e9s al finan\u00e7ament i equilibri en la cadena de subministraments a l&#8217;hora de marcar preus i condicions&#8221; afirmen des de ASAJA. Informa, Luis Ib\u00e1\u00f1ez.<\/p>\n","protected":false},"excerpt":{"rendered":"<div class=\"mh-excerpt\">La sequera que estem patint est\u00e0 tenint grav\u00edssimes repercussions en el sector agropecuari espanyol, amb unes p\u00e8rdues i danys que ASAJA estima que podran superar f\u00e0cilment els 8.000 milions d&#8217;Euros, en veure&#8217;s minvades les principals <a class=\"mh-excerpt-more\" href=\"https:\/\/tucomarca.whitekongsoftware.com\/ca\/asaja-estima-que-les-perdues-patides-per-la-sequera-poden-aconseguir-els-8-000-milions-deuros-i-posen-al-sector-agrari-espanyol-davant-una-situacio-critica\/\" title=\"ASAJA estima que les p\u00e8rdues patides per la sequera poden aconseguir els 8.000 milions d&#8217;euros i posen al sector agrari espanyol davant una situaci\u00f3 cr\u00edtica\">[+] <\/a><\/div>\n","protected":false},"author":13,"featured_media":164494,"comment_status":"open","ping_status":"open","sticky":false,"template":"","format":"standard","meta":{"footnotes":""},"categories":[10890,10905,10898,10948,10894,10904,10912,10903,10947,10896,10897],"tags":[11309,11199],"class_list":["post-164496","post","type-post","status-publish","format-standard","has-post-thumbnail","category-ademus","category-agricultura-la-comarca-ca","category-ventana-ca","category-infraestructuras-ca","category-la-comarca-ca","category-sin-categorizar-ca","category-la-hoya-ca","category-medio-ambiente-la-comarca-ca","category-politica","category-seccion-ca","category-sucesos-la-comarca-ca","tag-agricultura-ca","tag-la-comunitat-ca"],"_links":{"self":[{"href":"https:\/\/tucomarca.whitekongsoftware.com\/ca\/wp-json\/wp\/v2\/posts\/164496","targetHints":{"allow":["GET"]}}],"collection":[{"href":"https:\/\/tucomarca.whitekongsoftware.com\/ca\/wp-json\/wp\/v2\/posts"}],"about":[{"href":"https:\/\/tucomarca.whitekongsoftware.com\/ca\/wp-json\/wp\/v2\/types\/post"}],"author":[{"embeddable":true,"href":"https:\/\/tucomarca.whitekongsoftware.com\/ca\/wp-json\/wp\/v2\/users\/13"}],"replies":[{"embeddable":true,"href":"https:\/\/tucomarca.whitekongsoftware.com\/ca\/wp-json\/wp\/v2\/comments?post=164496"}],"version-history":[{"count":0,"href":"https:\/\/tucomarca.whitekongsoftware.com\/ca\/wp-json\/wp\/v2\/posts\/164496\/revisions"}],"wp:featuredmedia":[{"embeddable":true,"href":"https:\/\/tucomarca.whitekongsoftware.com\/ca\/wp-json\/wp\/v2\/media\/164494"}],"wp:attachment":[{"href":"https:\/\/tucomarca.whitekongsoftware.com\/ca\/wp-json\/wp\/v2\/media?parent=164496"}],"wp:term":[{"taxonomy":"category","embeddable":true,"href":"https:\/\/tucomarca.whitekongsoftware.com\/ca\/wp-json\/wp\/v2\/categories?post=164496"},{"taxonomy":"post_tag","embeddable":true,"href":"https:\/\/tucomarca.whitekongsoftware.com\/ca\/wp-json\/wp\/v2\/tags?post=164496"}],"curies":[{"name":"wp","href":"https:\/\/api.w.org\/{rel}","templated":true}]}}