{"id":164103,"date":"2022-08-09T22:50:18","date_gmt":"2022-08-09T20:50:18","guid":{"rendered":"http:\/\/www.tucomarca.com\/wordpress\/segunda\/?p=164103"},"modified":"2022-08-09T22:53:54","modified_gmt":"2022-08-09T20:53:54","slug":"sanidad-notifica-17-fallecimientos-y-2-664-nuevos-casos-de-coronavirus-en-la-comunitat-valenciana-1-400-de-ellos-en-mayores-de-60-anos","status":"publish","type":"post","link":"https:\/\/tucomarca.whitekongsoftware.com\/ca\/sanidad-notifica-17-fallecimientos-y-2-664-nuevos-casos-de-coronavirus-en-la-comunitat-valenciana-1-400-de-ellos-en-mayores-de-60-anos\/","title":{"rendered":"Sanitat notifica 17 defuncions i 2.664 nous casos de coronavirus en la Comunitat Valenciana, 1.400 d&#8217;ells en majors de 60 anys"},"content":{"rendered":"\n<p class=\"wp-block-paragraph\"><strong>Els hospitals valencians tenen 861 persones ingressades amb COVID-19, 54 d&#8217;elles en l&#8217;UCI<\/strong><\/p>\n\n\n\n<p class=\"wp-block-paragraph\">La Conselleria de Sanitat Universal i Salut P\u00fablica ha notificat un total de 2.664 nous casos de coronavirus confirmats per prova PCR o a trav\u00e9s de test d&#8217;ant\u00edgens des de l&#8217;\u00faltima actualitzaci\u00f3. Els nous casos per prov\u00edncies s\u00f3n 307 a Castell\u00f3 (188.569 en total), 1.236 a Alacant (522.302 en total), 1.119 a Val\u00e8ncia (823.839 en total) i 2 sense assignar.<\/p>\n\n\n\n<p class=\"wp-block-paragraph\">De ellos, 1.400 son de personas mayores de 60 a\u00f1os. Por provincias: 186 de Castell\u00f3n, 636 de Alicante, 576 de Valencia y 2 sin asignar.<\/p>\n\n\n\n<p class=\"wp-block-paragraph\">Los hospitales valencianos tienen actualmente a 861 personas ingresadas con COVID-19, 54 de ellas en la UCI: 135 en la provincia de Castell\u00f3n, 3 en UCI; 287 en la provincia de Alicante, 18 de ellas en la UCI, y 439 en la provincia de Valencia, 33 en UCI.<\/p>\n\n\n\n<p class=\"wp-block-paragraph\">Se han notificado 17 fallecimientos por coronavirus desde la \u00faltima actualizaci\u00f3n, todos con fecha de defunci\u00f3n en los \u00faltimos 7 d\u00edas excepto uno de julio. Se trata de 8 mujeres, de entre 46 y 91 a\u00f1os, y 9 hombres, de entre 63 y 99 a\u00f1os. El total de decesos desde el inicio de la pandemia asciende a 9.863: 1.164 en la provincia de Castell\u00f3n, 3.763 en la de Alicante y 4.936 en la de Valencia.<\/p>\n","protected":false},"excerpt":{"rendered":"<div class=\"mh-excerpt\">Els hospitals valencians tenen 861 persones ingressades amb COVID-19, 54 d&#8217;elles en l&#8217;UCI La Conselleria de Sanitat Universal i Salut P\u00fablica ha notificat un total de 2.664 nous casos de coronavirus confirmats per prova PCR <a class=\"mh-excerpt-more\" href=\"https:\/\/tucomarca.whitekongsoftware.com\/ca\/sanidad-notifica-17-fallecimientos-y-2-664-nuevos-casos-de-coronavirus-en-la-comunitat-valenciana-1-400-de-ellos-en-mayores-de-60-anos\/\" title=\"Sanitat notifica 17 defuncions i 2.664 nous casos de coronavirus en la Comunitat Valenciana, 1.400 d&#8217;ells en majors de 60 anys\">[+] <\/a><\/div>\n","protected":false},"author":13,"featured_media":153022,"comment_status":"open","ping_status":"open","sticky":false,"template":"","format":"standard","meta":{"footnotes":""},"categories":[11010,12202,10898,10948,10894,10904,10903,10947,10896,10897],"tags":[11939,11940,15458,11199,11207,17474],"class_list":["post-164103","post","type-post","status-publish","format-standard","has-post-thumbnail","category-canal-salud","category-covid-19-ca","category-ventana-ca","category-infraestructuras-ca","category-la-comarca-ca","category-sin-categorizar-ca","category-medio-ambiente-la-comarca-ca","category-politica","category-seccion-ca","category-sucesos-la-comarca-ca","tag-coronavirus-ca","tag-covid-19-ca","tag-covid-19-coronavirus-ca","tag-la-comunitat-ca","tag-salud-ca","tag-septima-ola-ca"],"_links":{"self":[{"href":"https:\/\/tucomarca.whitekongsoftware.com\/ca\/wp-json\/wp\/v2\/posts\/164103","targetHints":{"allow":["GET"]}}],"collection":[{"href":"https:\/\/tucomarca.whitekongsoftware.com\/ca\/wp-json\/wp\/v2\/posts"}],"about":[{"href":"https:\/\/tucomarca.whitekongsoftware.com\/ca\/wp-json\/wp\/v2\/types\/post"}],"author":[{"embeddable":true,"href":"https:\/\/tucomarca.whitekongsoftware.com\/ca\/wp-json\/wp\/v2\/users\/13"}],"replies":[{"embeddable":true,"href":"https:\/\/tucomarca.whitekongsoftware.com\/ca\/wp-json\/wp\/v2\/comments?post=164103"}],"version-history":[{"count":0,"href":"https:\/\/tucomarca.whitekongsoftware.com\/ca\/wp-json\/wp\/v2\/posts\/164103\/revisions"}],"wp:featuredmedia":[{"embeddable":true,"href":"https:\/\/tucomarca.whitekongsoftware.com\/ca\/wp-json\/wp\/v2\/media\/153022"}],"wp:attachment":[{"href":"https:\/\/tucomarca.whitekongsoftware.com\/ca\/wp-json\/wp\/v2\/media?parent=164103"}],"wp:term":[{"taxonomy":"category","embeddable":true,"href":"https:\/\/tucomarca.whitekongsoftware.com\/ca\/wp-json\/wp\/v2\/categories?post=164103"},{"taxonomy":"post_tag","embeddable":true,"href":"https:\/\/tucomarca.whitekongsoftware.com\/ca\/wp-json\/wp\/v2\/tags?post=164103"}],"curies":[{"name":"wp","href":"https:\/\/api.w.org\/{rel}","templated":true}]}}