{"id":164004,"date":"2022-08-08T09:00:00","date_gmt":"2022-08-08T07:00:00","guid":{"rendered":"http:\/\/www.tucomarca.com\/wordpress\/segunda\/?p=164004"},"modified":"2022-08-08T15:11:11","modified_gmt":"2022-08-08T13:11:11","slug":"benaguasil-presenta-al-consell-de-la-generalitat-valenciana-13-propostes-dinversio-per-al-municipi","status":"publish","type":"post","link":"https:\/\/tucomarca.whitekongsoftware.com\/ca\/benaguasil-presenta-al-consell-de-la-generalitat-valenciana-13-propostes-dinversio-per-al-municipi\/","title":{"rendered":"Benaguasil presenta al Consell de la Generalitat Valenciana 13 propostes d&#8217;inversi\u00f3 per al municipi"},"content":{"rendered":"\n<p class=\"wp-block-paragraph\"><strong>El document rem\u00e9s a la Direcci\u00f3 Territorial de Presid\u00e8ncia recull inversions necess\u00e0ries en mat\u00e8ria de sostenibilitat, infraestructures, aigua, educaci\u00f3, sanitat, mobilitat i benestar social<\/strong><\/p>\n\n\n\n<p class=\"wp-block-paragraph\">L&#8217;Ajuntament de Benaguasil ha rem\u00e9s en el dia de hui un document amb 13 propostes d&#8217;inversions despr\u00e9s de la petici\u00f3 de la Generalitat Valenciana de con\u00e9ixer les necessitats de cada Govern Municipal.<\/p>\n\n\n\n<p class=\"wp-block-paragraph\">Entre les propostes plantejades es contempla la finalitzaci\u00f3 de la CV-50, l&#8217;execuci\u00f3 d&#8217;obres pluvials per a evitar la inundabilitat en la zona baixa del municipi, l&#8217;ampliaci\u00f3 dels col\u00b7lectors des de Benaguasil fins a la depuradora situada en el municipi de la Pobla de Vallbona, la posada en marxa del transport comarcal amb servei d&#8217;autobusos que connecte Benaguasil amb l&#8217;Hospital de Ll\u00edria i amb Val\u00e8ncia o la reducci\u00f3 de freq\u00fc\u00e8ncia de pas en la L\u00ednia 2 d&#8217;FGV entre Val\u00e8ncia i Ll\u00edria.<\/p>\n\n\n\n<p class=\"wp-block-paragraph\">Se sol\u00b7licita tamb\u00e9 al Consell de la Generalitat Valenciana la implantaci\u00f3 del servei de pediatria i obstetr\u00edcia a l&#8217;Hospital de Ll\u00edria i obres de condicionament del Centre de Salut de Benaguasil per a albergar el servei de rehabilitaci\u00f3 que actualment es troba en el futur Centre de Dia.<\/p>\n\n\n\n<p class=\"wp-block-paragraph\">En mat\u00e8ria d&#8217;inversions sostenibles, se sol\u00b7licita a la Generalitat Valenciana que dins del seu \u00e0mbit competencial es duguen a terme inversions en la superf\u00edcie del Parc Natural del T\u00faria, en camins rurals del citat parc, aix\u00ed com la creaci\u00f3 d&#8217;una zona d&#8217;esplai i aula ambiental en l&#8217;\u00e0rea recreativa de la Fenosa, una zona de gran potencial la gesti\u00f3 del qual recau en la Conselleria de Medi Ambient.<\/p>\n\n\n\n<p class=\"wp-block-paragraph\">El document rem\u00e9s a la Direcci\u00f3 Territorial del Consell tamb\u00e9 recull inversions per al condicionament i rehabilitaci\u00f3 de la Antiga Estaci\u00f3 de Dalt, l&#8217;ampliaci\u00f3 del Centre Esportiu Hidrotermal, aix\u00ed com la posada en marxa d&#8217;un aulari de l&#8217;Escola Oficial d&#8217;Idiomes a Benaguasil.<\/p>\n\n\n\n<p class=\"wp-block-paragraph\">Per a l&#8217;alcalde Ximo Segarra, \u201cles q\u00fcestions que com a Govern Municipal plantegem a la Generalitat Valenciana s\u00f3n propostes que venim reclamant des de fa diversos anys tant en les reunions amb diferents representants auton\u00f2mics com en Les Corts Valencianes i esperem que algunes d&#8217;elles puguen fer-se realitat. Per als ajuntaments, \u00e9s fonamental que l&#8217;administraci\u00f3 auton\u00f2mica amb compet\u00e8ncies en la mat\u00e8ria i amb un pressupost anual de m\u00e9s de 27.000 milions d&#8217;euros realitze tots els esfor\u00e7os possibles per a atendre les necessitats de cada localitat amb un objectiu clar, continuar avan\u00e7ant. A Benaguasil hi ha q\u00fcestions claus a les quals no renunciarem com per exemple la finalitzaci\u00f3 de la CV-50, el transport comarcal o la posada en marxa del servei d&#8217;obstetr\u00edcia i pediatria a l&#8217;Hospital de Ll\u00edria\u201d.<\/p>\n\n\n\n<p class=\"wp-block-paragraph\">Des de l&#8217;Ajuntament de Benaguasil tamb\u00e9 s&#8217;apunta a la possibilitat de dur a terme algunes d&#8217;aquestes inversions a trav\u00e9s dels Fons Next Generation de la UE.<\/p>\n","protected":false},"excerpt":{"rendered":"<div class=\"mh-excerpt\">El document rem\u00e9s a la Direcci\u00f3 Territorial de Presid\u00e8ncia recull inversions necess\u00e0ries en mat\u00e8ria de sostenibilitat, infraestructures, aigua, educaci\u00f3, sanitat, mobilitat i benestar social L&#8217;Ajuntament de Benaguasil ha rem\u00e9s en el dia de hui un <a class=\"mh-excerpt-more\" href=\"https:\/\/tucomarca.whitekongsoftware.com\/ca\/benaguasil-presenta-al-consell-de-la-generalitat-valenciana-13-propostes-dinversio-per-al-municipi\/\" title=\"Benaguasil presenta al Consell de la Generalitat Valenciana 13 propostes d&#8217;inversi\u00f3 per al municipi\">[+] <\/a><\/div>\n","protected":false},"author":13,"featured_media":164002,"comment_status":"open","ping_status":"open","sticky":false,"template":"","format":"standard","meta":{"footnotes":""},"categories":[10952,10892,10948,10894,10947,10896],"tags":[11136,10899,12903],"class_list":["post-164004","post","type-post","status-publish","format-standard","has-post-thumbnail","category-benaguasil-ca","category-camp-de-turia-ca","category-infraestructuras-ca","category-la-comarca-ca","category-politica","category-seccion-ca","tag-benaguasil-ca","tag-camp-de-turia-ca","tag-infraestructuras-ca"],"_links":{"self":[{"href":"https:\/\/tucomarca.whitekongsoftware.com\/ca\/wp-json\/wp\/v2\/posts\/164004","targetHints":{"allow":["GET"]}}],"collection":[{"href":"https:\/\/tucomarca.whitekongsoftware.com\/ca\/wp-json\/wp\/v2\/posts"}],"about":[{"href":"https:\/\/tucomarca.whitekongsoftware.com\/ca\/wp-json\/wp\/v2\/types\/post"}],"author":[{"embeddable":true,"href":"https:\/\/tucomarca.whitekongsoftware.com\/ca\/wp-json\/wp\/v2\/users\/13"}],"replies":[{"embeddable":true,"href":"https:\/\/tucomarca.whitekongsoftware.com\/ca\/wp-json\/wp\/v2\/comments?post=164004"}],"version-history":[{"count":0,"href":"https:\/\/tucomarca.whitekongsoftware.com\/ca\/wp-json\/wp\/v2\/posts\/164004\/revisions"}],"wp:featuredmedia":[{"embeddable":true,"href":"https:\/\/tucomarca.whitekongsoftware.com\/ca\/wp-json\/wp\/v2\/media\/164002"}],"wp:attachment":[{"href":"https:\/\/tucomarca.whitekongsoftware.com\/ca\/wp-json\/wp\/v2\/media?parent=164004"}],"wp:term":[{"taxonomy":"category","embeddable":true,"href":"https:\/\/tucomarca.whitekongsoftware.com\/ca\/wp-json\/wp\/v2\/categories?post=164004"},{"taxonomy":"post_tag","embeddable":true,"href":"https:\/\/tucomarca.whitekongsoftware.com\/ca\/wp-json\/wp\/v2\/tags?post=164004"}],"curies":[{"name":"wp","href":"https:\/\/api.w.org\/{rel}","templated":true}]}}