{"id":163822,"date":"2022-08-06T09:05:00","date_gmt":"2022-08-06T07:05:00","guid":{"rendered":"http:\/\/www.tucomarca.com\/wordpress\/segunda\/?p=163822"},"modified":"2022-08-06T14:24:02","modified_gmt":"2022-08-06T12:24:02","slug":"lajuntament-de-riba-roja-de-turia-organitza-la-ruta-fest-amb-djs-iconics-de-lepoca","status":"publish","type":"post","link":"https:\/\/tucomarca.whitekongsoftware.com\/ca\/lajuntament-de-riba-roja-de-turia-organitza-la-ruta-fest-amb-djs-iconics-de-lepoca\/","title":{"rendered":"L&#8217;Ajuntament de Riba-roja de T\u00faria organitza \u2018La Ruta Fest\u2019 amb DJ\u2019s ic\u00f2nics de l&#8217;\u00e8poca"},"content":{"rendered":"\n<h4 class=\"wp-block-heading\">L&#8217;esdeveniment cultural es desenvolupa en un dels municipis m\u00e9s emblem\u00e0tics de la ruta<\/h4>\n\n\n\n<h4 class=\"wp-block-heading\">Ser\u00e0 hui dissabte, 6 d&#8217;agost, amb 12 hores de m\u00fasica ininterrompudes i sorpreses<\/h4>\n\n\n\n<p class=\"wp-block-paragraph\">L&#8217;Ajuntament de Riba-roja de T\u00faria organitza aquest dissabte 6 d&#8217;agost, \u2018La Ruta Fest\u2019 el festival de m\u00fasica remember que comptar\u00e0 amb sis dels dj\u2019s m\u00e9s ic\u00f2nics de l&#8217;\u00e8poca i amb 12 hores de m\u00fasica senar-stop en \u201cun ambient relaxat i divertit que pret\u00e9n recuperar la part m\u00e9s cultural i art\u00edstica de finals dels 80 i els 90\u201d ha explicat el seu alcalde Robert Raga.<\/p>\n\n\n\n<p class=\"wp-block-paragraph\">La m\u00fasica vindr\u00e0 de la m\u00e0 de Kike Ja\u00e9n &#8211; ex NOD-, Jes\u00fas Brisa -ex Expiral- Els Bessons \u2013ex Puzle, Vicente Mafia \u2013 ex Melody\/Spook Factory, Jos\u00e9 Luis El Nano \u2013ex Spook Factory \/El Torero, Tony El Gitano \u2013ex Xocolate-, Miguel El Div\u00ed \u2013ex Raya Blanca\/Actv.<\/p>\n\n\n\n<p class=\"wp-block-paragraph\">L&#8217;esdeveniment es dur\u00e0 a terme en el recinte de la Cebera, en el qual es preveu prop de 2.000 persones que podran gaudir de food-trucks, posada en escena de l&#8217;\u00e8poca i sorpreses \u201cque pretenen oferir una experi\u00e8ncia retro als quals acudisquen al festival\u201d, a m\u00e9s de facilitats per a arribar fins a la zona i gaudir de manera segura. \u201cLa Cebera compta amb l&#8217;estaci\u00f3 de metro a pocs metres d&#8217;ella, a m\u00e9s de dues zones d&#8217;aparcaments, i oferirem un servei de llan\u00e7adora gratu\u00eft per als ve\u00efns i ve\u00efnes que es desplace des de les urbanitzacions o altres zones del municipi\u201d, matisa l&#8217;alcalde.<\/p>\n\n\n\n<p class=\"wp-block-paragraph\">L&#8217;alcalde ha aprofitat per a explicar que la idea ha anat germinant en paral\u00b7lel a la nova s\u00e8rie que Atresmedia t\u00e9 previst llan\u00e7ar pr\u00f2ximament sobre La Ruta i els episodis de la qual han pres com a escenari \u2013 entre altres localitats- Riba-roja de T\u00faria i la famosa discoteca -ja tancada- \u2018NOD\u2019. \u2018La idea \u00e9s rememorar o viure per als m\u00e9s joves que no han conegut la ruta, la faceta m\u00e9s art\u00edstica d&#8217;aquell per\u00edode en el qual Val\u00e8ncia es va transformar en el punt d&#8217;arribada de la m\u00fasica m\u00e9s trencadora i avantguardista de tota Espanya\u201d, matisa l&#8217;alcalde.<\/p>\n\n\n\n<p class=\"wp-block-paragraph\">Raga ha recordat que el festival forma part d&#8217;una extensa programaci\u00f3 d&#8217;activitats culturals i d&#8217;oci que l&#8217;Ajuntament ha organitzat per als mesos de juliol, agost i setembre. Dins d&#8217;aqueixa oferta figura el Festival d\u00b4Arts al Carrer, ARTUR, que omplir\u00e0 d&#8217;animaci\u00f3 per a tots els p\u00fablics, les places i carrers del nostre municipi, actuacions musicals i cinema de barri, a l&#8217;agost, la festa de Fadrins, del 19 al 27 d&#8217;agost, els Moros i Cristians, 2 i 3 de setembre, les festes en honor al Sant\u00edssim Crist dels Afligits de l&#8217;1 al 14 de setembre o la popular Festa del Dux els dies 23, 24 i 25 de setembre.<\/p>\n\n\n\n<p class=\"wp-block-paragraph\"><\/p>\n","protected":false},"excerpt":{"rendered":"<div class=\"mh-excerpt\">L&#8217;esdeveniment cultural es desenvolupa en un dels municipis m\u00e9s emblem\u00e0tics de la ruta Ser\u00e0 hui dissabte, 6 d&#8217;agost, amb 12 hores de m\u00fasica ininterrompudes i sorpreses L&#8217;Ajuntament de Riba-roja de T\u00faria organitza aquest dissabte 6 <a class=\"mh-excerpt-more\" href=\"https:\/\/tucomarca.whitekongsoftware.com\/ca\/lajuntament-de-riba-roja-de-turia-organitza-la-ruta-fest-amb-djs-iconics-de-lepoca\/\" title=\"L&#8217;Ajuntament de Riba-roja de T\u00faria organitza \u2018La Ruta Fest\u2019 amb DJ\u2019s ic\u00f2nics de l&#8217;\u00e8poca\">[+] <\/a><\/div>\n","protected":false},"author":12,"featured_media":163821,"comment_status":"open","ping_status":"open","sticky":false,"template":"","format":"standard","meta":{"footnotes":""},"categories":[11019,10892,10894,11007,10906,10896],"tags":[10899,17622,15024],"class_list":["post-163822","post","type-post","status-publish","format-standard","has-post-thumbnail","category-agenda-ca","category-camp-de-turia-ca","category-la-comarca-ca","category-ocio-y-cultura-ca","category-riba-roja-ca","category-seccion-ca","tag-camp-de-turia-ca","tag-la-ruta-fest-ca","tag-riba-roja-de-turia-ca"],"_links":{"self":[{"href":"https:\/\/tucomarca.whitekongsoftware.com\/ca\/wp-json\/wp\/v2\/posts\/163822","targetHints":{"allow":["GET"]}}],"collection":[{"href":"https:\/\/tucomarca.whitekongsoftware.com\/ca\/wp-json\/wp\/v2\/posts"}],"about":[{"href":"https:\/\/tucomarca.whitekongsoftware.com\/ca\/wp-json\/wp\/v2\/types\/post"}],"author":[{"embeddable":true,"href":"https:\/\/tucomarca.whitekongsoftware.com\/ca\/wp-json\/wp\/v2\/users\/12"}],"replies":[{"embeddable":true,"href":"https:\/\/tucomarca.whitekongsoftware.com\/ca\/wp-json\/wp\/v2\/comments?post=163822"}],"version-history":[{"count":0,"href":"https:\/\/tucomarca.whitekongsoftware.com\/ca\/wp-json\/wp\/v2\/posts\/163822\/revisions"}],"wp:featuredmedia":[{"embeddable":true,"href":"https:\/\/tucomarca.whitekongsoftware.com\/ca\/wp-json\/wp\/v2\/media\/163821"}],"wp:attachment":[{"href":"https:\/\/tucomarca.whitekongsoftware.com\/ca\/wp-json\/wp\/v2\/media?parent=163822"}],"wp:term":[{"taxonomy":"category","embeddable":true,"href":"https:\/\/tucomarca.whitekongsoftware.com\/ca\/wp-json\/wp\/v2\/categories?post=163822"},{"taxonomy":"post_tag","embeddable":true,"href":"https:\/\/tucomarca.whitekongsoftware.com\/ca\/wp-json\/wp\/v2\/tags?post=163822"}],"curies":[{"name":"wp","href":"https:\/\/api.w.org\/{rel}","templated":true}]}}