{"id":163652,"date":"2022-08-04T17:30:00","date_gmt":"2022-08-04T15:30:00","guid":{"rendered":"http:\/\/www.tucomarca.com\/wordpress\/segunda\/?p=163652"},"modified":"2022-08-04T22:14:48","modified_gmt":"2022-08-04T20:14:48","slug":"la-unio-de-llauradors-estima-que-lincendi-de-venta-del-moro-va-afectar-unes-230-hectarees-de-cultiu-a-part-de-les-forestals","status":"publish","type":"post","link":"https:\/\/tucomarca.whitekongsoftware.com\/ca\/la-unio-de-llauradors-estima-que-lincendi-de-venta-del-moro-va-afectar-unes-230-hectarees-de-cultiu-a-part-de-les-forestals\/","title":{"rendered":"La Uni\u00f3 de Llauradors estima que l&#8217;incendi de Venta del Moro va afectar unes 230 hect\u00e0rees de cultiu a part de les forestals"},"content":{"rendered":"\n<p class=\"wp-block-paragraph\">La Uni\u00f3 de Llauradors quantifica, en una primera estimaci\u00f3 i despr\u00e9s de visitar per primera vegada la zona afectada per l&#8217;incendi de Venta del Moro, que existeixen al voltant de 230 hect\u00e0rees de cultiu danyades, sobretot de vinya, ametlers i olivar. El cereal s&#8217;ha deslliurat dels efectes del foc en estar ja collit quan es va produir.<\/p>\n\n\n\n<p class=\"wp-block-paragraph\">Aquest incendi es va originar el passat 3 de juliol i va arrasar al voltant de 1.200 hect\u00e0rees, la major part forestals. L&#8217;organitzaci\u00f3 agr\u00e0ria, davant aquests danys ocasionats, considera que existeixen una s\u00e8rie de q\u00fcestions que haurien de millorar-se per a aquest i posteriors incendis que de manera irremeiable es produiran i que afectaran principalment la muntanya, per\u00f2 tamb\u00e9 a cultius.<\/p>\n\n\n\n<p class=\"wp-block-paragraph\">En aquesta l\u00ednia, a m\u00e9s de les mesures existents, la Va unir proposa tant millorar algunes d&#8217;aquestes com altres noves per a minimitzar els efectes post-incendie i que sol\u00b7licita s&#8217;activen des de la Conselleria d&#8217;Agricultura, a la qual ha enviat un escrit dirigit a la consellera Mireia Moll\u00e0.<\/p>\n\n\n\n<p class=\"wp-block-paragraph\">Entre aquestes propostes la Va unir demana a la Generalitat que destine ajudes directes a les parcel\u00b7les que estiguen en zones geogr\u00e0fiques de perill d&#8217;incendi ja que s\u00f3n el millor tallafoc per a evitar la propagaci\u00f3 d&#8217;incendis.<\/p>\n\n\n\n<p class=\"wp-block-paragraph\">De la mateixa manera La Uni\u00f3 demana que es concedisquen ajudes a les persones propiet\u00e0ries de muntanya privada afectada per un incendi per a la seua posterior neteja.<\/p>\n\n\n\n<p class=\"wp-block-paragraph\">Tamb\u00e9 sol\u00b7licita a la Conselleria d&#8217;Agricultura que assumisca la franqu\u00edcia de l&#8217;asseguran\u00e7a agr\u00e0ria corresponent a aquest risc d&#8217;incendi i de fauna salvatge. Sobre aquest aspecte de la fauna demanda que es facilite, amb la distribuci\u00f3 de precintes, la ca\u00e7a en zones post-incendie amb elevada poblaci\u00f3 de fauna salvatge per a evitar m\u00e9s danys en les parcel\u00b7les afectades i no afectades per la falta d&#8217;aliment per als animals.<\/p>\n\n\n\n<p class=\"wp-block-paragraph\">L&#8217;organitzaci\u00f3 proposa aix\u00ed mateix que es realitze un seguiment de les parcel\u00b7les afectades per un incendi i es compensen les p\u00e8rdues de producci\u00f3 en els anys seg\u00fcents al sinistre per poda severa de recuperaci\u00f3 o crema definitiva del cultiu. Informa, <strong>Luis Ib\u00e1\u00f1ez.<\/strong><\/p>\n\n\n\n<p class=\"wp-block-paragraph\"><\/p>\n","protected":false},"excerpt":{"rendered":"<div class=\"mh-excerpt\">La Uni\u00f3 de Llauradors quantifica, en una primera estimaci\u00f3 i despr\u00e9s de visitar per primera vegada la zona afectada per l&#8217;incendi de Venta del Moro, que existeixen al voltant de 230 hect\u00e0rees de cultiu danyades, <a class=\"mh-excerpt-more\" href=\"https:\/\/tucomarca.whitekongsoftware.com\/ca\/la-unio-de-llauradors-estima-que-lincendi-de-venta-del-moro-va-afectar-unes-230-hectarees-de-cultiu-a-part-de-les-forestals\/\" title=\"La Uni\u00f3 de Llauradors estima que l&#8217;incendi de Venta del Moro va afectar unes 230 hect\u00e0rees de cultiu a part de les forestals\">[+] <\/a><\/div>\n","protected":false},"author":12,"featured_media":163651,"comment_status":"open","ping_status":"open","sticky":false,"template":"","format":"standard","meta":{"footnotes":""},"categories":[10905,10898,10948,10894,10903,10909,10896,10897,11060],"tags":[15169,17611,11927],"class_list":["post-163652","post","type-post","status-publish","format-standard","has-post-thumbnail","category-agricultura-la-comarca-ca","category-ventana-ca","category-infraestructuras-ca","category-la-comarca-ca","category-medio-ambiente-la-comarca-ca","category-requena-utiel-ca","category-seccion-ca","category-sucesos-la-comarca-ca","category-venta-del-moro-ca","tag-cultivos-agricolas-ca","tag-incendio-de-venta-del-moro-ca","tag-la-unio-de-llauradors-ca"],"_links":{"self":[{"href":"https:\/\/tucomarca.whitekongsoftware.com\/ca\/wp-json\/wp\/v2\/posts\/163652","targetHints":{"allow":["GET"]}}],"collection":[{"href":"https:\/\/tucomarca.whitekongsoftware.com\/ca\/wp-json\/wp\/v2\/posts"}],"about":[{"href":"https:\/\/tucomarca.whitekongsoftware.com\/ca\/wp-json\/wp\/v2\/types\/post"}],"author":[{"embeddable":true,"href":"https:\/\/tucomarca.whitekongsoftware.com\/ca\/wp-json\/wp\/v2\/users\/12"}],"replies":[{"embeddable":true,"href":"https:\/\/tucomarca.whitekongsoftware.com\/ca\/wp-json\/wp\/v2\/comments?post=163652"}],"version-history":[{"count":0,"href":"https:\/\/tucomarca.whitekongsoftware.com\/ca\/wp-json\/wp\/v2\/posts\/163652\/revisions"}],"wp:featuredmedia":[{"embeddable":true,"href":"https:\/\/tucomarca.whitekongsoftware.com\/ca\/wp-json\/wp\/v2\/media\/163651"}],"wp:attachment":[{"href":"https:\/\/tucomarca.whitekongsoftware.com\/ca\/wp-json\/wp\/v2\/media?parent=163652"}],"wp:term":[{"taxonomy":"category","embeddable":true,"href":"https:\/\/tucomarca.whitekongsoftware.com\/ca\/wp-json\/wp\/v2\/categories?post=163652"},{"taxonomy":"post_tag","embeddable":true,"href":"https:\/\/tucomarca.whitekongsoftware.com\/ca\/wp-json\/wp\/v2\/tags?post=163652"}],"curies":[{"name":"wp","href":"https:\/\/api.w.org\/{rel}","templated":true}]}}