{"id":163646,"date":"2022-08-05T09:00:00","date_gmt":"2022-08-05T07:00:00","guid":{"rendered":"http:\/\/www.tucomarca.com\/wordpress\/segunda\/?p=163646"},"modified":"2022-08-05T10:22:33","modified_gmt":"2022-08-05T08:22:33","slug":"el-servei-de-nutricio-i-dietetica-de-lhospital-dalzira-alerta-dels-efectes-nocius-del-consum-continuat-de-begudes-energetiques","status":"publish","type":"post","link":"https:\/\/tucomarca.whitekongsoftware.com\/ca\/el-servei-de-nutricio-i-dietetica-de-lhospital-dalzira-alerta-dels-efectes-nocius-del-consum-continuat-de-begudes-energetiques\/","title":{"rendered":"El Servei de Nutrici\u00f3 i Diet\u00e8tica de l&#8217;Hospital d&#8217;Alzira alerta dels efectes nocius del consum continuat de begudes energ\u00e8tiques"},"content":{"rendered":"\n<h4 class=\"wp-block-heading\">Amb aquestes begudes, el cos hum\u00e0 augmenta el ritme card\u00edac i la pressi\u00f3 arterial, factors de risc en xiquets, adolescents i dones embarassades<\/h4>\n\n\n\n<p class=\"wp-block-paragraph\">El Servei de Nutrici\u00f3 i Diet\u00e8tica de l&#8217;Hospital Universitari de la Ribera alerta del consum continuat de begudes energ\u00e8tiques, donats els efectes negatius que aquest tipus de productes pot tindre sobre la salut.<\/p>\n\n\n\n<p class=\"wp-block-paragraph\">Segons personal expert, aquestes begudes contenen unes elevades dosis de cafe\u00efna i sucre, aix\u00ed com uns altres estimulants com el guaran\u00e0 que, a mitj\u00e0 i llarg termini, poden provocar alteracions del somni, irritabilitat, problemes de concentraci\u00f3, hipertensi\u00f3, diabetis i trastorns cardiovasculars i neurol\u00f2gics.<\/p>\n\n\n\n<p class=\"wp-block-paragraph\">En paraules de la cap del Servei de Nutrici\u00f3 i Diet\u00e8tica de l&#8217;Hospital d&#8217;Alzira, Pilar Luna, \u201cel nivell de cafe\u00efna present, per exemple, en una llanda de 300 ml d&#8217;una beguda energ\u00e8tica equival a 4 caf\u00e9s, una dosi d&#8217;estimulant que pot ser potencialment perillosa per a qualsevol persona\u201d.<\/p>\n\n\n\n<p class=\"wp-block-paragraph\">En aquest sentit, est\u00e0 demostrat que a les poques hores d&#8217;ingerir aquest tipus de productes, el cos hum\u00e0 augmenta de manera considerable els seus nivells d&#8217;estr\u00e9s, el ritme card\u00edac i la pressi\u00f3 arterial, factors de risc gens recomanables en xiquets, adolescents i dones embarassades o en per\u00edode de lact\u00e0ncia.<\/p>\n\n\n\n<p class=\"wp-block-paragraph\">Aix\u00ed mateix, personal especialista adverteix que aquest tipus de refrescos contenen uns elevats nivells de sucre, ja que \u201camb una llanda de 300 ml de beguda energ\u00e8tica, una persona ja estaria superant, en una sola ingesta, la quantitat di\u00e0ria recomanada de sucre simple, una de les principals causes de diabetis en els adults hui dia\u201d.<\/p>\n\n\n\n<p class=\"wp-block-paragraph\">Segons el Servei de Nutrici\u00f3 de l&#8217;Hospital d&#8217;Alzira, un altre dels aspectes a tindre en compte \u00e9s que les begudes energ\u00e8tiques no s\u00f3n productes dissenyats per a la rehidrataci\u00f3 despr\u00e9s de la pr\u00e0ctica esportiva, i menys en aquesta \u00e8poca de l&#8217;any d&#8217;altes temperatures. Despr\u00e9s de qualsevol activitat f\u00edsica el recomanable sempre \u00e9s la hidrataci\u00f3 amb aigua. &nbsp;<\/p>\n\n\n\n<p class=\"wp-block-paragraph\"><strong>En combinaci\u00f3 amb l&#8217;alcohol<\/strong><\/p>\n\n\n\n<p class=\"wp-block-paragraph\">Un altre dels perills sobre els quals adverteixen diferents especialistes es refereix a la conjunci\u00f3 de begudes energ\u00e8tiques amb begudes alcoh\u00f2liques, ja que aquesta combinaci\u00f3 augmenta significativament les concentracions d&#8217;alcohol i cafe\u00efna en sang.<\/p>\n\n\n\n<p class=\"wp-block-paragraph\">Aix\u00ed, diversos estudis demostren que el consum de totes dues begudes condueix a estats subjectius alterats que, entre altres efectes, inclou una disminuci\u00f3 de la percepci\u00f3 de la intoxicaci\u00f3 et\u00edlica.<\/p>\n\n\n\n<p class=\"wp-block-paragraph\">En aquest sentit, la cafe\u00efna emmascara l&#8217;efecte depressor de l&#8217;alcohol i, com a conseq\u00fc\u00e8ncia, existeix m\u00e9s risc de continuar bevent. A m\u00e9s, s&#8217;ha de tindre en compte que els efectes de la cafe\u00efna i l&#8217;alcohol depenen en gran manera de la massa corporal de la persona, per la qual cosa, quant menor \u00e9s el pes, m\u00e9s dosi rep l&#8217;organisme, \u201cencara que aix\u00f2 no significa que persones de pes corporal elevat no c\u00f3rreguen risc amb el consum d&#8217;aquesta mena de begudes\u201d, matisa la cap del Servei de Nutrici\u00f3 i Diet\u00e8tica del centre alzireny.<\/p>\n\n\n\n<p class=\"wp-block-paragraph\">Finalment, diversos especialistes recomanen no rec\u00f3rrer a les begudes energ\u00e8tiques per a superar problemes puntuals de cansament o esgotament. \u201cPer a aquests casos, \u00e9s preferible respectar les hores de descans, una bona hidrataci\u00f3 i una dieta sana i saludable amb productes de temporada\u201d, conclou la doctora Lluna.&nbsp;&nbsp; &nbsp;<\/p>\n\n\n\n<p class=\"wp-block-paragraph\">Cal destacar que l&#8217;Hospital d&#8217;Alzira s&#8217;alinea, aix\u00ed, amb la campanya nacional de recomanacions sobre el consum de begudes energ\u00e8tiques, en la qual participen organismes i entitats com el Ministeri de Consum, el Ministeri de Sanitat, l&#8217;Ag\u00e8ncia Espanyola de Seguretat Aliment\u00e0ria i Nutrici\u00f3, o el Consell de Consumidors i Usuaris, entre altres.<\/p>\n\n\n\n<p class=\"wp-block-paragraph\"><\/p>\n","protected":false},"excerpt":{"rendered":"<div class=\"mh-excerpt\">Amb aquestes begudes, el cos hum\u00e0 augmenta el ritme card\u00edac i la pressi\u00f3 arterial, factors de risc en xiquets, adolescents i dones embarassades El Servei de Nutrici\u00f3 i Diet\u00e8tica de l&#8217;Hospital Universitari de la Ribera <a class=\"mh-excerpt-more\" href=\"https:\/\/tucomarca.whitekongsoftware.com\/ca\/el-servei-de-nutricio-i-dietetica-de-lhospital-dalzira-alerta-dels-efectes-nocius-del-consum-continuat-de-begudes-energetiques\/\" title=\"El Servei de Nutrici\u00f3 i Diet\u00e8tica de l&#8217;Hospital d&#8217;Alzira alerta dels efectes nocius del consum continuat de begudes energ\u00e8tiques\">[+] <\/a><\/div>\n","protected":false},"author":12,"featured_media":163645,"comment_status":"open","ping_status":"open","sticky":false,"template":"","format":"standard","meta":{"footnotes":""},"categories":[10889,11010,10948,10894,10902,10896],"tags":[11192,17608,12838,12491,17609],"class_list":["post-163646","post","type-post","status-publish","format-standard","has-post-thumbnail","category-alzira-cat","category-canal-salud","category-infraestructuras-ca","category-la-comarca-ca","category-la-ribera-ca","category-seccion-ca","tag-alzira-ca","tag-bebidas-energeticas-ca","tag-hospital-de-alzira-ca","tag-hospital-de-la-ribera-ca","tag-nutricion-ca"],"_links":{"self":[{"href":"https:\/\/tucomarca.whitekongsoftware.com\/ca\/wp-json\/wp\/v2\/posts\/163646","targetHints":{"allow":["GET"]}}],"collection":[{"href":"https:\/\/tucomarca.whitekongsoftware.com\/ca\/wp-json\/wp\/v2\/posts"}],"about":[{"href":"https:\/\/tucomarca.whitekongsoftware.com\/ca\/wp-json\/wp\/v2\/types\/post"}],"author":[{"embeddable":true,"href":"https:\/\/tucomarca.whitekongsoftware.com\/ca\/wp-json\/wp\/v2\/users\/12"}],"replies":[{"embeddable":true,"href":"https:\/\/tucomarca.whitekongsoftware.com\/ca\/wp-json\/wp\/v2\/comments?post=163646"}],"version-history":[{"count":0,"href":"https:\/\/tucomarca.whitekongsoftware.com\/ca\/wp-json\/wp\/v2\/posts\/163646\/revisions"}],"wp:featuredmedia":[{"embeddable":true,"href":"https:\/\/tucomarca.whitekongsoftware.com\/ca\/wp-json\/wp\/v2\/media\/163645"}],"wp:attachment":[{"href":"https:\/\/tucomarca.whitekongsoftware.com\/ca\/wp-json\/wp\/v2\/media?parent=163646"}],"wp:term":[{"taxonomy":"category","embeddable":true,"href":"https:\/\/tucomarca.whitekongsoftware.com\/ca\/wp-json\/wp\/v2\/categories?post=163646"},{"taxonomy":"post_tag","embeddable":true,"href":"https:\/\/tucomarca.whitekongsoftware.com\/ca\/wp-json\/wp\/v2\/tags?post=163646"}],"curies":[{"name":"wp","href":"https:\/\/api.w.org\/{rel}","templated":true}]}}