{"id":163624,"date":"2022-08-06T09:00:00","date_gmt":"2022-08-06T07:00:00","guid":{"rendered":"http:\/\/www.tucomarca.com\/wordpress\/segunda\/?p=163624"},"modified":"2022-08-06T18:03:43","modified_gmt":"2022-08-06T16:03:43","slug":"la-unio-de-llauradors-preveu-un-descens-del-75-en-la-collita-dolives-daquesta-campanya-respecte-a-lanterior","status":"publish","type":"post","link":"https:\/\/tucomarca.whitekongsoftware.com\/ca\/la-unio-de-llauradors-preveu-un-descens-del-75-en-la-collita-dolives-daquesta-campanya-respecte-a-lanterior\/","title":{"rendered":"La Uni\u00f3 de Llauradors preveu un descens del 75% en la collita d&#8217;olives d&#8217;aquesta campanya respecte a l&#8217;anterior"},"content":{"rendered":"\n<h4 class=\"wp-block-heading\"><strong>L&#8217;organitzaci\u00f3 agr\u00e0ria ha proposat una nova ajuda agroambiental per al cultiu i incentivar la l\u00ednia d&#8217;asseguran\u00e7a de l&#8217;olivar<\/strong><\/h4>\n\n\n\n<p class=\"wp-block-paragraph\">Les primeres estimacions de LA UNI\u00d3 de Llauradors, despr\u00e9s de consultar per les diverses zones productores, indiquen que la collita d&#8217;olives de la Comunitat Valenciana podria patir un minvament considerable d&#8217;al voltant del 75% en relaci\u00f3 amb la de l&#8217;any anterior.<\/p>\n\n\n\n<p class=\"wp-block-paragraph\">La baixada del volum productiu \u00e9s generalitzada en la major part de les zones, encara que destaquen les comarques de Castell\u00f3 amb un 85% menys, les de Val\u00e8ncia amb el 74% i les d&#8217;Alacant, que \u00e9s on en principi menys descendir\u00e0, amb el 68%.<\/p>\n\n\n\n<p class=\"wp-block-paragraph\">Amb aquest gran minvament, la previsi\u00f3 de l&#8217;organitzaci\u00f3 agr\u00e0ria \u00e9s que els productors deixen d&#8217;ingressar una xifra pr\u00f2xima als 70 milions d&#8217;euros. A les comarques de Val\u00e8ncia serien 25 milions d&#8217;euros menys els que percebrien els olivicultors, 22,6 milions en les de Castell\u00f3 i 21,9 les d&#8217;Alacant.<\/p>\n\n\n\n<p class=\"wp-block-paragraph\">La combinaci\u00f3 d&#8217;adversitats meteorol\u00f2giques durant el primer semestre d&#8217;enguany \u00e9s la causa fonamental d&#8217;aquest gran descens de la producci\u00f3 previst per a enguany en la Comunitat Valenciana. Les pluges i humitats de la primavera, sobretot a l&#8217;abril, o la pedra i les elevades temperatures de maig han provocat massives defoliacions per fongs en els arbres i al seu torn les gelades, fred i pluges persistents que va haver-hi van provocar la falta de floraci\u00f3 o quallat amb el conseg\u00fcent minvament de la collita.<\/p>\n\n\n\n<p class=\"wp-block-paragraph\">En aquest sentit, des de LA UNI\u00d3 s&#8217;insta a incentivar la contractaci\u00f3 de la l\u00ednia d&#8217;asseguran\u00e7a de l&#8217;olivar que t\u00e9 una baixa implantaci\u00f3 en la Comunitat Valenciana i per a aix\u00f2 demana una bonificaci\u00f3 per part de Agroseguro del 10% per a totes les persones assegurades que contracten per primera vegada i aix\u00ed mateix que la Conselleria d&#8217;Agricultura subvencione fins al m\u00e0xim autoritzat per la Uni\u00f3 Europea les assegurances agr\u00e0ries per a totes aquelles persones llauradores professionals.<\/p>\n\n\n\n<p class=\"wp-block-paragraph\">A m\u00e9s, LA UNI\u00d3 recorda que ja ha proposat tant al Ministeri d&#8217;Agricultura com a la Conselleria d&#8217;Agricultura una nova ajuda agroambiental, dins del Pla Estrat\u00e8gic de la PAC que entrar\u00e0 en vigor el gener vinent, per als cultius de sec\u00e0 de la Comunitat Valenciana: olivar, fruita seca, vinya i cereal, a causa de la import\u00e0ncia que tenen per a l&#8217;activitat econ\u00f2mica de les zones d&#8217;interior, en risc de despoblaci\u00f3, i que per les seues caracter\u00edstiques s\u00f3n menys competitives que les zones de regadiu. Amb aix\u00f2 advoca per donar una ajuda addicional de 100 euros\/hect\u00e0rea perqu\u00e8 realitzen pr\u00e0ctiques beneficioses per al medi ambient com la lluita biol\u00f2gica contra plagues i malalties de cadascun d&#8217;aquests cultius o pr\u00e0ctiques sostenibles per al cultiu.<\/p>\n\n\n\n<p class=\"wp-block-paragraph\">Cal ressaltar tamb\u00e9 que a aquesta reducci\u00f3 de producci\u00f3 i descens d&#8217;ingressos en la producci\u00f3 de l&#8217;olivar de la Comunitat Valenciana cal sumar les males perspectives per a l&#8217;ametla, per la qual cosa ens trobem davant un dels pitjors anys per a les zones de sec\u00e0 d&#8217;interior per la mala situaci\u00f3 de dos dels seus cultius m\u00e9s importants.<\/p>\n\n\n\n<p class=\"wp-block-paragraph\"><\/p>\n","protected":false},"excerpt":{"rendered":"<div class=\"mh-excerpt\">L&#8217;organitzaci\u00f3 agr\u00e0ria ha proposat una nova ajuda agroambiental per al cultiu i incentivar la l\u00ednia d&#8217;asseguran\u00e7a de l&#8217;olivar Les primeres estimacions de LA UNI\u00d3 de Llauradors, despr\u00e9s de consultar per les diverses zones productores, indiquen <a class=\"mh-excerpt-more\" href=\"https:\/\/tucomarca.whitekongsoftware.com\/ca\/la-unio-de-llauradors-preveu-un-descens-del-75-en-la-collita-dolives-daquesta-campanya-respecte-a-lanterior\/\" title=\"La Uni\u00f3 de Llauradors preveu un descens del 75% en la collita d&#8217;olives d&#8217;aquesta campanya respecte a l&#8217;anterior\">[+] <\/a><\/div>\n","protected":false},"author":12,"featured_media":163622,"comment_status":"open","ping_status":"open","sticky":false,"template":"","format":"standard","meta":{"footnotes":""},"categories":[10890,10905,10892,11046,10898,10948,10963,10894,10904,10912,10902,10947,10909,10896],"tags":[17606,11927],"class_list":["post-163624","post","type-post","status-publish","format-standard","has-post-thumbnail","category-ademus","category-agricultura-la-comarca-ca","category-camp-de-turia-ca","category-los-serranos-ca","category-ventana-ca","category-infraestructuras-ca","category-la-canal-de-navarres-ca","category-la-comarca-ca","category-sin-categorizar-ca","category-la-hoya-ca","category-la-ribera-ca","category-politica","category-requena-utiel-ca","category-seccion-ca","tag-cosecha-de-aceitunas-ca","tag-la-unio-de-llauradors-ca"],"_links":{"self":[{"href":"https:\/\/tucomarca.whitekongsoftware.com\/ca\/wp-json\/wp\/v2\/posts\/163624","targetHints":{"allow":["GET"]}}],"collection":[{"href":"https:\/\/tucomarca.whitekongsoftware.com\/ca\/wp-json\/wp\/v2\/posts"}],"about":[{"href":"https:\/\/tucomarca.whitekongsoftware.com\/ca\/wp-json\/wp\/v2\/types\/post"}],"author":[{"embeddable":true,"href":"https:\/\/tucomarca.whitekongsoftware.com\/ca\/wp-json\/wp\/v2\/users\/12"}],"replies":[{"embeddable":true,"href":"https:\/\/tucomarca.whitekongsoftware.com\/ca\/wp-json\/wp\/v2\/comments?post=163624"}],"version-history":[{"count":0,"href":"https:\/\/tucomarca.whitekongsoftware.com\/ca\/wp-json\/wp\/v2\/posts\/163624\/revisions"}],"wp:featuredmedia":[{"embeddable":true,"href":"https:\/\/tucomarca.whitekongsoftware.com\/ca\/wp-json\/wp\/v2\/media\/163622"}],"wp:attachment":[{"href":"https:\/\/tucomarca.whitekongsoftware.com\/ca\/wp-json\/wp\/v2\/media?parent=163624"}],"wp:term":[{"taxonomy":"category","embeddable":true,"href":"https:\/\/tucomarca.whitekongsoftware.com\/ca\/wp-json\/wp\/v2\/categories?post=163624"},{"taxonomy":"post_tag","embeddable":true,"href":"https:\/\/tucomarca.whitekongsoftware.com\/ca\/wp-json\/wp\/v2\/tags?post=163624"}],"curies":[{"name":"wp","href":"https:\/\/api.w.org\/{rel}","templated":true}]}}