{"id":163611,"date":"2022-08-04T13:00:00","date_gmt":"2022-08-04T11:00:00","guid":{"rendered":"http:\/\/www.tucomarca.com\/wordpress\/segunda\/?p=163611"},"modified":"2022-08-04T18:42:20","modified_gmt":"2022-08-04T16:42:20","slug":"venta-del-moro-celebrara-fins-al-15-dagost-els-actes-de-la-xxviii-setmana-cultural-venturrena-i-la-xli-festes-destiu","status":"publish","type":"post","link":"https:\/\/tucomarca.whitekongsoftware.com\/ca\/venta-del-moro-celebrara-fins-al-15-dagost-els-actes-de-la-xxviii-setmana-cultural-venturrena-i-la-xli-festes-destiu\/","title":{"rendered":"Venta del Moro celebrar\u00e0 fins al 15 d&#8217;agost els actes de la XXVIII Setmana Cultural Venturre\u00f1a i la XLI Festes d&#8217;Estiu"},"content":{"rendered":"\n<p class=\"wp-block-paragraph\">El programa d&#8217;actes \u00e9s el seg\u00fcent:<br>Dijous, 4 d&#8217;agost.<br>\u2022 06.45 h. XIX Passeig Senderista Popular Venturre\u00f1o. Organitza: Associaci\u00f3 Cultural Amics de Venta del Moro. Col\u00b7labora: Aigua Mineral Sant Benedetto. Brioixos i vi en acabar. Es posar\u00e0 urna de voluntat solid\u00e0ria.<br>\u2022 19 h a 22 hores. XVI Fira del Llibre de Venta del Moro i contacontes infantil per \u201cKummerlin\u201d. Passeig de la Lectura: \u201cParaules per a la Pau\u201d. Pintacaras. Participen: Llibreria Molina; Sento Llibres; Edisena Editors (Requena); Centre d&#8217;Estudis Requenenses. Lloc: Mercat Municipal. Organitza: Associaci\u00f3 Cultural Amics de Venta del Moro.<\/p>\n\n\n\n<p class=\"wp-block-paragraph\">Divendres, 5 d&#8217;agost<br>\u2022 20 h. XVII Certamen de Vins de Qualitat de Venta del Moro i degustaci\u00f3 gastron\u00f2mica de plats t\u00edpics venturre\u00f1os. Lloc: Mercat Municipal. Organitza: Ajuntament de Venta del Moro i Comissi\u00f3 de Festes. Col\u00b7laboren: Associaci\u00f3 de Mestresses de casa Tyrius de Venta del Moro, Cellers i Cooperatives de tot el terme municipal de Venta del Moro i Consell Regulador D.O.P. Utiel-Requena.<\/p>\n\n\n\n<p class=\"wp-block-paragraph\">Dissabte, 6 d&#8217;agost.<br>\u2022 19 h. Mercat ambulant de llibres solidaris amb projecte d&#8217;acolliment de menors en situaci\u00f3 de vulnerabilitat en Tandjil\u00e9 (Txad). Organitza: Associaci\u00f3 Cultural Amics de Venta del Moro, Biblioteca P\u00fablica de Requena i Solidaris Venta del Moro i Llogarets. Lloc: Piscina Municipal.<br>\u2022 22.30 h. Concert Extraordinari d&#8217;Estiu de la Uni\u00f3 Musical. Lloc: Casa de Cultura. Organitza: Uni\u00f3 Musical de Venta del Moro.<\/p>\n\n\n\n<p class=\"wp-block-paragraph\">Diumenge, 7 d&#8217;agost.<br>\u2022 19 h. Concerte \u201cSomnis en l&#8217;\u00f2pera\u201d per Salvador Tarras\u00f3 Aled\u00f3n (tromb\u00f3) i Francisco P\u00e9rez Perell\u00f3 (pianista). Organitza: Associaci\u00f3 Cultural Amics de Venta del Moro. Patrocina Clement Pianos. Lloc: Casa de la Cultura.<br>\u2022 20 h. XXII Edici\u00f3 del lliurament dels premis Altipl\u00e0 del Cabriol a \u201cUtiel, 250 anys a la llum dels ciris\u201d i Premi Pi Quilibios a la farmac\u00e8utica Otilia Blasco Gonz\u00e1lez. Lloc: Casa de la Cultura. Organitza Associaci\u00f3 Cultural Amics de Venta del Moro.<br>\u2022 23 h. 30 m. Contacontes per a adults amb F\u00e9lix Albo. Lloc: Carrer\u00f3 de la Torre. Organitza Associaci\u00f3 Cultural Amics de Venta del Moro.<br>\u2022 00.00 h. Engalanamiento de carrers<\/p>\n\n\n\n<p class=\"wp-block-paragraph\">Dilluns, 8 d&#8217;agost<br>\u2022 15 h. Marxa de conscienciaci\u00f3 energ\u00e8tica. Eixida des de la Pla\u00e7a de l&#8217;Ajuntament. Trajecte per la carretera de l&#8217;entroncament a l&#8217;Autovia fins a la gasolinera, es dona una ullada al preu en el pal de la gasolinera i es procedeix a tornar al poble a les 16 hores. Aconsellable sabatilles i rebeca de drap.<br>\u2022 19 h. Cercaviles i inauguraci\u00f3 de carrers engalanats. Col\u00b7labora: Uni\u00f3 Musical de Venta del Moro<br>\u2022 00 h. Chupinazo acompanyats per la xaranga La Perla Negra, donant principi a nostres XLI Festes d&#8217;Estiu. A continuaci\u00f3 festa en el Pub El Mas. Lloc: Plaza de l&#8217;Ajuntament. Organitza: Comissi\u00f3 de Festes.<\/p>\n\n\n\n<p class=\"wp-block-paragraph\">Dimarts, 9 d&#8217;agost<br>\u2022 20 h. Nit de les Paelles. Lloc: Mercat Municipal. A continuaci\u00f3 bingo. Organitza: Comissi\u00f3 de Festes. Inscripci\u00f3 a l&#8217;Ajuntament fins al divendres 5 d&#8217;agost (1 \u20ac per comensal). Aforament limitat a 45 paelles.<\/p>\n\n\n\n<p class=\"wp-block-paragraph\">Dimecres 10 d&#8217;agost<br>\u2022 00.30 h. Sessi\u00f3 de ball amb l&#8217;Orquestra Evasi\u00f3. Lloc: Mercat Municipal. Organitza: Comissi\u00f3 de Festes.<\/p>\n\n\n\n<p class=\"wp-block-paragraph\">Dijous 11 d&#8217;agost<br>\u2022 21.30 h. Sopar comunal. El men\u00fa consta de: Galta amb guarnici\u00f3, refresc i postres. Preu: 7 \u20ac Venda de tiquets a l&#8217;Ajuntament i Farm\u00e0cia fins al dimarts 9 d&#8217;agost. Lloc: Mercat Municipal. Organitza: Comissi\u00f3 de Festes. A continuaci\u00f3 bingo popular.<br>\u2022 00.30 h. Sessi\u00f3 de ball a c\u00e0rrec del Grup JAM. Lloc: Mercat Municipal. Organitza: Comissi\u00f3 de festes.<\/p>\n\n\n\n<p class=\"wp-block-paragraph\">Divendres 12 d&#8217;agost<br>. 00.30 h. Festa Molino. Macro Disc M\u00f2bil amb Dj Tony Fimia i Dj Ventura. Lloc Mercat Municipal. Organitza: Comissi\u00f3 de Festes.<\/p>\n\n\n\n<p class=\"wp-block-paragraph\">Dissabte 13 d&#8217;agost<br>\u2022 20 h. Presentaci\u00f3 del C.F. Venta del Moro per a la temporada 2022\/2023. A continuaci\u00f3, partit de futbol amist\u00f3s entre C.F. Venta del Moro i C.Sr. Fuenterrobles. Lloc: Camp de Futbol Municipal \u201cLes Ac\u00e0cies\u201d. Organitza: C.F. Venta del Moro.<br>\u2022 00 h. Somnis, la hist\u00f2ria d&#8217;un musical. Lloc: Mercat Municipal. Organitza: Comissi\u00f3 de Festes<br>\u2022 02.30 h. Sessi\u00f3 de ball amb el Grup Daray. Lloc: Mercat Municipal. Organitza: Comissi\u00f3 de Festes.<\/p>\n\n\n\n<p class=\"wp-block-paragraph\">Diumenge 14 d&#8217;agost<br>\u2022 00.30 h. DiscoMovil amb Dj Nisok. Lloc Mercat Municipal. Organitza: Comissi\u00f3 de Festes<\/p>\n\n\n\n<p class=\"wp-block-paragraph\">Dilluns 15 d&#8217;agost<br>\u2022 11.30 h. Cercaviles i recollida de les Reines de les Festes. Col\u00b7labora: Uni\u00f3 Musical de Venta del Moro.<br>\u2022 12 h. Ofrena de Flores i Solemne Missa. Col\u00b7labora: Uni\u00f3 Musical de Venta del Moro.<br>\u2022 19.30 h. Cavalcada fi de festes. Lloc: Plaza de l&#8217;Ajuntament de Venta del Moro. A continuaci\u00f3, lliurament de premis a la Casa de la Cultura. Organitza: Comissi\u00f3 de Festes. Col\u00b7labora: Uni\u00f3 Musical de Venta del Moro.<br>Durant els dies festius tindran lloc els campionats de p\u00e0del, front\u00f3, domin\u00f3, hoquei sobre gel i petanca.<br>**** Qualsevol possible modificaci\u00f3 relativa als horaris o actes a realitzar ser\u00e0 degudament comunicada.<\/p>\n\n\n\n<p class=\"wp-block-paragraph\">Informa, <strong>Luis Ib\u00e1\u00f1ez<\/strong>.<\/p>\n","protected":false},"excerpt":{"rendered":"<div class=\"mh-excerpt\">El programa d&#8217;actes \u00e9s el seg\u00fcent:Dijous, 4 d&#8217;agost.\u2022 06.45 h. XIX Passeig Senderista Popular Venturre\u00f1o. Organitza: Associaci\u00f3 Cultural Amics de Venta del Moro. Col\u00b7labora: Aigua Mineral Sant Benedetto. Brioixos i vi en acabar. Es posar\u00e0 <a class=\"mh-excerpt-more\" href=\"https:\/\/tucomarca.whitekongsoftware.com\/ca\/venta-del-moro-celebrara-fins-al-15-dagost-els-actes-de-la-xxviii-setmana-cultural-venturrena-i-la-xli-festes-destiu\/\" title=\"Venta del Moro celebrar\u00e0 fins al 15 d&#8217;agost els actes de la XXVIII Setmana Cultural Venturre\u00f1a i la XLI Festes d&#8217;Estiu\">[+] <\/a><\/div>\n","protected":false},"author":13,"featured_media":163609,"comment_status":"open","ping_status":"open","sticky":false,"template":"","format":"standard","meta":{"footnotes":""},"categories":[11019,11008,10909,10896,11060],"tags":[11191,10910,11709],"class_list":["post-163611","post","type-post","status-publish","format-standard","has-post-thumbnail","category-agenda-ca","category-pueblos-en-fiestas-ca","category-requena-utiel-ca","category-seccion-ca","category-venta-del-moro-ca","tag-fiestas-ca","tag-requena-utiel-ca","tag-venta-del-moro-ca"],"_links":{"self":[{"href":"https:\/\/tucomarca.whitekongsoftware.com\/ca\/wp-json\/wp\/v2\/posts\/163611","targetHints":{"allow":["GET"]}}],"collection":[{"href":"https:\/\/tucomarca.whitekongsoftware.com\/ca\/wp-json\/wp\/v2\/posts"}],"about":[{"href":"https:\/\/tucomarca.whitekongsoftware.com\/ca\/wp-json\/wp\/v2\/types\/post"}],"author":[{"embeddable":true,"href":"https:\/\/tucomarca.whitekongsoftware.com\/ca\/wp-json\/wp\/v2\/users\/13"}],"replies":[{"embeddable":true,"href":"https:\/\/tucomarca.whitekongsoftware.com\/ca\/wp-json\/wp\/v2\/comments?post=163611"}],"version-history":[{"count":0,"href":"https:\/\/tucomarca.whitekongsoftware.com\/ca\/wp-json\/wp\/v2\/posts\/163611\/revisions"}],"wp:featuredmedia":[{"embeddable":true,"href":"https:\/\/tucomarca.whitekongsoftware.com\/ca\/wp-json\/wp\/v2\/media\/163609"}],"wp:attachment":[{"href":"https:\/\/tucomarca.whitekongsoftware.com\/ca\/wp-json\/wp\/v2\/media?parent=163611"}],"wp:term":[{"taxonomy":"category","embeddable":true,"href":"https:\/\/tucomarca.whitekongsoftware.com\/ca\/wp-json\/wp\/v2\/categories?post=163611"},{"taxonomy":"post_tag","embeddable":true,"href":"https:\/\/tucomarca.whitekongsoftware.com\/ca\/wp-json\/wp\/v2\/tags?post=163611"}],"curies":[{"name":"wp","href":"https:\/\/api.w.org\/{rel}","templated":true}]}}