{"id":163555,"date":"2022-08-02T10:00:00","date_gmt":"2022-08-02T08:00:00","guid":{"rendered":"http:\/\/www.tucomarca.com\/wordpress\/segunda\/?p=163555"},"modified":"2022-08-03T19:25:08","modified_gmt":"2022-08-03T17:25:08","slug":"la-unio-de-llauradors-inicia-els-seus-congressos-comarcals-previs-al-dambit-autonomic","status":"publish","type":"post","link":"https:\/\/tucomarca.whitekongsoftware.com\/ca\/la-unio-de-llauradors-inicia-els-seus-congressos-comarcals-previs-al-dambit-autonomic\/","title":{"rendered":"La Uni\u00f3 de Llauradors inicia els seus congressos comarcals previs al d&#8217;\u00e0mbit auton\u00f2mic"},"content":{"rendered":"\n<p class=\"wp-block-paragraph\">La Uni\u00f3 de Llauradors i Ramaders est\u00e0 celebrant els seus congressos comarcals previs a l&#8217;auton\u00f2mic de novembre.<\/p>\n\n\n\n<p class=\"wp-block-paragraph\">El passat cap de setmana van celebrar el de Requena-Utiel, en el qual van elegir secretari comarcal de l&#8217;organitzaci\u00f3 agr\u00e0ria, a Manuel Viana Latorre, de la poblaci\u00f3 de Fuenterrobles. Informa, <strong>Luis Ib\u00e1\u00f1ez<\/strong>.<\/p>\n","protected":false},"excerpt":{"rendered":"<div class=\"mh-excerpt\">La Uni\u00f3 de Llauradors i Ramaders est\u00e0 celebrant els seus congressos comarcals previs a l&#8217;auton\u00f2mic de novembre. El passat cap de setmana van celebrar el de Requena-Utiel, en el qual van elegir secretari comarcal de <a class=\"mh-excerpt-more\" href=\"https:\/\/tucomarca.whitekongsoftware.com\/ca\/la-unio-de-llauradors-inicia-els-seus-congressos-comarcals-previs-al-dambit-autonomic\/\" title=\"La Uni\u00f3 de Llauradors inicia els seus congressos comarcals previs al d&#8217;\u00e0mbit auton\u00f2mic\">[+] <\/a><\/div>\n","protected":false},"author":13,"featured_media":163553,"comment_status":"open","ping_status":"open","sticky":false,"template":"","format":"standard","meta":{"footnotes":""},"categories":[10905,11055,10948,10894,10909,10896],"tags":[11309,12836,10910],"class_list":["post-163555","post","type-post","status-publish","format-standard","has-post-thumbnail","category-agricultura-la-comarca-ca","category-fuenterrobles-ca","category-infraestructuras-ca","category-la-comarca-ca","category-requena-utiel-ca","category-seccion-ca","tag-agricultura-ca","tag-fuenterrobles-ca","tag-requena-utiel-ca"],"_links":{"self":[{"href":"https:\/\/tucomarca.whitekongsoftware.com\/ca\/wp-json\/wp\/v2\/posts\/163555","targetHints":{"allow":["GET"]}}],"collection":[{"href":"https:\/\/tucomarca.whitekongsoftware.com\/ca\/wp-json\/wp\/v2\/posts"}],"about":[{"href":"https:\/\/tucomarca.whitekongsoftware.com\/ca\/wp-json\/wp\/v2\/types\/post"}],"author":[{"embeddable":true,"href":"https:\/\/tucomarca.whitekongsoftware.com\/ca\/wp-json\/wp\/v2\/users\/13"}],"replies":[{"embeddable":true,"href":"https:\/\/tucomarca.whitekongsoftware.com\/ca\/wp-json\/wp\/v2\/comments?post=163555"}],"version-history":[{"count":0,"href":"https:\/\/tucomarca.whitekongsoftware.com\/ca\/wp-json\/wp\/v2\/posts\/163555\/revisions"}],"wp:featuredmedia":[{"embeddable":true,"href":"https:\/\/tucomarca.whitekongsoftware.com\/ca\/wp-json\/wp\/v2\/media\/163553"}],"wp:attachment":[{"href":"https:\/\/tucomarca.whitekongsoftware.com\/ca\/wp-json\/wp\/v2\/media?parent=163555"}],"wp:term":[{"taxonomy":"category","embeddable":true,"href":"https:\/\/tucomarca.whitekongsoftware.com\/ca\/wp-json\/wp\/v2\/categories?post=163555"},{"taxonomy":"post_tag","embeddable":true,"href":"https:\/\/tucomarca.whitekongsoftware.com\/ca\/wp-json\/wp\/v2\/tags?post=163555"}],"curies":[{"name":"wp","href":"https:\/\/api.w.org\/{rel}","templated":true}]}}