{"id":163544,"date":"2022-08-03T09:58:00","date_gmt":"2022-08-03T07:58:00","guid":{"rendered":"http:\/\/www.tucomarca.com\/wordpress\/segunda\/?p=163544"},"modified":"2022-08-03T19:35:20","modified_gmt":"2022-08-03T17:35:20","slug":"ava-asaja-alerta-de-que-los-jabalies-disparan-en-verano-los-danos-agrarios-en-busca-de-agua-y-comida","status":"publish","type":"post","link":"https:\/\/tucomarca.whitekongsoftware.com\/ca\/ava-asaja-alerta-de-que-los-jabalies-disparan-en-verano-los-danos-agrarios-en-busca-de-agua-y-comida\/","title":{"rendered":"AVA-Asaja alerta que els senglars disparen a l&#8217;estiu els danys agraris a la recerca d&#8217;aigua i menjar"},"content":{"rendered":"\n<p class=\"wp-block-paragraph\">L&#8217;Associaci\u00f3 Valenciana d&#8217;Agricultors (AVA-ASAJA) alerta que l&#8217;excessiva i incontrolada poblaci\u00f3 de fauna salvatge, sobretot de senglars, est\u00e0 disparant en ple estiu els danys en l&#8217;agricultura. Els animals silvestres s&#8217;expandeixen geogr\u00e0ficament i cada vegada m\u00e9s i baixen de les muntanyes als camps de cultiu a la recerca d&#8217;aigua i menjar. Segons nombrosos agricultors consultats, el problema s&#8217;agreuja en les explotacions de regadiu, algunes de les quals se situen al costat d&#8217;urbanitzacions i municipis, a les prov\u00edncies de Val\u00e8ncia i Castell\u00f3.<\/p>\n\n\n\n<p class=\"wp-block-paragraph\">AVA-ASAJA constata sinistres provocats pels senglars i altres esp\u00e8cies salvatges (conills, cabres, cabirols, entre altres) que adquireixen una creixent gravetat amb l&#8217;increment de l&#8217;estr\u00e9s h\u00eddric i les altes temperatures. Aix\u00ed, l&#8217;organitzaci\u00f3 denuncia que la fauna silvestre tomba i fins i tot arranca del s\u00f2l tarongers joves buscant la humitat de les arrels, trenca gomes de degoteig, causa foradades i destrossa infraestructures agr\u00e0ries. Quant a les collites, diversos associats adverteixen que els senglars devoren ametles que encara estan verdes, cereals com la dacsa, hortalisses de temporada i melons.<\/p>\n\n\n\n<p class=\"wp-block-paragraph\">Per exemple, l&#8217;associat Jaume Valls informa que en un camp d&#8217;ametlers de quatre anys d&#8217;edat que acabava de regar, situat en el terme de Ll\u00edria, els senglars s&#8217;han menjat m\u00e9s de la meitat de les ametles. \u201cDespr\u00e9s de rascar els troncs i trencar branques, els animals salvatges tiren els fruits al s\u00f2l, on trepitgen les corfes i accedeixen a un aliment que, si b\u00e9 encara necessita diversos mesos per a aconseguir el grau \u00f2ptim de maduraci\u00f3, ja els suposa una aportaci\u00f3 nutricional. De metre i mig cap avall, queda poc per a recollir\u201d.<\/p>\n\n\n\n<p class=\"wp-block-paragraph\">El delegat de Sogorb, Jos\u00e9 Selma, recorda que \u201cfa molts anys els senglars havien menjat ametles en camps de sec\u00e0 allunyats dels nuclis de poblaci\u00f3, per\u00f2 que ara s&#8217;han multiplicat de tal forma que ja arriben fins a les noves plantacions d&#8217;ametlers pegades als pol\u00edgons industrials, les instal\u00b7lacions esportives i les llars\u201d.<\/p>\n\n\n\n<p class=\"wp-block-paragraph\">El president de AVA-ASAJA, Crist\u00f3bal Aguado, reivindica mesures urgents dirigides a garantir \u201cuna poblaci\u00f3 de fauna salvatge equilibrada i compatible amb les activitats desenvolupades en el medi rural. Uns pocs senglars no molesten, per\u00f2 si hi ha un n\u00famero excessiu i sense cap mena de control han d&#8217;eixir fora del seu \u00e0mbit territorial i envaeixen els camps a la recerca d&#8217;aqueix verd que cultiven els agricultors. A m\u00e9s de les destrosses en infraestructures i collites, els animals salvatges traslladen malalties com la sarna i la tuberculosi a la ramaderia extensiva (en altres pa\u00efsos europeus ja estan expandint a m\u00e9s la pesta porcina africana), entorpeixen les labors agr\u00e0ries i fins i tot ataquen a vegades als agricultors\u201d.<\/p>\n\n\n\n<p class=\"wp-block-paragraph\">Aigualit lamenta que \u201cde moment, els pol\u00edtics nom\u00e9s ens donen bones paraules, per\u00f2 la seua filosofia equivocada, basada en un fonamentalisme animalista i allunyada de la realitat, no ofereix solucions. Cal recon\u00e9ixer el problema i cal actuar enfront d&#8217;ell des del sentit com\u00fa i el consens amb els sectors implicats com s\u00f3n l&#8217;agr\u00edcola i el ramader\u201d. Informa, <strong>Luis Ib\u00e1\u00f1ez<\/strong>.<\/p>\n","protected":false},"excerpt":{"rendered":"<div class=\"mh-excerpt\">L&#8217;Associaci\u00f3 Valenciana d&#8217;Agricultors (AVA-ASAJA) alerta que l&#8217;excessiva i incontrolada poblaci\u00f3 de fauna salvatge, sobretot de senglars, est\u00e0 disparant en ple estiu els danys en l&#8217;agricultura. Els animals silvestres s&#8217;expandeixen geogr\u00e0ficament i cada vegada m\u00e9s i <a class=\"mh-excerpt-more\" href=\"https:\/\/tucomarca.whitekongsoftware.com\/ca\/ava-asaja-alerta-de-que-los-jabalies-disparan-en-verano-los-danos-agrarios-en-busca-de-agua-y-comida\/\" title=\"AVA-Asaja alerta que els senglars disparen a l&#8217;estiu els danys agraris a la recerca d&#8217;aigua i menjar\">[+] <\/a><\/div>\n","protected":false},"author":13,"featured_media":163542,"comment_status":"open","ping_status":"open","sticky":false,"template":"","format":"standard","meta":{"footnotes":""},"categories":[10905,10892,10948,10963,10894,10904,10928,10903,10909,10896,10897],"tags":[10899,11070,12166],"class_list":["post-163544","post","type-post","status-publish","format-standard","has-post-thumbnail","category-agricultura-la-comarca-ca","category-camp-de-turia-ca","category-infraestructuras-ca","category-la-canal-de-navarres-ca","category-la-comarca-ca","category-sin-categorizar-ca","category-lliria-ca","category-medio-ambiente-la-comarca-ca","category-requena-utiel-ca","category-seccion-ca","category-sucesos-la-comarca-ca","tag-camp-de-turia-ca","tag-lliria-ca","tag-medio-ambiente-ca"],"_links":{"self":[{"href":"https:\/\/tucomarca.whitekongsoftware.com\/ca\/wp-json\/wp\/v2\/posts\/163544","targetHints":{"allow":["GET"]}}],"collection":[{"href":"https:\/\/tucomarca.whitekongsoftware.com\/ca\/wp-json\/wp\/v2\/posts"}],"about":[{"href":"https:\/\/tucomarca.whitekongsoftware.com\/ca\/wp-json\/wp\/v2\/types\/post"}],"author":[{"embeddable":true,"href":"https:\/\/tucomarca.whitekongsoftware.com\/ca\/wp-json\/wp\/v2\/users\/13"}],"replies":[{"embeddable":true,"href":"https:\/\/tucomarca.whitekongsoftware.com\/ca\/wp-json\/wp\/v2\/comments?post=163544"}],"version-history":[{"count":0,"href":"https:\/\/tucomarca.whitekongsoftware.com\/ca\/wp-json\/wp\/v2\/posts\/163544\/revisions"}],"wp:featuredmedia":[{"embeddable":true,"href":"https:\/\/tucomarca.whitekongsoftware.com\/ca\/wp-json\/wp\/v2\/media\/163542"}],"wp:attachment":[{"href":"https:\/\/tucomarca.whitekongsoftware.com\/ca\/wp-json\/wp\/v2\/media?parent=163544"}],"wp:term":[{"taxonomy":"category","embeddable":true,"href":"https:\/\/tucomarca.whitekongsoftware.com\/ca\/wp-json\/wp\/v2\/categories?post=163544"},{"taxonomy":"post_tag","embeddable":true,"href":"https:\/\/tucomarca.whitekongsoftware.com\/ca\/wp-json\/wp\/v2\/tags?post=163544"}],"curies":[{"name":"wp","href":"https:\/\/api.w.org\/{rel}","templated":true}]}}