{"id":163530,"date":"2022-08-03T09:50:00","date_gmt":"2022-08-03T07:50:00","guid":{"rendered":"http:\/\/www.tucomarca.com\/wordpress\/segunda\/?p=163530"},"modified":"2022-08-03T18:24:39","modified_gmt":"2022-08-03T16:24:39","slug":"godelleta-comenca-aquest-dijous-les-seues-festes-dagost","status":"publish","type":"post","link":"https:\/\/tucomarca.whitekongsoftware.com\/ca\/godelleta-comenca-aquest-dijous-les-seues-festes-dagost\/","title":{"rendered":"Godelleta comen\u00e7a aquest dijous les seues Festes d&#8217;Agost"},"content":{"rendered":"\n<p class=\"wp-block-paragraph\">Este dijous, 4 d&#8217;agost, arranquen les Festes d&#8217;Agost de Godelleta amb el tradicional Preg\u00f3.\u00a0<\/p>\n\n\n\n<p class=\"wp-block-paragraph\">Enguany les i els esportistes de Godelleta seran les persones encarregades de realitzar el Preg\u00f3 que donar\u00e0 principi a les festes.<\/p>\n\n\n\n<p class=\"wp-block-paragraph\">Grans esportistes locals que s\u00f3n un exemple a seguir per totes i tots els joves de la localitat i un gran orgull per a Godelleta.<\/p>\n\n\n\n<p class=\"wp-block-paragraph\">La karateka, Luc\u00eda Latorre Lorente, de 16 anys i cintur\u00f3 negre 1 Donen de karate. Competidora d&#8217;elit i n\u00famero u del r\u00e0nquing auton\u00f2mic 2022 en la modalitat de kumite (combat).&nbsp;<\/p>\n\n\n\n<p class=\"wp-block-paragraph\">La tamb\u00e9 Karateka, Lilian de Man, de 15 anys i cintur\u00f3 negre de karate. Competidora d&#8217;elit i n\u00famero 3 del r\u00e0nquing auton\u00f2mic 2022 en la modalitat de kumite (combat) i tamb\u00e9 competeix en la modalitat de kata.&nbsp;<\/p>\n\n\n\n<p class=\"wp-block-paragraph\">La taekwondista, Tania \u00c1vila, de 13 anys competidora de t\u00e8cnica i combat, guanyadora de m\u00faltiples podis auton\u00f2mics i nacionals.<\/p>\n\n\n\n<p class=\"wp-block-paragraph\">Sergio Reales, 17 anys, tamb\u00e9 taekwondista auton\u00f2mic, nacional i internacional. La seua especialitat \u00e9s la modalitat de t\u00e8cnica i va obtindre el cinqu\u00e9 lloc en el Campionat Mundial a Taipei.<\/p>\n\n\n\n<p class=\"wp-block-paragraph\"><\/p>\n","protected":false},"excerpt":{"rendered":"<div class=\"mh-excerpt\">Este dijous, 4 d&#8217;agost, arranquen les Festes d&#8217;Agost de Godelleta amb el tradicional Preg\u00f3.\u00a0 Enguany les i els esportistes de Godelleta seran les persones encarregades de realitzar el Preg\u00f3 que donar\u00e0 principi a les festes. <a class=\"mh-excerpt-more\" href=\"https:\/\/tucomarca.whitekongsoftware.com\/ca\/godelleta-comenca-aquest-dijous-les-seues-festes-dagost\/\" title=\"Godelleta comen\u00e7a aquest dijous les seues Festes d&#8217;Agost\">[+] <\/a><\/div>\n","protected":false},"author":12,"featured_media":163529,"comment_status":"open","ping_status":"open","sticky":false,"template":"","format":"standard","meta":{"footnotes":""},"categories":[11019,10977,10894,10912,11007,10896],"tags":[17598,11087,10914,17599],"class_list":["post-163530","post","type-post","status-publish","format-standard","has-post-thumbnail","category-agenda-ca","category-godelleta-ca","category-la-comarca-ca","category-la-hoya-ca","category-ocio-y-cultura-ca","category-seccion-ca","tag-fiestas-de-godelleta-ca","tag-godelleta-ca","tag-la-hoya-de-bunol-chiva-ca","tag-pregon-ca"],"_links":{"self":[{"href":"https:\/\/tucomarca.whitekongsoftware.com\/ca\/wp-json\/wp\/v2\/posts\/163530","targetHints":{"allow":["GET"]}}],"collection":[{"href":"https:\/\/tucomarca.whitekongsoftware.com\/ca\/wp-json\/wp\/v2\/posts"}],"about":[{"href":"https:\/\/tucomarca.whitekongsoftware.com\/ca\/wp-json\/wp\/v2\/types\/post"}],"author":[{"embeddable":true,"href":"https:\/\/tucomarca.whitekongsoftware.com\/ca\/wp-json\/wp\/v2\/users\/12"}],"replies":[{"embeddable":true,"href":"https:\/\/tucomarca.whitekongsoftware.com\/ca\/wp-json\/wp\/v2\/comments?post=163530"}],"version-history":[{"count":0,"href":"https:\/\/tucomarca.whitekongsoftware.com\/ca\/wp-json\/wp\/v2\/posts\/163530\/revisions"}],"wp:featuredmedia":[{"embeddable":true,"href":"https:\/\/tucomarca.whitekongsoftware.com\/ca\/wp-json\/wp\/v2\/media\/163529"}],"wp:attachment":[{"href":"https:\/\/tucomarca.whitekongsoftware.com\/ca\/wp-json\/wp\/v2\/media?parent=163530"}],"wp:term":[{"taxonomy":"category","embeddable":true,"href":"https:\/\/tucomarca.whitekongsoftware.com\/ca\/wp-json\/wp\/v2\/categories?post=163530"},{"taxonomy":"post_tag","embeddable":true,"href":"https:\/\/tucomarca.whitekongsoftware.com\/ca\/wp-json\/wp\/v2\/tags?post=163530"}],"curies":[{"name":"wp","href":"https:\/\/api.w.org\/{rel}","templated":true}]}}