{"id":163494,"date":"2022-08-03T12:00:00","date_gmt":"2022-08-03T10:00:00","guid":{"rendered":"http:\/\/www.tucomarca.com\/wordpress\/segunda\/?p=163494"},"modified":"2022-08-03T14:51:13","modified_gmt":"2022-08-03T12:51:13","slug":"lajuntament-de-turis-reuneix-la-comissio-de-coordinacio-per-a-lorganitzacio-de-les-festes","status":"publish","type":"post","link":"https:\/\/tucomarca.whitekongsoftware.com\/ca\/lajuntament-de-turis-reuneix-la-comissio-de-coordinacio-per-a-lorganitzacio-de-les-festes\/","title":{"rendered":"L&#8217;Ajuntament de Tur\u00eds reuneix la comissi\u00f3 de coordinaci\u00f3 per a l&#8217;organitzaci\u00f3 de les festes"},"content":{"rendered":"\n<p class=\"wp-block-paragraph\">L&#8217;alcalde de Tur\u00eds, Eugenio Forta\u00f1a, els responsables de les regidories involucrades en les festes, personal t\u00e8cnic especialitzat i caps de Policia Local i Protecci\u00f3 Civil, han aportat la seua visi\u00f3 i experi\u00e8ncia en una fruct\u00edfera reuni\u00f3 de treball per a la bona organitzaci\u00f3 de les Festes d&#8217;Agost 2022.<br>\u00c9s important que s&#8217;estudien els detalls i la planificaci\u00f3 d&#8217;unes festes segures perqu\u00e8 d&#8217;aquesta manera es puguen gaudir amb totes les garanties per les ve\u00efnes i ve\u00efns.<\/p>\n\n\n\n<p class=\"wp-block-paragraph\"><br><\/p>\n","protected":false},"excerpt":{"rendered":"<div class=\"mh-excerpt\">L&#8217;alcalde de Tur\u00eds, Eugenio Forta\u00f1a, els responsables de les regidories involucrades en les festes, personal t\u00e8cnic especialitzat i caps de Policia Local i Protecci\u00f3 Civil, han aportat la seua visi\u00f3 i experi\u00e8ncia en una fruct\u00edfera <a class=\"mh-excerpt-more\" href=\"https:\/\/tucomarca.whitekongsoftware.com\/ca\/lajuntament-de-turis-reuneix-la-comissio-de-coordinacio-per-a-lorganitzacio-de-les-festes\/\" title=\"L&#8217;Ajuntament de Tur\u00eds reuneix la comissi\u00f3 de coordinaci\u00f3 per a l&#8217;organitzaci\u00f3 de les festes\">[+] <\/a><\/div>\n","protected":false},"author":12,"featured_media":163493,"comment_status":"open","ping_status":"open","sticky":false,"template":"","format":"standard","meta":{"footnotes":""},"categories":[10948,10894,10902,10896,11047],"tags":[11191,11077,11093],"class_list":["post-163494","post","type-post","status-publish","format-standard","has-post-thumbnail","category-infraestructuras-ca","category-la-comarca-ca","category-la-ribera-ca","category-seccion-ca","category-turis-ca","tag-fiestas-ca","tag-la-ribera-alta-ca","tag-turis-ca"],"_links":{"self":[{"href":"https:\/\/tucomarca.whitekongsoftware.com\/ca\/wp-json\/wp\/v2\/posts\/163494","targetHints":{"allow":["GET"]}}],"collection":[{"href":"https:\/\/tucomarca.whitekongsoftware.com\/ca\/wp-json\/wp\/v2\/posts"}],"about":[{"href":"https:\/\/tucomarca.whitekongsoftware.com\/ca\/wp-json\/wp\/v2\/types\/post"}],"author":[{"embeddable":true,"href":"https:\/\/tucomarca.whitekongsoftware.com\/ca\/wp-json\/wp\/v2\/users\/12"}],"replies":[{"embeddable":true,"href":"https:\/\/tucomarca.whitekongsoftware.com\/ca\/wp-json\/wp\/v2\/comments?post=163494"}],"version-history":[{"count":0,"href":"https:\/\/tucomarca.whitekongsoftware.com\/ca\/wp-json\/wp\/v2\/posts\/163494\/revisions"}],"wp:featuredmedia":[{"embeddable":true,"href":"https:\/\/tucomarca.whitekongsoftware.com\/ca\/wp-json\/wp\/v2\/media\/163493"}],"wp:attachment":[{"href":"https:\/\/tucomarca.whitekongsoftware.com\/ca\/wp-json\/wp\/v2\/media?parent=163494"}],"wp:term":[{"taxonomy":"category","embeddable":true,"href":"https:\/\/tucomarca.whitekongsoftware.com\/ca\/wp-json\/wp\/v2\/categories?post=163494"},{"taxonomy":"post_tag","embeddable":true,"href":"https:\/\/tucomarca.whitekongsoftware.com\/ca\/wp-json\/wp\/v2\/tags?post=163494"}],"curies":[{"name":"wp","href":"https:\/\/api.w.org\/{rel}","templated":true}]}}