{"id":163474,"date":"2022-08-03T10:00:00","date_gmt":"2022-08-03T08:00:00","guid":{"rendered":"http:\/\/www.tucomarca.com\/wordpress\/segunda\/?p=163474"},"modified":"2022-08-03T11:11:18","modified_gmt":"2022-08-03T09:11:18","slug":"la-guardia-civil-dete-a-betera-a-dos-estrangers-amb-una-ordre-dextradicio-de-luxemburg","status":"publish","type":"post","link":"https:\/\/tucomarca.whitekongsoftware.com\/ca\/la-guardia-civil-dete-a-betera-a-dos-estrangers-amb-una-ordre-dextradicio-de-luxemburg\/","title":{"rendered":"La Gu\u00e0rdia Civil det\u00e9 a B\u00e9tera a dos estrangers amb una ordre d&#8217;extradici\u00f3 de Luxemburg"},"content":{"rendered":"\n<h4 class=\"wp-block-heading\"><strong>A mitjan mes de juliol es va tindre coneixement que podrien estar ocultant-se a B\u00e9tera dues persones amb ordre internacional d&#8217;extradici\u00f3 a Luxemburg<\/strong><\/h4>\n\n\n\n<h4 class=\"wp-block-heading\"><strong>Els agents van aconseguir detindre en dos dies a les persones per la seua participaci\u00f3 en diversos delictes perpetrats a Luxemburg: estafa, blanqueig de capitals, ocultaci\u00f3 de b\u00e9ns robats, frau, falsificaci\u00f3 de document p\u00fablic i participaci\u00f3 en Organitzaci\u00f3 delictiva<\/strong><\/h4>\n\n\n\n<p class=\"wp-block-paragraph\">La Gu\u00e0rdia Civil de Val\u00e8ncia ha detingut a B\u00e9tera a dues persones, un home camerun\u00e9s de 38 anys i una dona francesa de 41 anys, sobre les que pesava una ordre internacional d&#8217;extradici\u00f3 de Luxemburg pels delictes d&#8217;estafa, blanqueig de capitals, ocultaci\u00f3 de b\u00e9ns robats, frau, falsificaci\u00f3 de document p\u00fablic i participaci\u00f3 en organitzaci\u00f3 delictiva.<br>A mitjan mes de juliol els agents de la Gu\u00e0rdia Civil van obtindre la informaci\u00f3 que existia una ordre internacional d&#8217;extradici\u00f3 sobre dues persones que residien a B\u00e9tera. Despr\u00e9s de comprovar la vig\u00e8ncia de l&#8217;ordre, es va localitzar i va detindre a un home carmerun\u00e9s de 38 anys.\u00a0<br>L&#8217;endem\u00e0, despr\u00e9s de la pr\u00e0ctica de gestions, es va trobar a l&#8217;altra dona, de nacionalitat francesa, que figurava en l&#8217;ordre internacional. Aquesta es trobava conduint un vehicle d&#8217;alta gamma que, a inst\u00e0ncies de les autoritats luxemburgueses, va ser confiscat.<br>Dels fets \u00e9s coneixedor, a l&#8217;efecte d&#8217;extradici\u00f3 als Tribunals de Just\u00edcia de Luxemburg, el Jutjat Central d&#8217;Instrucci\u00f3 n\u00famero 2 de l&#8217;Audi\u00e8ncia Nacional (Madrid), on van ser entregats els dos detinguts.<\/p>\n","protected":false},"excerpt":{"rendered":"<div class=\"mh-excerpt\">A mitjan mes de juliol es va tindre coneixement que podrien estar ocultant-se a B\u00e9tera dues persones amb ordre internacional d&#8217;extradici\u00f3 a Luxemburg Els agents van aconseguir detindre en dos dies a les persones per <a class=\"mh-excerpt-more\" href=\"https:\/\/tucomarca.whitekongsoftware.com\/ca\/la-guardia-civil-dete-a-betera-a-dos-estrangers-amb-una-ordre-dextradicio-de-luxemburg\/\" title=\"La Gu\u00e0rdia Civil det\u00e9 a B\u00e9tera a dos estrangers amb una ordre d&#8217;extradici\u00f3 de Luxemburg\">[+] <\/a><\/div>\n","protected":false},"author":1,"featured_media":163472,"comment_status":"open","ping_status":"open","sticky":false,"template":"","format":"standard","meta":{"footnotes":""},"categories":[10937,10892,10898,10894,10896,10897],"tags":[11202,10899,12920],"class_list":["post-163474","post","type-post","status-publish","format-standard","has-post-thumbnail","category-betera-ca","category-camp-de-turia-ca","category-ventana-ca","category-la-comarca-ca","category-seccion-ca","category-sucesos-la-comarca-ca","tag-betera-ca","tag-camp-de-turia-ca","tag-detenidos-ca"],"_links":{"self":[{"href":"https:\/\/tucomarca.whitekongsoftware.com\/ca\/wp-json\/wp\/v2\/posts\/163474","targetHints":{"allow":["GET"]}}],"collection":[{"href":"https:\/\/tucomarca.whitekongsoftware.com\/ca\/wp-json\/wp\/v2\/posts"}],"about":[{"href":"https:\/\/tucomarca.whitekongsoftware.com\/ca\/wp-json\/wp\/v2\/types\/post"}],"author":[{"embeddable":true,"href":"https:\/\/tucomarca.whitekongsoftware.com\/ca\/wp-json\/wp\/v2\/users\/1"}],"replies":[{"embeddable":true,"href":"https:\/\/tucomarca.whitekongsoftware.com\/ca\/wp-json\/wp\/v2\/comments?post=163474"}],"version-history":[{"count":0,"href":"https:\/\/tucomarca.whitekongsoftware.com\/ca\/wp-json\/wp\/v2\/posts\/163474\/revisions"}],"wp:featuredmedia":[{"embeddable":true,"href":"https:\/\/tucomarca.whitekongsoftware.com\/ca\/wp-json\/wp\/v2\/media\/163472"}],"wp:attachment":[{"href":"https:\/\/tucomarca.whitekongsoftware.com\/ca\/wp-json\/wp\/v2\/media?parent=163474"}],"wp:term":[{"taxonomy":"category","embeddable":true,"href":"https:\/\/tucomarca.whitekongsoftware.com\/ca\/wp-json\/wp\/v2\/categories?post=163474"},{"taxonomy":"post_tag","embeddable":true,"href":"https:\/\/tucomarca.whitekongsoftware.com\/ca\/wp-json\/wp\/v2\/tags?post=163474"}],"curies":[{"name":"wp","href":"https:\/\/api.w.org\/{rel}","templated":true}]}}