{"id":163374,"date":"2022-08-03T09:30:00","date_gmt":"2022-08-03T07:30:00","guid":{"rendered":"http:\/\/www.tucomarca.com\/wordpress\/segunda\/?p=163374"},"modified":"2022-08-03T10:30:49","modified_gmt":"2022-08-03T08:30:49","slug":"el-pp-assegura-que-el-govern-de-sa-pobla-ha-dilapidat-tres-anys-de-treball-i-diners-publics-amb-el-nyap-dexpedient-per-a-convertir-en-dotacional-public-la-finca-la-cens","status":"publish","type":"post","link":"https:\/\/tucomarca.whitekongsoftware.com\/ca\/el-pp-assegura-que-el-govern-de-sa-pobla-ha-dilapidat-tres-anys-de-treball-i-diners-publics-amb-el-nyap-dexpedient-per-a-convertir-en-dotacional-public-la-finca-la-cens\/","title":{"rendered":"El PP assegura que el govern de sa Pobla ha dilapidat tres anys de treball i diners p\u00fablics amb el \u201cnyap\u201d d&#8217;expedient per a convertir en dotacional p\u00fablic la finca \u2018La Cens\u2019"},"content":{"rendered":"\n<p class=\"wp-block-paragraph\"><strong>Contelles assenyala que el regidor d&#8217;Urbanisme, Juan Aguilar (CONTINGENT), \u201cha mentit\u201d al ple i ocultat la sent\u00e8ncia que anul\u00b7la l&#8217;expedient \u201cla qual coneixia des de febrer i no va comunicar a l&#8217;oposici\u00f3 ni als ve\u00efns.<\/strong><\/p>\n\n\n\n<p class=\"wp-block-paragraph\"><strong>El regidor d&#8217;Urbanisme va qualificar de magistral l&#8217;expedient que ara no ha recorregut , per la qual cosa el govern municipal sap que el seu criteri no \u00e9s el correcte.<\/strong><\/p>\n\n\n\n<p class=\"wp-block-paragraph\"><strong>La portaveu popular assenyala que \u201cest\u00e0 tot barroerament malament i aix\u00ed i tot el govern segueix sense recon\u00e9ixer el seu error, generant falses esperances als propietaris i sense solucionar la falta de seguretat que es produeix en l&#8217;entorn pels despreniments a causa de la deterioraci\u00f3 de la finca.<\/strong><\/p>\n\n\n\n<p class=\"wp-block-paragraph\">La portaveu del Partit Popular a l&#8217;Ajuntament de la Pobla de Vallbona, Mari Carmen Contelles, ha denunciat que el govern municipal de Josep Vicent Garcia de Comprom\u00eds en coalici\u00f3 amb PSOE, CONTINGENT i l&#8217;ex regidor d&#8217;Amb tu \u201cha dilapidat tres anys de treball i diners p\u00fablics amb el \u201cnyap\u201d d&#8217;expedient que anul\u00b7la la qualificaci\u00f3 com a s\u00f2l dotacional p\u00fablic el solar de la finca \u2018La Cens\u2019.<\/p>\n\n\n\n<p class=\"wp-block-paragraph\">La portaveu popular s&#8217;ha referit aix\u00ed a la sent\u00e8ncia n\u00famero 108, de 17\/02\/2022, del TSJ de la Comunitat Valenciana, que anul\u00b7la la qualificaci\u00f3 com a s\u00f2l dotacional p\u00fablic \u201cQM-1\u201d del solar situat en l&#8217;avinguda de Col\u00f3n, 78, l&#8217;edifici conegut com La Cens, que suposa \u201cuna garrotada a les accions executades pel govern municipal en els \u00faltims tres anys\u201d i que fa que decaiguen els expedients que segueixen com l&#8217;aprovaci\u00f3 de l&#8217;expedient expropiatori per a l&#8217;obtenci\u00f3 de la parcel\u00b7la i l&#8217;expedient del Jurat provincial d&#8217;expropiaci\u00f3 per a determinar el preu just.<\/p>\n\n\n\n<p class=\"wp-block-paragraph\">En concret, Contelles ha assenyalat que el regidor d&#8217;Urbanisme, Juan Aguilar Moncayo, del partit d&#8217;urbanitzacions CONTINGENT, \u201cha sigut un irresponsable\u201d i \u201cha mentit davant el ple, davant preguntes del Partit Popular , fet molt greu\u201d at\u00e9s que es fa en el m\u00e0xim \u00f2rgan de representaci\u00f3 de l&#8217;ajuntament , recordant que en altres plens quan s&#8217;ha tractat aquest assumpte el regidor , ha qualificat el \u201cexpedient de magistral\u201d.<\/p>\n\n\n\n<p class=\"wp-block-paragraph\">El jutjat indica en la resoluci\u00f3 que no existeix motivaci\u00f3 adequada que justifique la mesura que vol adoptar l&#8217;ajuntament ja no s&#8217;aporten informes que justifiquen les mesures proposades \u201d . La sent\u00e8ncia del Tribunal fa que decaiguen les actuacions que es van iniciar fa tres anys i mig amb els conseg\u00fcents costos a l&#8217;ajuntament . El regidor d&#8217;Urbanisme com a responsable de l&#8217;\u00e0rea ha d&#8217;assumir responsabilitats i com poc recon\u00e9ixer el nyap que ha provocat amb els diners de tots els poblanos , ha subratllat la portaveu popular.&nbsp;<\/p>\n\n\n\n<p class=\"wp-block-paragraph\">La portaveu del PP ha subratllat que \u201csi l&#8217;ajuntament no ha recorregut la sent\u00e8ncia\u201d \u00e9s perqu\u00e8 el govern municipal \u201csap que el seu criteri no era el correcte\u201d aix\u00ed que han de recon\u00e9ixer el seu error i no generar falses expectatives als propietaris i ve\u00efns de sa Pobla.&nbsp;<\/p>\n\n\n\n<p class=\"wp-block-paragraph\">\u201cEl regidor d&#8217;Urbanisme vol portar a l&#8217;absurd el tema intentant minimitzar el resultat i ara tornem a l&#8217;inici amb l&#8217;agreujant d&#8217;haver gastat el temps i els diners dels ve\u00efns i no haver resolt els temes de seguretat amb les ensulsiades que es produeixen \u201d, ha concl\u00f2s Contelles, demanant la responsabilitat al regidor Juan Aguilar en particular i a l&#8217;alcalde Josep Vicent Garcia despr\u00e9s de \u201cel empastre\u201d realitzat amb l&#8217;expedient de l&#8217;edifici de la Cens tema capital per als propietaris i per a la seguretat dels habitatges confrontants i els vianants que passen per la zona , vivim en una situaci\u00f3 de perill constant per la situaci\u00f3 de manteniment de la finca que ha provocat despreniments a les cases i a la carrers .<\/p>\n","protected":false},"excerpt":{"rendered":"<div class=\"mh-excerpt\">Contelles assenyala que el regidor d&#8217;Urbanisme, Juan Aguilar (CONTINGENT), \u201cha mentit\u201d al ple i ocultat la sent\u00e8ncia que anul\u00b7la l&#8217;expedient \u201cla qual coneixia des de febrer i no va comunicar a l&#8217;oposici\u00f3 ni als ve\u00efns. <a class=\"mh-excerpt-more\" href=\"https:\/\/tucomarca.whitekongsoftware.com\/ca\/el-pp-assegura-que-el-govern-de-sa-pobla-ha-dilapidat-tres-anys-de-treball-i-diners-publics-amb-el-nyap-dexpedient-per-a-convertir-en-dotacional-public-la-finca-la-cens\/\" title=\"El PP assegura que el govern de sa Pobla ha dilapidat tres anys de treball i diners p\u00fablics amb el \u201cnyap\u201d d&#8217;expedient per a convertir en dotacional p\u00fablic la finca \u2018La Cens\u2019\">[+] <\/a><\/div>\n","protected":false},"author":13,"featured_media":163368,"comment_status":"open","ping_status":"open","sticky":false,"template":"","format":"standard","meta":{"footnotes":""},"categories":[10892,10948,10894,10915,10947,10896],"tags":[10899,10916,11140],"class_list":["post-163374","post","type-post","status-publish","format-standard","has-post-thumbnail","category-camp-de-turia-ca","category-infraestructuras-ca","category-la-comarca-ca","category-la-pobla-ca","category-politica","category-seccion-ca","tag-camp-de-turia-ca","tag-la-pobla-de-vallbona-ca","tag-politica-ca"],"_links":{"self":[{"href":"https:\/\/tucomarca.whitekongsoftware.com\/ca\/wp-json\/wp\/v2\/posts\/163374","targetHints":{"allow":["GET"]}}],"collection":[{"href":"https:\/\/tucomarca.whitekongsoftware.com\/ca\/wp-json\/wp\/v2\/posts"}],"about":[{"href":"https:\/\/tucomarca.whitekongsoftware.com\/ca\/wp-json\/wp\/v2\/types\/post"}],"author":[{"embeddable":true,"href":"https:\/\/tucomarca.whitekongsoftware.com\/ca\/wp-json\/wp\/v2\/users\/13"}],"replies":[{"embeddable":true,"href":"https:\/\/tucomarca.whitekongsoftware.com\/ca\/wp-json\/wp\/v2\/comments?post=163374"}],"version-history":[{"count":0,"href":"https:\/\/tucomarca.whitekongsoftware.com\/ca\/wp-json\/wp\/v2\/posts\/163374\/revisions"}],"wp:featuredmedia":[{"embeddable":true,"href":"https:\/\/tucomarca.whitekongsoftware.com\/ca\/wp-json\/wp\/v2\/media\/163368"}],"wp:attachment":[{"href":"https:\/\/tucomarca.whitekongsoftware.com\/ca\/wp-json\/wp\/v2\/media?parent=163374"}],"wp:term":[{"taxonomy":"category","embeddable":true,"href":"https:\/\/tucomarca.whitekongsoftware.com\/ca\/wp-json\/wp\/v2\/categories?post=163374"},{"taxonomy":"post_tag","embeddable":true,"href":"https:\/\/tucomarca.whitekongsoftware.com\/ca\/wp-json\/wp\/v2\/tags?post=163374"}],"curies":[{"name":"wp","href":"https:\/\/api.w.org\/{rel}","templated":true}]}}