{"id":163361,"date":"2022-08-02T10:00:00","date_gmt":"2022-08-02T08:00:00","guid":{"rendered":"http:\/\/www.tucomarca.com\/wordpress\/segunda\/?p=163361"},"modified":"2022-08-02T18:56:36","modified_gmt":"2022-08-02T16:56:36","slug":"riba-roja-aconsegueix-el-record-dafiliats-a-la-seguretat-social-amb-18-507-durant-el-primer-semestre-denguany-i-supera-en-un-10-les-xifres-pre-pandemia","status":"publish","type":"post","link":"https:\/\/tucomarca.whitekongsoftware.com\/ca\/riba-roja-aconsegueix-el-record-dafiliats-a-la-seguretat-social-amb-18-507-durant-el-primer-semestre-denguany-i-supera-en-un-10-les-xifres-pre-pandemia\/","title":{"rendered":"Riba-roja aconsegueix el r\u00e8cord d&#8217;afiliats a la Seguretat Social amb 18.507 durant el primer semestre d&#8217;enguany i supera en un 10% les xifres pre-pand\u00e8mia"},"content":{"rendered":"\n<p class=\"wp-block-paragraph\">El municipi segueix la tend\u00e8ncia a l&#8217;al\u00e7a dels \u00faltims temps amb prop de 930 afiliacions m\u00e9s que al gener passat i el r\u00e8gim general \u00e9s el que concentra major n\u00famero amb 16.512 en total&nbsp;<\/p>\n\n\n\n<p class=\"wp-block-paragraph\">El municipi de Riba-roja de T\u00faria ha aconseguit xifres r\u00e8cord en afiliacions a la Seguretat Social durant aquest primer semestre d&#8217;any amb un total de 18.507 persones, segons les xifres publicades per la Seguretat Social. Aquestes estad\u00edstiques suposen una reafirmaci\u00f3 en la tend\u00e8ncia positiva dels \u00faltims anys en situar-se en una situaci\u00f3 millor que en la pre-pand\u00e8mia amb un increment de fins al 10% entre tots dos per\u00edodes de temps.&nbsp;<\/p>\n\n\n\n<p class=\"wp-block-paragraph\">Segons aquestes estad\u00edstiques, el mes de juny es va tancar amb un total de 18.507 afiliats a la Seguretat Social i una evoluci\u00f3 positiva respecte del mateix mes en els anys precedents, amb 1.688 m\u00e9s que al juny de 2019 \u2013un 10% d&#8217;increment-, altres 1.674 afiliats m\u00e9s respecte a juny de l&#8217;any 2020 \u2013un 9\u20199% m\u00e9s d&#8217;augment- i, finalment, respecte de juny del passat exercici de 2021 s&#8217;han incrementat en altres 665 afiliats m\u00e9s i un 3\u20197% en total.&nbsp;<\/p>\n\n\n\n<p class=\"wp-block-paragraph\">D&#8217;aquesta manera, al juny de 2019 es van registrar 16.819 afiliats, altres 16.833 al juny de l&#8217;any 2020 i, finalment, al juny de 2021 es van comptabilitzar un total de 17.842 afiliacions en total, segons les dades de la Seguretat Social. L&#8217;augment es nota, tamb\u00e9, al llarg de tots els mesos d&#8217;aquest mateix any, amb 17.576 afiliacions al gener, altres 17.650 al febrer, altres 17.798 al mar\u00e7, a l&#8217;abril es van registrar 18.348, altres 18.277 al maig i, finalment, al juny es van comptabilitzar els citats 18.507 afiliats.&nbsp;<\/p>\n\n\n\n<p class=\"wp-block-paragraph\">Del total d&#8217;afiliats al juny a Riba-roja de T\u00faria, una gran majoria corresponen al r\u00e8gim general amb 16.512, altres 63 s\u00f3n del r\u00e8gim agrari, altres 101 del r\u00e8gim de la llar i, finalment, els restants 1.830 afiliats s\u00f3n treballadors aut\u00f2noms. Al llarg d&#8217;enguany, mentre el sector agrari ha passat de tindre 119 afiliacions a la Seguretat Social al gener a les 63 al juny, en el r\u00e8gim general s&#8217;han concentrat la major pujada, dels 15.533 afiliats de gener s&#8217;ha passat als 16.512 afiliats. El sector dels aut\u00f2noms es mant\u00e9 estable al llarg del present exercici amb les 1.818 afiliacions a la Seguretat Social registrades al gener passat als 1.823 dels mesos d&#8217;abril i maig fins a aconseguir les 1.830 afiliacions de juny.&nbsp;<br>Per trams d&#8217;edat, les afiliacions d&#8217;entre 45 i 49 anys reuneixen una major concentraci\u00f3 amb 3.412 en aquest segon trimestre, seguit pels 2.992 del tram d&#8217;edat entre els 40 i 44 anys, mentre que els d&#8217;entre 35 i 39 anys d&#8217;edat s&#8217;han mantingut en altres 2.128 afiliacions a la Seguretat Social o les 2.774 persones afiliades i les edats de les quals oscil\u00b7len entre els 50 i 54 anys d&#8217;edat. Finalment, cal destacar els 1.993 afiliats d&#8217;entre 55 i 59 anys.&nbsp;<\/p>\n\n\n\n<p class=\"wp-block-paragraph\">Cal destacar que en el conjunt de la Comunitat Valenciana l&#8217;afiliaci\u00f3 mitjana a la Seguretat Social es va situar en un total de 1\u20199 milions de treballadors, \u00e9s a dir, un increment de fins al 2\u201905% respecte al mes anterior i d&#8217;un altre 2\u201961% si es compara amb el mateix mes del passat exercici de 2021. Per prov\u00edncies, a Val\u00e8ncia augmenta prop del 3%, un altre 2\u20196% a la prov\u00edncia de Castell\u00f3 i, finalment, un 0\u201953% d&#8217;increment a Alacant.&nbsp;<\/p>\n\n\n\n<p class=\"wp-block-paragraph\">L&#8217;alcalde de Riba-roja de T\u00faria, Robert Raga, ha afirmat que les dades sobre la Seguretat Social \u201cs\u00f3n molt positius per al nostre municipi i corroboren la tend\u00e8ncia que venim analitzant en els \u00faltims temps i marquen, al mateix temps, el rumb que hem de continuar, amb un esfor\u00e7 notable per facilitar les condicions favorables perqu\u00e8 les empreses creuen llocs de treball entre els nostres ve\u00efns i, per aix\u00f2, seguirem en el mateix cam\u00ed\u201d.<\/p>\n\n\n\n<p class=\"wp-block-paragraph\"><\/p>\n","protected":false},"excerpt":{"rendered":"<div class=\"mh-excerpt\">El municipi segueix la tend\u00e8ncia a l&#8217;al\u00e7a dels \u00faltims temps amb prop de 930 afiliacions m\u00e9s que al gener passat i el r\u00e8gim general \u00e9s el que concentra major n\u00famero amb 16.512 en total&nbsp; El <a class=\"mh-excerpt-more\" href=\"https:\/\/tucomarca.whitekongsoftware.com\/ca\/riba-roja-aconsegueix-el-record-dafiliats-a-la-seguretat-social-amb-18-507-durant-el-primer-semestre-denguany-i-supera-en-un-10-les-xifres-pre-pandemia\/\" title=\"Riba-roja aconsegueix el r\u00e8cord d&#8217;afiliats a la Seguretat Social amb 18.507 durant el primer semestre d&#8217;enguany i supera en un 10% les xifres pre-pand\u00e8mia\">[+] <\/a><\/div>\n","protected":false},"author":12,"featured_media":148514,"comment_status":"open","ping_status":"open","sticky":false,"template":"","format":"standard","meta":{"footnotes":""},"categories":[10892,10948,10894,10947,10906,10896],"tags":[17593,10899,15024],"class_list":["post-163361","post","type-post","status-publish","format-standard","has-post-thumbnail","category-camp-de-turia-ca","category-infraestructuras-ca","category-la-comarca-ca","category-politica","category-riba-roja-ca","category-seccion-ca","tag-afiliados-a-la-seguridad-social-ca","tag-camp-de-turia-ca","tag-riba-roja-de-turia-ca"],"_links":{"self":[{"href":"https:\/\/tucomarca.whitekongsoftware.com\/ca\/wp-json\/wp\/v2\/posts\/163361","targetHints":{"allow":["GET"]}}],"collection":[{"href":"https:\/\/tucomarca.whitekongsoftware.com\/ca\/wp-json\/wp\/v2\/posts"}],"about":[{"href":"https:\/\/tucomarca.whitekongsoftware.com\/ca\/wp-json\/wp\/v2\/types\/post"}],"author":[{"embeddable":true,"href":"https:\/\/tucomarca.whitekongsoftware.com\/ca\/wp-json\/wp\/v2\/users\/12"}],"replies":[{"embeddable":true,"href":"https:\/\/tucomarca.whitekongsoftware.com\/ca\/wp-json\/wp\/v2\/comments?post=163361"}],"version-history":[{"count":0,"href":"https:\/\/tucomarca.whitekongsoftware.com\/ca\/wp-json\/wp\/v2\/posts\/163361\/revisions"}],"wp:featuredmedia":[{"embeddable":true,"href":"https:\/\/tucomarca.whitekongsoftware.com\/ca\/wp-json\/wp\/v2\/media\/148514"}],"wp:attachment":[{"href":"https:\/\/tucomarca.whitekongsoftware.com\/ca\/wp-json\/wp\/v2\/media?parent=163361"}],"wp:term":[{"taxonomy":"category","embeddable":true,"href":"https:\/\/tucomarca.whitekongsoftware.com\/ca\/wp-json\/wp\/v2\/categories?post=163361"},{"taxonomy":"post_tag","embeddable":true,"href":"https:\/\/tucomarca.whitekongsoftware.com\/ca\/wp-json\/wp\/v2\/tags?post=163361"}],"curies":[{"name":"wp","href":"https:\/\/api.w.org\/{rel}","templated":true}]}}