{"id":163289,"date":"2022-08-01T12:00:00","date_gmt":"2022-08-01T10:00:00","guid":{"rendered":"http:\/\/www.tucomarca.com\/wordpress\/segunda\/?p=163289"},"modified":"2022-08-01T19:14:42","modified_gmt":"2022-08-01T17:14:42","slug":"la-sequera-i-les-onades-de-calor-estan-provocant-forts-minvaments-en-la-produccio-viticola-de-requena-utiel","status":"publish","type":"post","link":"https:\/\/tucomarca.whitekongsoftware.com\/ca\/la-sequera-i-les-onades-de-calor-estan-provocant-forts-minvaments-en-la-produccio-viticola-de-requena-utiel\/","title":{"rendered":"La sequera i les onades de calor estan provocant forts minvaments en la producci\u00f3 vit\u00edcola de Requena-Utiel"},"content":{"rendered":"\n<p class=\"wp-block-paragraph\">Els viticultors de Requena-Utiel\u00a0coincideixen a afirmar que, l&#8217;estiu m\u00e9s calor\u00f3s del normal que estem tenint est\u00e0 perjudicant la vinya i especialment al cultivat en sec\u00e0. El motiu, \u00e9s que les fortes calors han provocat una r\u00e0pida evaporaci\u00f3 d&#8217;una part important de les reserves d&#8217;humitat que tenia la terra.<\/p>\n\n\n\n<p class=\"wp-block-paragraph\">El mes de mar\u00e7 va ser bastant pluj\u00f3s; per\u00f2 despr\u00e9s les pluges han sigut escasses i les altes temperatures han accelerat la p\u00e8rdua d&#8217;humitat de la terra.<\/p>\n\n\n\n<p class=\"wp-block-paragraph\">Per l&#8217;acci\u00f3 conjunta de les fortes calors i la sequera &#8220;s&#8217;observa un menor creixement dels grans dels ra\u00efms del ra\u00efm i la dessecaci\u00f3 de p\u00e0mpols&#8221; afirmen els viticultors. Concreten a m\u00e9s, que les varietats de ra\u00efm Macabeu i Ull de llebre s\u00f3n les m\u00e9s afectades pels fen\u00f2mens atmosf\u00e8rics. Informa, Luis Ib\u00e1\u00f1ez.<\/p>\n","protected":false},"excerpt":{"rendered":"<div class=\"mh-excerpt\">Els viticultors de Requena-Utiel\u00a0coincideixen a afirmar que, l&#8217;estiu m\u00e9s calor\u00f3s del normal que estem tenint est\u00e0 perjudicant la vinya i especialment al cultivat en sec\u00e0. El motiu, \u00e9s que les fortes calors han provocat una <a class=\"mh-excerpt-more\" href=\"https:\/\/tucomarca.whitekongsoftware.com\/ca\/la-sequera-i-les-onades-de-calor-estan-provocant-forts-minvaments-en-la-produccio-viticola-de-requena-utiel\/\" title=\"La sequera i les onades de calor estan provocant forts minvaments en la producci\u00f3 vit\u00edcola de Requena-Utiel\">[+] <\/a><\/div>\n","protected":false},"author":13,"featured_media":163287,"comment_status":"open","ping_status":"open","sticky":false,"template":"","format":"standard","meta":{"footnotes":""},"categories":[10905,11006,10898,10948,10894,10909,10896,10897],"tags":[10910,12673],"class_list":["post-163289","post","type-post","status-publish","format-standard","has-post-thumbnail","category-agricultura-la-comarca-ca","category-canal-vinos","category-ventana-ca","category-infraestructuras-ca","category-la-comarca-ca","category-requena-utiel-ca","category-seccion-ca","category-sucesos-la-comarca-ca","tag-requena-utiel-ca","tag-vinos-2-ca"],"_links":{"self":[{"href":"https:\/\/tucomarca.whitekongsoftware.com\/ca\/wp-json\/wp\/v2\/posts\/163289","targetHints":{"allow":["GET"]}}],"collection":[{"href":"https:\/\/tucomarca.whitekongsoftware.com\/ca\/wp-json\/wp\/v2\/posts"}],"about":[{"href":"https:\/\/tucomarca.whitekongsoftware.com\/ca\/wp-json\/wp\/v2\/types\/post"}],"author":[{"embeddable":true,"href":"https:\/\/tucomarca.whitekongsoftware.com\/ca\/wp-json\/wp\/v2\/users\/13"}],"replies":[{"embeddable":true,"href":"https:\/\/tucomarca.whitekongsoftware.com\/ca\/wp-json\/wp\/v2\/comments?post=163289"}],"version-history":[{"count":0,"href":"https:\/\/tucomarca.whitekongsoftware.com\/ca\/wp-json\/wp\/v2\/posts\/163289\/revisions"}],"wp:featuredmedia":[{"embeddable":true,"href":"https:\/\/tucomarca.whitekongsoftware.com\/ca\/wp-json\/wp\/v2\/media\/163287"}],"wp:attachment":[{"href":"https:\/\/tucomarca.whitekongsoftware.com\/ca\/wp-json\/wp\/v2\/media?parent=163289"}],"wp:term":[{"taxonomy":"category","embeddable":true,"href":"https:\/\/tucomarca.whitekongsoftware.com\/ca\/wp-json\/wp\/v2\/categories?post=163289"},{"taxonomy":"post_tag","embeddable":true,"href":"https:\/\/tucomarca.whitekongsoftware.com\/ca\/wp-json\/wp\/v2\/tags?post=163289"}],"curies":[{"name":"wp","href":"https:\/\/api.w.org\/{rel}","templated":true}]}}