{"id":163267,"date":"2022-07-31T13:00:00","date_gmt":"2022-07-31T11:00:00","guid":{"rendered":"http:\/\/www.tucomarca.com\/wordpress\/segunda\/?p=163267"},"modified":"2022-08-01T14:26:49","modified_gmt":"2022-08-01T12:26:49","slug":"riba-roja-posa-en-marxa-des-dagost-el-nou-programa-de-servei-datencio-i-seguiment-per-a-les-persones-amb-problemes-de-salut-mental-greu","status":"publish","type":"post","link":"https:\/\/tucomarca.whitekongsoftware.com\/ca\/riba-roja-posa-en-marxa-des-dagost-el-nou-programa-de-servei-datencio-i-seguiment-per-a-les-persones-amb-problemes-de-salut-mental-greu\/","title":{"rendered":"Riba-roja posa en marxa des d&#8217;agost el nou programa de Servei d&#8217;Atenci\u00f3 i Seguiment per a les persones amb problemes de salut mental greu"},"content":{"rendered":"\n<h4 class=\"wp-block-heading\">El servei estar\u00e0 format per un equip multidisciplinari amb un educador social i una psic\u00f2loga que actuar\u00e0 com a responsable enfocat a ve\u00efns empadronats d&#8217;entre 18 i 65 anys d&#8217;edat&nbsp;<\/h4>\n\n\n\n<p class=\"wp-block-paragraph\">Riba-roja de T\u00faria, 31 de juliol de 2022 \u2013 L&#8217;Ajuntament de Riba-roja de T\u00faria posar\u00e0 en marxa des d&#8217;aquest pr\u00f2xim 1 d&#8217;agost el nou programa de Servei d&#8217;Atenci\u00f3 i Seguiment per a les persones amb problemes de salut mental greu (SASEM), subvencionat per la conselleria d&#8217;Igualtat i Pol\u00edtiques Inclusives. Aquest servei compta amb tres \u00e0rees principals d&#8217;intervenci\u00f3: els h\u00e0bits de salut tant f\u00edsica com mental, les activitats de la vida di\u00e0ria i, finalment, la integraci\u00f3 comunit\u00e0ria.&nbsp;<\/p>\n\n\n\n<p class=\"wp-block-paragraph\">El departament de Pol\u00edtiques Inclusives, Drets Socials i Majors de Riba-roja de T\u00faria ha disposat un equip multidisciplinari formeu per un educador social i una psic\u00f2loga que exercir\u00e0 les funcions de responsable del programa. L&#8217;horari d&#8217;atenci\u00f3 al p\u00fablic s&#8217;ha fixat en un tram de 8 a 15 hores de dilluns a divendres, mentre que l&#8217;atenci\u00f3 ser\u00e0 els dilluns, dimecres i divendres d&#8217;11 a 13 hores en el centre municipal La Botaia. A m\u00e9s, s&#8217;ha habilitat un tel\u00e8fon m\u00f2bil, el 637 898 749 perqu\u00e8 es puguen sol\u00b7licitar les cites pr\u00e8vies.&nbsp;<\/p>\n\n\n\n<p class=\"wp-block-paragraph\">El servei p\u00fablic est\u00e0 enfocat per a persones d&#8217;entre 18 i 65 anys d&#8217;edat i s&#8217;exigeix ser ve\u00ed de Riba-roja de T\u00faria. Per a ser at\u00e9s, a m\u00e9s, ha de reunir els criteris de diagn\u00f2stic de Trastorn Mental Greu o sospita de presentar-ho. Tamb\u00e9 han de patir diferents graus d&#8217;afectaci\u00f3 sobre la seua esfera personal, familiar, social i laboral, de manera que podran rebre la corresponent atenci\u00f3 del servei p\u00fablic.&nbsp;<\/p>\n\n\n\n<p class=\"wp-block-paragraph\">El programa municipal est\u00e0 enfocat com a acompanyament a persones amb malaltia mental greu en la consecuci\u00f3 d&#8217;una vida integrada en la comunitat, de manera que es puga facilitar la perman\u00e8ncia en el seu domicili particular i un entorn social adequat per a tractar aquest tipus de malalties de la Seguretat Social. Les diverses fases del programa se centren en una intervenci\u00f3 psicol\u00f2gica i social, un seguiment i suport comunitari, tallers espec\u00edfics amb l&#8217;objectiu de potenciar la inserci\u00f3 soci-laboral, un acompanyament en el proc\u00e9s terap\u00e8utic i social i, en \u00faltim lloc, informar, secundar i formar a les fam\u00edlies i persones cuidadores.&nbsp;<br>L&#8217;alcalde de Riba-roja de T\u00faria, Robert Raga, ha destacat l&#8217;esfor\u00e7 del govern valenci\u00e0 encap\u00e7alat per Ximo Puig i de l&#8217;ajuntament \u201cper oferir un servei p\u00fablic adequat a les necessitats de les persones que pateixen una malaltia mental greu i de les seues fam\u00edlies i l&#8217;entorn que tamb\u00e9 pateix les seues seq\u00fceles, per aix\u00f2 hem de continuar invertint en Serveis Socials en tots aquells \u00e0mbits i sectors que aix\u00ed ho demanden\u201d.&nbsp;<\/p>\n\n\n\n<p class=\"wp-block-paragraph\">Cal recordar que al llarg d&#8217;aquesta legislatura s&#8217;han incrementat en un 80% les partides destinades a Pol\u00edtiques Inclusives i Drets Socials que passa dels 1\u20191 milions de l&#8217;any 2019 fins als 2 milions d&#8217;euros que s&#8217;executaran al llarg del present exercici 2022. L&#8217;equip de govern ha incrementat, tamb\u00e9, el nombre de treballadors del departament que passa de 14 empleats l&#8217;any 2019 als 27 que s&#8217;aconseguiran a la fi d&#8217;any, el doble entre tots dos per\u00edodes.<\/p>\n\n\n\n<p class=\"wp-block-paragraph\"><\/p>\n","protected":false},"excerpt":{"rendered":"<div class=\"mh-excerpt\">El servei estar\u00e0 format per un equip multidisciplinari amb un educador social i una psic\u00f2loga que actuar\u00e0 com a responsable enfocat a ve\u00efns empadronats d&#8217;entre 18 i 65 anys d&#8217;edat&nbsp; Riba-roja de T\u00faria, 31 de <a class=\"mh-excerpt-more\" href=\"https:\/\/tucomarca.whitekongsoftware.com\/ca\/riba-roja-posa-en-marxa-des-dagost-el-nou-programa-de-servei-datencio-i-seguiment-per-a-les-persones-amb-problemes-de-salut-mental-greu\/\" title=\"Riba-roja posa en marxa des d&#8217;agost el nou programa de Servei d&#8217;Atenci\u00f3 i Seguiment per a les persones amb problemes de salut mental greu\">[+] <\/a><\/div>\n","protected":false},"author":12,"featured_media":123548,"comment_status":"open","ping_status":"open","sticky":false,"template":"","format":"standard","meta":{"footnotes":""},"categories":[10892,11010,10948,10894,10947,10906,10896],"tags":[10899,15024,15279,17589],"class_list":["post-163267","post","type-post","status-publish","format-standard","has-post-thumbnail","category-camp-de-turia-ca","category-canal-salud","category-infraestructuras-ca","category-la-comarca-ca","category-politica","category-riba-roja-ca","category-seccion-ca","tag-camp-de-turia-ca","tag-riba-roja-de-turia-ca","tag-salud-mental-ca","tag-servicio-de-atencion-y-seguimiento-ca"],"_links":{"self":[{"href":"https:\/\/tucomarca.whitekongsoftware.com\/ca\/wp-json\/wp\/v2\/posts\/163267","targetHints":{"allow":["GET"]}}],"collection":[{"href":"https:\/\/tucomarca.whitekongsoftware.com\/ca\/wp-json\/wp\/v2\/posts"}],"about":[{"href":"https:\/\/tucomarca.whitekongsoftware.com\/ca\/wp-json\/wp\/v2\/types\/post"}],"author":[{"embeddable":true,"href":"https:\/\/tucomarca.whitekongsoftware.com\/ca\/wp-json\/wp\/v2\/users\/12"}],"replies":[{"embeddable":true,"href":"https:\/\/tucomarca.whitekongsoftware.com\/ca\/wp-json\/wp\/v2\/comments?post=163267"}],"version-history":[{"count":0,"href":"https:\/\/tucomarca.whitekongsoftware.com\/ca\/wp-json\/wp\/v2\/posts\/163267\/revisions"}],"wp:featuredmedia":[{"embeddable":true,"href":"https:\/\/tucomarca.whitekongsoftware.com\/ca\/wp-json\/wp\/v2\/media\/123548"}],"wp:attachment":[{"href":"https:\/\/tucomarca.whitekongsoftware.com\/ca\/wp-json\/wp\/v2\/media?parent=163267"}],"wp:term":[{"taxonomy":"category","embeddable":true,"href":"https:\/\/tucomarca.whitekongsoftware.com\/ca\/wp-json\/wp\/v2\/categories?post=163267"},{"taxonomy":"post_tag","embeddable":true,"href":"https:\/\/tucomarca.whitekongsoftware.com\/ca\/wp-json\/wp\/v2\/tags?post=163267"}],"curies":[{"name":"wp","href":"https:\/\/api.w.org\/{rel}","templated":true}]}}