{"id":163254,"date":"2022-07-31T09:04:00","date_gmt":"2022-07-31T07:04:00","guid":{"rendered":"http:\/\/www.tucomarca.com\/wordpress\/segunda\/?p=163254"},"modified":"2022-07-31T11:09:43","modified_gmt":"2022-07-31T09:09:43","slug":"la-guardia-civil-dete-a-3-persones-per-una-serie-de-robatoris-a-turis-a-plena-llum-del-dia","status":"publish","type":"post","link":"https:\/\/tucomarca.whitekongsoftware.com\/ca\/la-guardia-civil-dete-a-3-persones-per-una-serie-de-robatoris-a-turis-a-plena-llum-del-dia\/","title":{"rendered":"La Gu\u00e0rdia Civil det\u00e9 a 3 persones per una s\u00e8rie de robatoris a Tur\u00eds a plena llum del dia"},"content":{"rendered":"\n<h4 class=\"wp-block-heading\"><strong>Els autors vigilaven i estudiaven el terme municipal de Tur\u00eds i cometien robatoris en aquells habitatges que seleccionaven<\/strong><\/h4>\n\n\n\n<h4 class=\"wp-block-heading\"><strong>Van provocar m\u00e9s de 1500 euros en danys per a cometre els delictes, trencant reixes, panys, portes i vidrieres<\/strong><\/h4>\n\n\n\n<p class=\"wp-block-paragraph\">La Gu\u00e0rdia Civil de Val\u00e8ncia, en el marc de l&#8217;operaci\u00f3 \u201cCALATORI\u201d, ha detingut a 3 persones per delictes per robatori amb for\u00e7a a Tor\u00eds.<\/p>\n\n\n\n<p class=\"wp-block-paragraph\">L&#8217;operaci\u00f3 va comen\u00e7ar a mitjan mes d&#8217;abril de 2022 quan la Gu\u00e0rdia Civil va recepcionar diverses den\u00fancies per robatori, a plena llum del dia, en el terme municipal de Tor\u00eds. Un dels denunciants, fins i tot, quan va arribar al seu domicili, va presenciar la fugida dels autors del robatori.<\/p>\n\n\n\n<p class=\"wp-block-paragraph\">Els autors vigilaven i estudiaven el terme municipal de Tor\u00eds i cometien robatoris en aquells habitatges que seleccionaven. Fruit de les investigacions, els agents van aconseguir identificar tant als autors dels fets com els vehicles que utilitzaven.&nbsp;<\/p>\n\n\n\n<p class=\"wp-block-paragraph\">Els autors sustrayeron efectes per valor de m\u00e9s de 1.000 euros. Entre aquests objectes robats hi havia botelles de licor, bombona de but\u00e0, una vaixella de porcellana i alguns efectes de valor. A m\u00e9s, van provocar m\u00e9s de 1.500 euros en danys per a cometre els delictes. Van trencar reixes, panys, portes i van fracturar vidrieres.<\/p>\n\n\n\n<p class=\"wp-block-paragraph\">El passat 6 de juliol, la Gu\u00e0rdia Civil de Val\u00e8ncia, va detindre a una dona de 28 anys i altres 2 homes de 30 i 37 anys, tots de nacionalitat romanesa, per 3 delictes de robatori amb for\u00e7a ocorreguts en el municipi de Tor\u00eds.<\/p>\n\n\n\n<p class=\"wp-block-paragraph\">Les dilig\u00e8ncies han sigut entregades en el Jutjat de Primera Inst\u00e0ncia i Instrucci\u00f3 N\u00famero 2 de Requena.<\/p>\n","protected":false},"excerpt":{"rendered":"<div class=\"mh-excerpt\">Els autors vigilaven i estudiaven el terme municipal de Tur\u00eds i cometien robatoris en aquells habitatges que seleccionaven Van provocar m\u00e9s de 1500 euros en danys per a cometre els delictes, trencant reixes, panys, portes <a class=\"mh-excerpt-more\" href=\"https:\/\/tucomarca.whitekongsoftware.com\/ca\/la-guardia-civil-dete-a-3-persones-per-una-serie-de-robatoris-a-turis-a-plena-llum-del-dia\/\" title=\"La Gu\u00e0rdia Civil det\u00e9 a 3 persones per una s\u00e8rie de robatoris a Tur\u00eds a plena llum del dia\">[+] <\/a><\/div>\n","protected":false},"author":1,"featured_media":163252,"comment_status":"open","ping_status":"open","sticky":false,"template":"","format":"standard","meta":{"footnotes":""},"categories":[10898,10948,10894,10904,10902,10896,10897,11047],"tags":[11118,11077,17587,11093],"class_list":["post-163254","post","type-post","status-publish","format-standard","has-post-thumbnail","category-ventana-ca","category-infraestructuras-ca","category-la-comarca-ca","category-sin-categorizar-ca","category-la-ribera-ca","category-seccion-ca","category-sucesos-la-comarca-ca","category-turis-ca","tag-guardia-civil-ca","tag-la-ribera-alta-ca","tag-robos-ca","tag-turis-ca"],"_links":{"self":[{"href":"https:\/\/tucomarca.whitekongsoftware.com\/ca\/wp-json\/wp\/v2\/posts\/163254","targetHints":{"allow":["GET"]}}],"collection":[{"href":"https:\/\/tucomarca.whitekongsoftware.com\/ca\/wp-json\/wp\/v2\/posts"}],"about":[{"href":"https:\/\/tucomarca.whitekongsoftware.com\/ca\/wp-json\/wp\/v2\/types\/post"}],"author":[{"embeddable":true,"href":"https:\/\/tucomarca.whitekongsoftware.com\/ca\/wp-json\/wp\/v2\/users\/1"}],"replies":[{"embeddable":true,"href":"https:\/\/tucomarca.whitekongsoftware.com\/ca\/wp-json\/wp\/v2\/comments?post=163254"}],"version-history":[{"count":0,"href":"https:\/\/tucomarca.whitekongsoftware.com\/ca\/wp-json\/wp\/v2\/posts\/163254\/revisions"}],"wp:featuredmedia":[{"embeddable":true,"href":"https:\/\/tucomarca.whitekongsoftware.com\/ca\/wp-json\/wp\/v2\/media\/163252"}],"wp:attachment":[{"href":"https:\/\/tucomarca.whitekongsoftware.com\/ca\/wp-json\/wp\/v2\/media?parent=163254"}],"wp:term":[{"taxonomy":"category","embeddable":true,"href":"https:\/\/tucomarca.whitekongsoftware.com\/ca\/wp-json\/wp\/v2\/categories?post=163254"},{"taxonomy":"post_tag","embeddable":true,"href":"https:\/\/tucomarca.whitekongsoftware.com\/ca\/wp-json\/wp\/v2\/tags?post=163254"}],"curies":[{"name":"wp","href":"https:\/\/api.w.org\/{rel}","templated":true}]}}