{"id":163240,"date":"2022-07-31T09:00:00","date_gmt":"2022-07-31T07:00:00","guid":{"rendered":"http:\/\/www.tucomarca.com\/wordpress\/segunda\/?p=163240"},"modified":"2022-07-31T10:59:38","modified_gmt":"2022-07-31T08:59:38","slug":"el-consorci-du-a-terme-la-formacio-en-les-operacions-de-rescat-del-seu-helicopter-el-primer-del-cpbv","status":"publish","type":"post","link":"https:\/\/tucomarca.whitekongsoftware.com\/ca\/el-consorci-du-a-terme-la-formacio-en-les-operacions-de-rescat-del-seu-helicopter-el-primer-del-cpbv\/","title":{"rendered":"El Consorci du a terme la formaci\u00f3 en les operacions de rescat del seu helic\u00f2pter, el primer del CPBV"},"content":{"rendered":"\n<p class=\"wp-block-paragraph\">El Consorci Provincial de Bombers de Val\u00e8ncia est\u00e0 duent a terme esta setmana la formaci\u00f3 en les operacions de rescat que des d\u2019ara es faran amb el seu nou helic\u00f2pter, el primer mitj\u00e0 aeri de qu\u00e8 disposa el CPBV.&nbsp;<\/p>\n\n\n\n<p class=\"wp-block-paragraph\">Es tracta d\u2019un helic\u00f2pter pensat per a operacions de rescat, salvament, extinci\u00f3 d\u2019incendis i suport sanitari, que comen\u00e7ar\u00e0 a funcionar a principis del mes d\u2019agost i per al que s\u2019hi han destinat 1,8 milions d\u2019euros per a un per\u00edode de dos anys. L\u2019helic\u00f2pter va dotat tamb\u00e9 de personal sanitari. La formaci\u00f3 que s\u2019est\u00e0 duent a terme esta setmana va dirigida als rescatadors del Grup de Rescat en Altura, GERA del Consorci, i al personal sanitari que des d\u2019ara es mobilitzar\u00e0 junt amb el GERA en cada rescat. En total, s\u00f3n d\u00e8sset bombers rescatadors del GERA i sis membres de l\u2019equip sanitari els que estan rebent la formaci\u00f3, entre altres coses en mat\u00e8ria d\u2019heligruatge, \u00e9s a dir, en la preparaci\u00f3 per a les operacions de dip\u00f2sit i recollida dels rescatadors, sanitaris i v\u00edctimes en condicions de seguretat.&nbsp;<\/p>\n\n\n\n<p class=\"wp-block-paragraph\">La formaci\u00f3 es du a terme a la base a\u00e8ria d\u2019Enguera.<\/p>\n","protected":false},"excerpt":{"rendered":"<div class=\"mh-excerpt\">El Consorci Provincial de Bombers de Val\u00e8ncia est\u00e0 duent a terme esta setmana la formaci\u00f3 en les operacions de rescat que des d\u2019ara es faran amb el seu nou helic\u00f2pter, el primer mitj\u00e0 aeri de <a class=\"mh-excerpt-more\" href=\"https:\/\/tucomarca.whitekongsoftware.com\/ca\/el-consorci-du-a-terme-la-formacio-en-les-operacions-de-rescat-del-seu-helicopter-el-primer-del-cpbv\/\" title=\"El Consorci du a terme la formaci\u00f3 en les operacions de rescat del seu helic\u00f2pter, el primer del CPBV\">[+] <\/a><\/div>\n","protected":false},"author":1,"featured_media":163216,"comment_status":"open","ping_status":"open","sticky":false,"template":"","format":"standard","meta":{"footnotes":""},"categories":[10898,10948,10894,10904,10903,10896],"tags":[13120,12252,12834,11199],"class_list":["post-163240","post","type-post","status-publish","format-standard","has-post-thumbnail","category-ventana-ca","category-infraestructuras-ca","category-la-comarca-ca","category-sin-categorizar-ca","category-medio-ambiente-la-comarca-ca","category-seccion-ca","tag-consorci-provincial-de-bombers","tag-consorcio-bomberos-ca","tag-consorcio-provincial-de-bomberos-de-valencia-ca","tag-la-comunitat-ca"],"_links":{"self":[{"href":"https:\/\/tucomarca.whitekongsoftware.com\/ca\/wp-json\/wp\/v2\/posts\/163240","targetHints":{"allow":["GET"]}}],"collection":[{"href":"https:\/\/tucomarca.whitekongsoftware.com\/ca\/wp-json\/wp\/v2\/posts"}],"about":[{"href":"https:\/\/tucomarca.whitekongsoftware.com\/ca\/wp-json\/wp\/v2\/types\/post"}],"author":[{"embeddable":true,"href":"https:\/\/tucomarca.whitekongsoftware.com\/ca\/wp-json\/wp\/v2\/users\/1"}],"replies":[{"embeddable":true,"href":"https:\/\/tucomarca.whitekongsoftware.com\/ca\/wp-json\/wp\/v2\/comments?post=163240"}],"version-history":[{"count":0,"href":"https:\/\/tucomarca.whitekongsoftware.com\/ca\/wp-json\/wp\/v2\/posts\/163240\/revisions"}],"wp:featuredmedia":[{"embeddable":true,"href":"https:\/\/tucomarca.whitekongsoftware.com\/ca\/wp-json\/wp\/v2\/media\/163216"}],"wp:attachment":[{"href":"https:\/\/tucomarca.whitekongsoftware.com\/ca\/wp-json\/wp\/v2\/media?parent=163240"}],"wp:term":[{"taxonomy":"category","embeddable":true,"href":"https:\/\/tucomarca.whitekongsoftware.com\/ca\/wp-json\/wp\/v2\/categories?post=163240"},{"taxonomy":"post_tag","embeddable":true,"href":"https:\/\/tucomarca.whitekongsoftware.com\/ca\/wp-json\/wp\/v2\/tags?post=163240"}],"curies":[{"name":"wp","href":"https:\/\/api.w.org\/{rel}","templated":true}]}}