{"id":162877,"date":"2022-07-27T12:16:19","date_gmt":"2022-07-27T10:16:19","guid":{"rendered":"http:\/\/www.tucomarca.com\/wordpress\/segunda\/?p=162877"},"modified":"2022-07-27T12:16:24","modified_gmt":"2022-07-27T10:16:24","slug":"emergencies-assegura-que-levolucio-de-lincendi-de-calles-es-favorable","status":"publish","type":"post","link":"https:\/\/tucomarca.whitekongsoftware.com\/ca\/emergencies-assegura-que-levolucio-de-lincendi-de-calles-es-favorable\/","title":{"rendered":"Emerg\u00e8ncies assegura que l&#8217;evoluci\u00f3 de l&#8217;incendi de Calles \u00e9s favorable"},"content":{"rendered":"\n<p class=\"wp-block-paragraph\"><strong>Emerg\u00e8ncies assegura que l&#8217;evoluci\u00f3 de l&#8217;incendi de Calles \u00e9s favorable<br>Segueix desplegat el dispositiu d&#8217;extinci\u00f3 terrestre i s&#8217;han programat vols de reconeixement per a atacar possibles reproduccions en el per\u00edmetre<br>El director general d&#8217;Interior assenyala que, si la situaci\u00f3 es mant\u00e9, l&#8217;incendi es podria donar per estabilitzat aquest dimecres<\/strong><\/p>\n\n\n\n<p class=\"wp-block-paragraph\">El director general d&#8217;Interior, Salvador Almenar, ha assegurat que l&#8217;evoluci\u00f3 de les \u00faltimes hores de l&#8217;incendi declarat el dilluns a Calles \u201cens permet ser optimistes\u201d. Almenar, que ha participat aquest mat\u00ed en la reuni\u00f3 de coordinaci\u00f3 del Lloc de Comandament Avan\u00e7at (PMA), ha matisat que \u201cen aquest moment hem de mantindre la cautela davant les altes temperatures que es registraran en les pr\u00f2ximes hores i que podrien causar alguna xicoteta reproducci\u00f3 dins del per\u00edmetre\u201d.<\/p>\n\n\n\n<p class=\"wp-block-paragraph\">Per aix\u00f2 -ha assenyalat- \u201cla direcci\u00f3 de l&#8217;incendi ha decidit mantindre el dispositiu d&#8217;extinci\u00f3 terrestre, amb 15 unitats, i s&#8217;estan realitzant vols de reconeixement per a atacar aqueixes possibles reproduccions en les hores de calor extrema\u201d.<\/p>\n\n\n\n<p class=\"wp-block-paragraph\">Almenar ha remarcat que l&#8217;incendi segueix actiu. \u201cHem d&#8217;estar vigilants, especialment en les hores de major intensitat de calor, per\u00f2 si l&#8217;evoluci\u00f3 favorable es mant\u00e9 durant les pr\u00f2ximes hores podr\u00edem donar l&#8217;incendi per estabilitzat\u201d. &#8220;Seria en aqueix moment quan -ha dit- \u201cles persones que han sigut desallotjades podrien tornar a les seues cases\u201d.<\/p>\n\n\n\n<p class=\"wp-block-paragraph\">Respecte al per\u00edmetre afectat pel foc, Almenar ha destacat que es mant\u00e9 la xifra d&#8217;al voltant de 220 hect\u00e0rees.<\/p>\n\n\n\n<p class=\"wp-block-paragraph\">Almenar ha agra\u00eft la gran labor dels mitjans desplegats en la zona. \u201cHem de recon\u00e9ixer un dia m\u00e9s la gran faena de les unitats de bombers forestals, del Consorci Provincial, l&#8217;UME, t\u00e8cnics i agents mediambientals, responsables de prevenci\u00f3 i de la resta d&#8217;efectius dels cossos i forces de seguretat que han treballat intensament per a sufocar aquest incendi i coordinar la seguretat dels ve\u00efns d&#8217;aquesta poblaci\u00f3\u201d.<\/p>\n","protected":false},"excerpt":{"rendered":"<div class=\"mh-excerpt\">Emerg\u00e8ncies assegura que l&#8217;evoluci\u00f3 de l&#8217;incendi de Calles \u00e9s favorableSegueix desplegat el dispositiu d&#8217;extinci\u00f3 terrestre i s&#8217;han programat vols de reconeixement per a atacar possibles reproduccions en el per\u00edmetreEl director general d&#8217;Interior assenyala que, si <a class=\"mh-excerpt-more\" href=\"https:\/\/tucomarca.whitekongsoftware.com\/ca\/emergencies-assegura-que-levolucio-de-lincendi-de-calles-es-favorable\/\" title=\"Emerg\u00e8ncies assegura que l&#8217;evoluci\u00f3 de l&#8217;incendi de Calles \u00e9s favorable\">[+] <\/a><\/div>\n","protected":false},"author":1,"featured_media":162875,"comment_status":"open","ping_status":"open","sticky":false,"template":"","format":"standard","meta":{"footnotes":""},"categories":[11038,11046,10898,10948,10894,10904,10903,10896,10897],"tags":[11923,11928,11080],"class_list":["post-162877","post","type-post","status-publish","format-standard","has-post-thumbnail","category-calles-ca","category-los-serranos-ca","category-ventana-ca","category-infraestructuras-ca","category-la-comarca-ca","category-sin-categorizar-ca","category-medio-ambiente-la-comarca-ca","category-seccion-ca","category-sucesos-la-comarca-ca","tag-calles-2-ca","tag-la-serrania-ca","tag-los-serranos-ca"],"_links":{"self":[{"href":"https:\/\/tucomarca.whitekongsoftware.com\/ca\/wp-json\/wp\/v2\/posts\/162877","targetHints":{"allow":["GET"]}}],"collection":[{"href":"https:\/\/tucomarca.whitekongsoftware.com\/ca\/wp-json\/wp\/v2\/posts"}],"about":[{"href":"https:\/\/tucomarca.whitekongsoftware.com\/ca\/wp-json\/wp\/v2\/types\/post"}],"author":[{"embeddable":true,"href":"https:\/\/tucomarca.whitekongsoftware.com\/ca\/wp-json\/wp\/v2\/users\/1"}],"replies":[{"embeddable":true,"href":"https:\/\/tucomarca.whitekongsoftware.com\/ca\/wp-json\/wp\/v2\/comments?post=162877"}],"version-history":[{"count":0,"href":"https:\/\/tucomarca.whitekongsoftware.com\/ca\/wp-json\/wp\/v2\/posts\/162877\/revisions"}],"wp:featuredmedia":[{"embeddable":true,"href":"https:\/\/tucomarca.whitekongsoftware.com\/ca\/wp-json\/wp\/v2\/media\/162875"}],"wp:attachment":[{"href":"https:\/\/tucomarca.whitekongsoftware.com\/ca\/wp-json\/wp\/v2\/media?parent=162877"}],"wp:term":[{"taxonomy":"category","embeddable":true,"href":"https:\/\/tucomarca.whitekongsoftware.com\/ca\/wp-json\/wp\/v2\/categories?post=162877"},{"taxonomy":"post_tag","embeddable":true,"href":"https:\/\/tucomarca.whitekongsoftware.com\/ca\/wp-json\/wp\/v2\/tags?post=162877"}],"curies":[{"name":"wp","href":"https:\/\/api.w.org\/{rel}","templated":true}]}}