{"id":162725,"date":"2022-07-26T11:00:00","date_gmt":"2022-07-26T09:00:00","guid":{"rendered":"http:\/\/www.tucomarca.com\/wordpress\/segunda\/?p=162725"},"modified":"2022-07-26T15:43:03","modified_gmt":"2022-07-26T13:43:03","slug":"fotogaleria-xest-celebra-els-tradicionals-sopars-amb-espectacle-en-la-placa-ii-republica","status":"publish","type":"post","link":"https:\/\/tucomarca.whitekongsoftware.com\/ca\/fotogaleria-xest-celebra-els-tradicionals-sopars-amb-espectacle-en-la-placa-ii-republica\/","title":{"rendered":"Fotogaler\u00eda: Xest celebra els tradicionals sopars amb espectacle en la pla\u00e7a II Rep\u00fablica"},"content":{"rendered":"\n<p class=\"wp-block-paragraph\">Les Festes de Juliol han arribat a la seua recta final amb la celebraci\u00f3 dels tradicionals sopars a l&#8217;aire lliure amb espectacle. Divendres passat, 21 de juliol, la pla\u00e7a II Rep\u00fablica va albergar a un miler de persones que es van congregar per a sopar a l&#8217;aire lliure entre amistats i gaudir de l&#8217;espectacle programat per a aqueixa nit: un mon\u00f2leg a c\u00e0rrec de l&#8217;actriu, c\u00f2mica i presentadora avilesa Sara Escudero.<\/p>\n\n\n\n<p class=\"wp-block-paragraph\">El dissabte 22 de juliol, superant les xifres de participaci\u00f3 amb el recinte de la pla\u00e7a ple, va tindre lloc el tribut a Raffaela Carr\u00e0, a c\u00e0rrec de la companyia Espectacles Sergio Sevilla.<\/p>\n\n\n\n<p class=\"wp-block-paragraph\">Com cada any, la Falla Ind\u00fastria i Comer\u00e7 i la Falla Barri de l&#8217;Alegria van ser les encarregades d&#8217;oferir la sagnia dels sopars i tamb\u00e9 van organitzar un bingo abans que comen\u00e7aren els espectacles.&nbsp;<\/p>\n\n\n\n<p class=\"wp-block-paragraph\">Les festes finalitzaran aquesta setmana amb la Setmana Taurina, que es realitzar\u00e0 del 26 al 31 de juliol i amb la celebraci\u00f3 de la Festa dels Esmorzars, que tindr\u00e0 lloc dissabte que ve, 30 de juliol, a partir de les 12.00 en l&#8217;aparcament del poliesportiu municipal.<\/p>\n","protected":false},"excerpt":{"rendered":"<div class=\"mh-excerpt\">Les Festes de Juliol han arribat a la seua recta final amb la celebraci\u00f3 dels tradicionals sopars a l&#8217;aire lliure amb espectacle. Divendres passat, 21 de juliol, la pla\u00e7a II Rep\u00fablica va albergar a un <a class=\"mh-excerpt-more\" href=\"https:\/\/tucomarca.whitekongsoftware.com\/ca\/fotogaleria-xest-celebra-els-tradicionals-sopars-amb-espectacle-en-la-placa-ii-republica\/\" title=\"Fotogaler\u00eda: Xest celebra els tradicionals sopars amb espectacle en la pla\u00e7a II Rep\u00fablica\">[+] <\/a><\/div>\n","protected":false},"author":13,"featured_media":162723,"comment_status":"open","ping_status":"open","sticky":false,"template":"","format":"gallery","meta":{"footnotes":""},"categories":[10912,11004,11008,10896,10974],"tags":[11071,10914,15856],"class_list":["post-162725","post","type-post","status-publish","format-gallery","has-post-thumbnail","category-la-hoya-ca","category-la-semana-en-imagenes-ca","category-pueblos-en-fiestas-ca","category-seccion-ca","category-cheste-ca","tag-cheste","tag-la-hoya-de-bunol-chiva-ca","tag-ocio-y-cultura-ca","post_format-post-format-gallery"],"_links":{"self":[{"href":"https:\/\/tucomarca.whitekongsoftware.com\/ca\/wp-json\/wp\/v2\/posts\/162725","targetHints":{"allow":["GET"]}}],"collection":[{"href":"https:\/\/tucomarca.whitekongsoftware.com\/ca\/wp-json\/wp\/v2\/posts"}],"about":[{"href":"https:\/\/tucomarca.whitekongsoftware.com\/ca\/wp-json\/wp\/v2\/types\/post"}],"author":[{"embeddable":true,"href":"https:\/\/tucomarca.whitekongsoftware.com\/ca\/wp-json\/wp\/v2\/users\/13"}],"replies":[{"embeddable":true,"href":"https:\/\/tucomarca.whitekongsoftware.com\/ca\/wp-json\/wp\/v2\/comments?post=162725"}],"version-history":[{"count":0,"href":"https:\/\/tucomarca.whitekongsoftware.com\/ca\/wp-json\/wp\/v2\/posts\/162725\/revisions"}],"wp:featuredmedia":[{"embeddable":true,"href":"https:\/\/tucomarca.whitekongsoftware.com\/ca\/wp-json\/wp\/v2\/media\/162723"}],"wp:attachment":[{"href":"https:\/\/tucomarca.whitekongsoftware.com\/ca\/wp-json\/wp\/v2\/media?parent=162725"}],"wp:term":[{"taxonomy":"category","embeddable":true,"href":"https:\/\/tucomarca.whitekongsoftware.com\/ca\/wp-json\/wp\/v2\/categories?post=162725"},{"taxonomy":"post_tag","embeddable":true,"href":"https:\/\/tucomarca.whitekongsoftware.com\/ca\/wp-json\/wp\/v2\/tags?post=162725"}],"curies":[{"name":"wp","href":"https:\/\/api.w.org\/{rel}","templated":true}]}}