{"id":162717,"date":"2022-07-25T20:00:00","date_gmt":"2022-07-25T18:00:00","guid":{"rendered":"http:\/\/www.tucomarca.com\/wordpress\/segunda\/?p=162717"},"modified":"2022-07-26T11:42:32","modified_gmt":"2022-07-26T09:42:32","slug":"la-tercera-edicio-de-xest-inusual-sacomiada-amb-lespectacle-save-the-temazo","status":"publish","type":"post","link":"https:\/\/tucomarca.whitekongsoftware.com\/ca\/la-tercera-edicio-de-xest-inusual-sacomiada-amb-lespectacle-save-the-temazo\/","title":{"rendered":"La tercera edici\u00f3 de Xest Inusual s&#8217;acomiada amb l&#8217;espectacle Save the temazo"},"content":{"rendered":"\n<p class=\"wp-block-paragraph\">Aquest diumenge, 24 de juliol, va finalitzar el festival d&#8217;art en llocs singulars, Xest Inusual, amb un espectacle circense realitzat en el CEIP Francisco Giner dels Rius, a c\u00e0rrec del col\u00b7lectiu F.R.E.N.E.T.I.C. Sota el t\u00edtol Save the temazo, aquest col\u00b7lectiu d&#8217;artistes va portar a Xest la hist\u00f2ria d&#8217;una ONG internacional que lluita per a rescatar el valor emocional de la m\u00fasica, investigant les connexions musicals i sonores del m\u00f3n i la seua influ\u00e8ncia a nivell social, cultural i art\u00edstic.<\/p>\n\n\n\n<p class=\"wp-block-paragraph\">Abans de la seua actuaci\u00f3, el grup de teatre local Al Comp\u00e0s va interpretar una selecci\u00f3 de can\u00e7ons del seu nou musical. \u201cHui posem el fermall d&#8217;or a Xest Inusual amb Save the temazo, un espectacle que porta humor i m\u00fasica a aquest espai i amb el qual gaudirem d&#8217;una actuaci\u00f3 amb trapezi volant, salts al buit, manipulaci\u00f3 d&#8217;objectes, tir amb arc i molt m\u00e9s. Per\u00f2 abans, el grup de joves que integra Al Comp\u00e0s ens mostrar\u00e0 una part del muntatge en el qual estan treballant\u201d, anunciava el regidor de Festes, Ra\u00fal Mota. \u201cEstem orgullosos de comptar amb tant de talent chestano i no vull deixar passar l&#8217;oportunitat de donar-los l&#8217;enhorabona pel seu el seu treball, i fer-ho precisament ac\u00ed, en el col\u00b7legi Francisco Giner dels Rius, on s&#8217;estableixen les bases de l&#8217;educaci\u00f3. Tamb\u00e9 agra\u00efsc la col\u00b7laboraci\u00f3 de les fam\u00edlies que han obert les portes de les seues cases per a poder oferir teatre breu en els seus interiors, aix\u00ed com a Inma Jord\u00e1n per cedir l&#8217;espai del magatzem de Productes Jord\u00e1n per a realitzar una de les actuacions. Finalment, gr\u00e0cies a M\u00f3nica Verduch i a Manuel Puchades, que fan possible el bon funcionament d&#8217;aquest festival\u201d.<\/p>\n\n\n\n<p class=\"wp-block-paragraph\">Tal com va explicar Mota, la finalitat de Xest Inusual \u00e9s, des dels seus comen\u00e7aments, buscar la singularitat quant a ubicacions i tipus d&#8217;espectacles. \u201cAquests dies el teatre ha entrat en cases chestanas, en el mercat municipal, en un magatzem i al pati d&#8217;un col\u00b7legi, envaint aix\u00ed nous espais per a crear un segell propi que posicione a Xest com a referent cultural a la Comunitat Valenciana. A m\u00e9s, amb la programaci\u00f3 d&#8217;aquest festival el mes de juliol s&#8217;afig a les nostres tradicionals Festes de Juliol una nova oferta d&#8217;art, cultura i diversi\u00f3\u201d, manifestava el regidor.<\/p>\n","protected":false},"excerpt":{"rendered":"<div class=\"mh-excerpt\">Aquest diumenge, 24 de juliol, va finalitzar el festival d&#8217;art en llocs singulars, Xest Inusual, amb un espectacle circense realitzat en el CEIP Francisco Giner dels Rius, a c\u00e0rrec del col\u00b7lectiu F.R.E.N.E.T.I.C. Sota el t\u00edtol <a class=\"mh-excerpt-more\" href=\"https:\/\/tucomarca.whitekongsoftware.com\/ca\/la-tercera-edicio-de-xest-inusual-sacomiada-amb-lespectacle-save-the-temazo\/\" title=\"La tercera edici\u00f3 de Xest Inusual s&#8217;acomiada amb l&#8217;espectacle Save the temazo\">[+] <\/a><\/div>\n","protected":false},"author":13,"featured_media":162715,"comment_status":"open","ping_status":"open","sticky":false,"template":"","format":"standard","meta":{"footnotes":""},"categories":[11005,10894,10912,11007,10896,10974],"tags":[11071,12773,12194,10914],"class_list":["post-162717","post","type-post","status-publish","format-standard","has-post-thumbnail","category-canal-musica","category-la-comarca-ca","category-la-hoya-ca","category-ocio-y-cultura-ca","category-seccion-ca","category-cheste-ca","tag-cheste","tag-cheste-inusual-ca","tag-cultura-ca","tag-la-hoya-de-bunol-chiva-ca"],"_links":{"self":[{"href":"https:\/\/tucomarca.whitekongsoftware.com\/ca\/wp-json\/wp\/v2\/posts\/162717","targetHints":{"allow":["GET"]}}],"collection":[{"href":"https:\/\/tucomarca.whitekongsoftware.com\/ca\/wp-json\/wp\/v2\/posts"}],"about":[{"href":"https:\/\/tucomarca.whitekongsoftware.com\/ca\/wp-json\/wp\/v2\/types\/post"}],"author":[{"embeddable":true,"href":"https:\/\/tucomarca.whitekongsoftware.com\/ca\/wp-json\/wp\/v2\/users\/13"}],"replies":[{"embeddable":true,"href":"https:\/\/tucomarca.whitekongsoftware.com\/ca\/wp-json\/wp\/v2\/comments?post=162717"}],"version-history":[{"count":0,"href":"https:\/\/tucomarca.whitekongsoftware.com\/ca\/wp-json\/wp\/v2\/posts\/162717\/revisions"}],"wp:featuredmedia":[{"embeddable":true,"href":"https:\/\/tucomarca.whitekongsoftware.com\/ca\/wp-json\/wp\/v2\/media\/162715"}],"wp:attachment":[{"href":"https:\/\/tucomarca.whitekongsoftware.com\/ca\/wp-json\/wp\/v2\/media?parent=162717"}],"wp:term":[{"taxonomy":"category","embeddable":true,"href":"https:\/\/tucomarca.whitekongsoftware.com\/ca\/wp-json\/wp\/v2\/categories?post=162717"},{"taxonomy":"post_tag","embeddable":true,"href":"https:\/\/tucomarca.whitekongsoftware.com\/ca\/wp-json\/wp\/v2\/tags?post=162717"}],"curies":[{"name":"wp","href":"https:\/\/api.w.org\/{rel}","templated":true}]}}