{"id":162436,"date":"2022-07-20T23:00:00","date_gmt":"2022-07-20T21:00:00","guid":{"rendered":"http:\/\/www.tucomarca.com\/wordpress\/segunda\/?p=162436"},"modified":"2022-07-21T10:52:18","modified_gmt":"2022-07-21T08:52:18","slug":"la-diputacio-destina-82-000-euros-a-projectes-contra-la-violencia-de-genere-en-la-vall-la-costera-i-la-canal","status":"publish","type":"post","link":"https:\/\/tucomarca.whitekongsoftware.com\/ca\/la-diputacio-destina-82-000-euros-a-projectes-contra-la-violencia-de-genere-en-la-vall-la-costera-i-la-canal\/","title":{"rendered":"La Diputaci\u00f3 destina 82.000 euros a projectes contra la viol\u00e8ncia de g\u00e8nere en la Vall, la Costera i la Canal"},"content":{"rendered":"\n<p class=\"wp-block-paragraph\"><strong><strong>Dotze ajuntaments de la Vall d&#8217;Albaida, cinc de la Costera i tres de la Canal de Navarr\u00e9s es repartiran estes ajudes per a pobles adherits a la Xarxa provincial contra la viol\u00e8ncia masclista<\/strong><\/strong><\/p>\n\n\n\n<p class=\"wp-block-paragraph\"><strong><strong>Amb esta l\u00ednia se subvencionen projectes de formaci\u00f3 en igualtat, prevenci\u00f3 i detecci\u00f3 de la viol\u00e8ncia de g\u00e8nere, comunicaci\u00f3 no sexista, visibilitzaci\u00f3 de la dona i igualtat entre l&#8217;alumnat<\/strong><\/strong><\/p>\n\n\n\n<p class=\"wp-block-paragraph\">Les comarques centrals rebran una mica m\u00e9s de 82.000 euros per a posar en marxa projectes de sensibilitzaci\u00f3 i formaci\u00f3 contra la viol\u00e8ncia de g\u00e8nere, en el marc de les ajudes que anualment concedix l&#8217;\u00e0rea d&#8217;Igualtat de la Diputaci\u00f3 de Val\u00e8ncia als municipis adherits a la seua Xarxa de protecci\u00f3 contra la viol\u00e8ncia masclista. La Vall d&#8217;Albaida disposar\u00e0 d&#8217;una mica m\u00e9s de 51.000 euros que es repartiran 12 ajuntaments; la Costera 20.500 euros per a cinc consistoris; i la Canal al voltant de 10.000 euros per a \u00c9nguera, Anna i Navarr\u00e9s.<\/p>\n\n\n\n<p class=\"wp-block-paragraph\">Les sol\u00b7licituds aprovades a la Vall d&#8217;Albaida han sigut les d&#8217;Alfarras\u00ed, Beniatjar, Benig\u00e0nim, Bocairent, Quatretonda, Guadass\u00e8quies, Llutxent, Montaverner, L&#8217;Olleria, Ontinyent, Salem i La Pobla del Duc; mentre que a la Costera han sigut acceptats els projectes de X\u00e0tiva, Moixent, Montesa, Vall\u00e9s i La Font de la Figuera.<\/p>\n\n\n\n<p class=\"wp-block-paragraph\">La Diputaci\u00f3 ha aprovat la llista definitiva de subvencions d\u2019enguany per a ajuntaments adherits a la seua Xarxa de Municipis Protegits contra la Viol\u00e8ncia de G\u00e8nere, impulsada per l&#8217;\u00e0rea d&#8217;Igualtat de la corporaci\u00f3 provincial. En total, 418.000 euros que es repartiran entre 92 municipis de les 15 comarques valencianes, i que oscil\u00b7len entre els 800 euros de la Font de la Figuera i els m\u00e9s d\u201911.000 que rebr\u00e0 Alzira.<\/p>\n\n\n\n<p class=\"wp-block-paragraph\"><strong>La millor resposta possible<\/strong><\/p>\n\n\n\n<p class=\"wp-block-paragraph\">La responsable de la delegaci\u00f3 provincial d&#8217;Igualtat, Eli Garc\u00eda, explica que estes ajudes \u201cpermeten als ajuntaments posar en marxa programes que incidixen en la prevenci\u00f3 i la formaci\u00f3 per a fer front a la viol\u00e8ncia contra les dones, al mateix temps que reforcen l&#8217;intercanvi d&#8217;experi\u00e8ncies i el treball en xarxa que proposa la Diputaci\u00f3 amb la finalitat de donar la millor resposta possible contra la xacra masclista\u201d.<\/p>\n\n\n\n<p class=\"wp-block-paragraph\">Entre les sol\u00b7licituds admeses per l&#8217;equip d&#8217;expertes i el personal t\u00e8cnic de l&#8217;\u00e0rea d&#8217;Igualtat destaquen els projectes formatius en mat\u00e8ria d&#8217;igualtat i de detecci\u00f3 de conductes violentes contra les dones; programes educatius de foment d&#8217;una comunicaci\u00f3 basada en la visibilitat de la dona; tallers per a incentivar la igualtat entre l&#8217;alumnat de centres escolars; protocols i eines per al personal t\u00e8cnic i pol\u00edtic contra la viol\u00e8ncia de g\u00e8nere; i fins a una gimcana coeducativa que a Alaqu\u00e0s han batejat com \u2018Doy la chapa por la igualdad\u2019.<\/p>\n\n\n\n<p class=\"wp-block-paragraph\">La Xarxa de Municipis Protegits contra la Viol\u00e8ncia de G\u00e8nere de la Diputaci\u00f3 de Val\u00e8ncia es va crear al novembre de 2018 amb mig centenar de membres fundadors. En l&#8217;actualitat compta amb 144 municipis adherits, m\u00e9s de la mitat dels ajuntaments de la prov\u00edncia.<\/p>\n\n\n\n<figure class=\"wp-block-gallery columns-2 is-cropped wp-block-gallery-1 is-layout-flex wp-block-gallery-is-layout-flex\"><ul class=\"blocks-gallery-grid\"><li class=\"blocks-gallery-item\"><figure><img loading=\"lazy\" decoding=\"async\" width=\"1024\" height=\"665\" src=\"http:\/\/www.tucomarca.com\/wordpress\/segunda\/wp-content\/uploads\/2022\/07\/4_La-Canal-de-Navarres-foto_Abulaila-1-1024x665.jpg\" alt=\"\" data-id=\"162431\" data-link=\"https:\/\/www.tucomarca.com\/wordpress\/segunda\/?attachment_id=162431\" class=\"wp-image-162431\" srcset=\"https:\/\/tucomarca.whitekongsoftware.com\/wp-content\/uploads\/2022\/07\/4_La-Canal-de-Navarres-foto_Abulaila-1-1024x665.jpg 1024w, https:\/\/tucomarca.whitekongsoftware.com\/wp-content\/uploads\/2022\/07\/4_La-Canal-de-Navarres-foto_Abulaila-1-300x195.jpg 300w, https:\/\/tucomarca.whitekongsoftware.com\/wp-content\/uploads\/2022\/07\/4_La-Canal-de-Navarres-foto_Abulaila-1-768x499.jpg 768w, https:\/\/tucomarca.whitekongsoftware.com\/wp-content\/uploads\/2022\/07\/4_La-Canal-de-Navarres-foto_Abulaila-1-1536x998.jpg 1536w, https:\/\/tucomarca.whitekongsoftware.com\/wp-content\/uploads\/2022\/07\/4_La-Canal-de-Navarres-foto_Abulaila-1-2048x1331.jpg 2048w\" sizes=\"auto, (max-width: 1024px) 100vw, 1024px\" \/><\/figure><\/li><li class=\"blocks-gallery-item\"><figure><img loading=\"lazy\" decoding=\"async\" width=\"1024\" height=\"665\" src=\"http:\/\/www.tucomarca.com\/wordpress\/segunda\/wp-content\/uploads\/2022\/07\/5_La-Costera-foto_Abulaila-1-1024x665.jpg\" alt=\"\" data-id=\"162433\" data-full-url=\"https:\/\/www.tucomarca.com\/wordpress\/segunda\/wp-content\/uploads\/2022\/07\/5_La-Costera-foto_Abulaila-1.jpg\" data-link=\"https:\/\/www.tucomarca.com\/wordpress\/segunda\/?attachment_id=162433\" class=\"wp-image-162433\" srcset=\"https:\/\/tucomarca.whitekongsoftware.com\/wp-content\/uploads\/2022\/07\/5_La-Costera-foto_Abulaila-1-1024x665.jpg 1024w, https:\/\/tucomarca.whitekongsoftware.com\/wp-content\/uploads\/2022\/07\/5_La-Costera-foto_Abulaila-1-300x195.jpg 300w, https:\/\/tucomarca.whitekongsoftware.com\/wp-content\/uploads\/2022\/07\/5_La-Costera-foto_Abulaila-1-768x499.jpg 768w, https:\/\/tucomarca.whitekongsoftware.com\/wp-content\/uploads\/2022\/07\/5_La-Costera-foto_Abulaila-1-1536x998.jpg 1536w, https:\/\/tucomarca.whitekongsoftware.com\/wp-content\/uploads\/2022\/07\/5_La-Costera-foto_Abulaila-1-2048x1331.jpg 2048w\" sizes=\"auto, (max-width: 1024px) 100vw, 1024px\" \/><\/figure><\/li><\/ul><\/figure>\n","protected":false},"excerpt":{"rendered":"<div class=\"mh-excerpt\">Dotze ajuntaments de la Vall d&#8217;Albaida, cinc de la Costera i tres de la Canal de Navarr\u00e9s es repartiran estes ajudes per a pobles adherits a la Xarxa provincial contra la viol\u00e8ncia masclista Amb esta <a class=\"mh-excerpt-more\" href=\"https:\/\/tucomarca.whitekongsoftware.com\/ca\/la-diputacio-destina-82-000-euros-a-projectes-contra-la-violencia-de-genere-en-la-vall-la-costera-i-la-canal\/\" title=\"La Diputaci\u00f3 destina 82.000 euros a projectes contra la viol\u00e8ncia de g\u00e8nere en la Vall, la Costera i la Canal\">[+] <\/a><\/div>\n","protected":false},"author":13,"featured_media":162428,"comment_status":"open","ping_status":"open","sticky":false,"template":"","format":"standard","meta":{"footnotes":""},"categories":[10964,10965,10966,10967,10968,10969,10898,10948,10963,10894,10970,10971,10947,10972,10896],"tags":[11246,11094],"class_list":["post-162436","post","type-post","status-publish","format-standard","has-post-thumbnail","category-anna-ca","category-bicorp-ca","category-bolbaite-ca","category-canals-ca","category-chella-ca","category-enguera-ca","category-ventana-ca","category-infraestructuras-ca","category-la-canal-de-navarres-ca","category-la-comarca-ca","category-millares-ca","category-navarres-ca","category-politica","category-quesa-ca","category-seccion-ca","tag-diputacio-de-valencia-ca","tag-la-canal-de-navarres"],"_links":{"self":[{"href":"https:\/\/tucomarca.whitekongsoftware.com\/ca\/wp-json\/wp\/v2\/posts\/162436","targetHints":{"allow":["GET"]}}],"collection":[{"href":"https:\/\/tucomarca.whitekongsoftware.com\/ca\/wp-json\/wp\/v2\/posts"}],"about":[{"href":"https:\/\/tucomarca.whitekongsoftware.com\/ca\/wp-json\/wp\/v2\/types\/post"}],"author":[{"embeddable":true,"href":"https:\/\/tucomarca.whitekongsoftware.com\/ca\/wp-json\/wp\/v2\/users\/13"}],"replies":[{"embeddable":true,"href":"https:\/\/tucomarca.whitekongsoftware.com\/ca\/wp-json\/wp\/v2\/comments?post=162436"}],"version-history":[{"count":0,"href":"https:\/\/tucomarca.whitekongsoftware.com\/ca\/wp-json\/wp\/v2\/posts\/162436\/revisions"}],"wp:featuredmedia":[{"embeddable":true,"href":"https:\/\/tucomarca.whitekongsoftware.com\/ca\/wp-json\/wp\/v2\/media\/162428"}],"wp:attachment":[{"href":"https:\/\/tucomarca.whitekongsoftware.com\/ca\/wp-json\/wp\/v2\/media?parent=162436"}],"wp:term":[{"taxonomy":"category","embeddable":true,"href":"https:\/\/tucomarca.whitekongsoftware.com\/ca\/wp-json\/wp\/v2\/categories?post=162436"},{"taxonomy":"post_tag","embeddable":true,"href":"https:\/\/tucomarca.whitekongsoftware.com\/ca\/wp-json\/wp\/v2\/tags?post=162436"}],"curies":[{"name":"wp","href":"https:\/\/api.w.org\/{rel}","templated":true}]}}