{"id":162290,"date":"2022-07-18T07:30:00","date_gmt":"2022-07-18T05:30:00","guid":{"rendered":"http:\/\/www.tucomarca.com\/wordpress\/segunda\/?p=162290"},"modified":"2022-07-19T19:01:24","modified_gmt":"2022-07-19T17:01:24","slug":"la-primitiva-de-lliria-venc-i-la-unio-de-benaguasil-queda-segona-en-la-seccio-dhonor-del-134-certamen-de-bandes-de-musica-ciutat-de-valencia","status":"publish","type":"post","link":"https:\/\/tucomarca.whitekongsoftware.com\/ca\/la-primitiva-de-lliria-venc-i-la-unio-de-benaguasil-queda-segona-en-la-seccio-dhonor-del-134-certamen-de-bandes-de-musica-ciutat-de-valencia\/","title":{"rendered":"La Primitiva de Ll\u00edria ven\u00e7 i La Uni\u00f3 de Benaguasil queda segona en la Secci\u00f3 d&#8217;Honor del 134 Certamen de Bandes de M\u00fasica Ciutat de Val\u00e8ncia"},"content":{"rendered":"\n<h4 class=\"wp-block-heading\"><strong>La banda simf\u00f2nica de l&#8217;Ateneu Musical i d\u2019Ensenyan\u00e7a Banda Primitiva de Ll\u00edria, dirigida per Javier Engu\u00eddanos, s&#8217;ha proclamat guanyadora de la Secci\u00f3 d&#8217;Honor del 134 Certamen Internacional de Bandes de M\u00fasica \u201cCiutat de Val\u00e8ncia\u201d en obtindre 391,5 punts; seguida per La Uni\u00f3 Musical de Benaguasil, dirigida per Vicent Balaguer Dom\u00e9nech, gr\u00e0cies als seus 374,5 punts.<\/strong><\/h4>\n\n\n\n<figure class=\"wp-block-image size-large\"><img loading=\"lazy\" decoding=\"async\" width=\"1024\" height=\"576\" src=\"http:\/\/www.tucomarca.com\/wordpress\/segunda\/wp-content\/uploads\/2022\/07\/LliriaCertamen2022-1024x576.jpg\" alt=\"\" class=\"wp-image-162285\" srcset=\"https:\/\/tucomarca.whitekongsoftware.com\/wp-content\/uploads\/2022\/07\/LliriaCertamen2022-1024x576.jpg 1024w, https:\/\/tucomarca.whitekongsoftware.com\/wp-content\/uploads\/2022\/07\/LliriaCertamen2022-300x169.jpg 300w, https:\/\/tucomarca.whitekongsoftware.com\/wp-content\/uploads\/2022\/07\/LliriaCertamen2022-768x432.jpg 768w, https:\/\/tucomarca.whitekongsoftware.com\/wp-content\/uploads\/2022\/07\/LliriaCertamen2022-678x381.jpg 678w, https:\/\/tucomarca.whitekongsoftware.com\/wp-content\/uploads\/2022\/07\/LliriaCertamen2022.jpg 1200w\" sizes=\"auto, (max-width: 1024px) 100vw, 1024px\" \/><figcaption>Foto: Eva Ripoll.<\/figcaption><\/figure>\n\n\n\n<p class=\"wp-block-paragraph\">La banda simf\u00f2nica de l&#8217;Ateneu Musical i d\u2019Ensenyan\u00e7a Banda Primitiva de Ll\u00edria, condu\u00efda per Javier Engu\u00eddanos, s&#8217;ha proclamat vencedora de la Secci\u00f3 d&#8217;Honor del 134 Certamen Internacional de Bandes de M\u00fasica Ciutat de Val\u00e8ncia gr\u00e0cies als 391,5 punts que li han atorgat els jutges.<\/p>\n\n\n\n<p class=\"wp-block-paragraph\">En segona posici\u00f3 ha quedat La Uni\u00f3 Musical de Benaguasil gr\u00e0cies als seus 374,5 punts collits segons el parer del jurat que enguany estava compost per Isabelle Ruf-Weber, M\u00f3nica Giardini, Juany Mart\u00ednez-de la Fal\u00e7 Casas, Felix Hauswirth, Sergi Pastor i \u00c1ngel L\u00f3pez Carre\u00f1o.<\/p>\n\n\n\n<p class=\"wp-block-paragraph\">Las obras obligadas que han tenido que interpretar este a\u00f1o las bandas participantes en la Secci\u00f3n de Honor han sido \u201cDionysiaques op. 62\u201d, de Florent Schmitt y con arreglos de Felix Hauswirth; as\u00ed como \u201cLa Venta de los Gatos\u201d, del maestro Jos\u00e9 Serrano y con arreglos de Sergi Pastor.<\/p>\n\n\n\n<p class=\"wp-block-paragraph\">La banda sinf\u00f3nica del Ateneu Musical i d\u2019Ensenyan\u00e7a Banda Primitiva de Ll\u00edria se va decantar com obra de libre elecci\u00f3 pel pasodoble &#8220;Valencia-Ll\u00edria&#8221;, de Miguel Pascual Ferrer aix\u00ed com per la &#8220;Simfonia Memorial&#8221;, de Jos\u00e9 Alam\u00e1 Gil.<\/p>\n\n\n\n<p class=\"wp-block-paragraph\">Per la seua part, la banda simf\u00f2nica de La Uni\u00f3 Musical de Benaguasil, dirigida per  Vicent Balaguer Dom\u00e9nech, va interpretar &#8220;Musical Apolo&#8221;,\u00a0de Amando Blanquer Ponsoda, y els quitare temps de &#8220;Feste Romane&#8221;, de Ottorino Respighi, amb arreglos de Ton van Grevenbroek.<\/p>\n\n\n\n<p class=\"wp-block-paragraph\">La dotaci\u00f3 dels premis per a la Secci\u00f3 d&#8217;Honor d&#8217;aquest any 2022 ha sigut de 9.000 euros per a la guanyadora i de 6.000 euros per a la segona.<\/p>\n\n\n\n<p class=\"wp-block-paragraph\">La 134 edici\u00f3 del Certamen Internacional de Bandes de M\u00fasica Ciutat de Val\u00e8ncia s&#8217;ha celebrat des de dilluns passat. Han participat m\u00e9s de 2.000 m\u00fasics d&#8217;un total de 26 societats musicals europees. De les quals 15 han participat en concurs, mentre que cinc han sigut formacions convidades i les altres sis van actuar en el pre-certamen per diversos barris i Pobles de Val\u00e8ncia.<\/p>\n","protected":false},"excerpt":{"rendered":"<div class=\"mh-excerpt\">La banda simf\u00f2nica de l&#8217;Ateneu Musical i d\u2019Ensenyan\u00e7a Banda Primitiva de Ll\u00edria, dirigida per Javier Engu\u00eddanos, s&#8217;ha proclamat guanyadora de la Secci\u00f3 d&#8217;Honor del 134 Certamen Internacional de Bandes de M\u00fasica \u201cCiutat de Val\u00e8ncia\u201d en <a class=\"mh-excerpt-more\" href=\"https:\/\/tucomarca.whitekongsoftware.com\/ca\/la-primitiva-de-lliria-venc-i-la-unio-de-benaguasil-queda-segona-en-la-seccio-dhonor-del-134-certamen-de-bandes-de-musica-ciutat-de-valencia\/\" title=\"La Primitiva de Ll\u00edria ven\u00e7 i La Uni\u00f3 de Benaguasil queda segona en la Secci\u00f3 d&#8217;Honor del 134 Certamen de Bandes de M\u00fasica Ciutat de Val\u00e8ncia\">[+] <\/a><\/div>\n","protected":false},"author":1,"featured_media":162288,"comment_status":"open","ping_status":"open","sticky":false,"template":"","format":"standard","meta":{"footnotes":""},"categories":[10952,10892,11005,10898,10894,10904,10928,11007,10896],"tags":[11136,10899,11066,11070],"class_list":["post-162290","post","type-post","status-publish","format-standard","has-post-thumbnail","category-benaguasil-ca","category-camp-de-turia-ca","category-canal-musica","category-ventana-ca","category-la-comarca-ca","category-sin-categorizar-ca","category-lliria-ca","category-ocio-y-cultura-ca","category-seccion-ca","tag-benaguasil-ca","tag-camp-de-turia-ca","tag-musica-ca","tag-lliria-ca"],"_links":{"self":[{"href":"https:\/\/tucomarca.whitekongsoftware.com\/ca\/wp-json\/wp\/v2\/posts\/162290","targetHints":{"allow":["GET"]}}],"collection":[{"href":"https:\/\/tucomarca.whitekongsoftware.com\/ca\/wp-json\/wp\/v2\/posts"}],"about":[{"href":"https:\/\/tucomarca.whitekongsoftware.com\/ca\/wp-json\/wp\/v2\/types\/post"}],"author":[{"embeddable":true,"href":"https:\/\/tucomarca.whitekongsoftware.com\/ca\/wp-json\/wp\/v2\/users\/1"}],"replies":[{"embeddable":true,"href":"https:\/\/tucomarca.whitekongsoftware.com\/ca\/wp-json\/wp\/v2\/comments?post=162290"}],"version-history":[{"count":0,"href":"https:\/\/tucomarca.whitekongsoftware.com\/ca\/wp-json\/wp\/v2\/posts\/162290\/revisions"}],"wp:featuredmedia":[{"embeddable":true,"href":"https:\/\/tucomarca.whitekongsoftware.com\/ca\/wp-json\/wp\/v2\/media\/162288"}],"wp:attachment":[{"href":"https:\/\/tucomarca.whitekongsoftware.com\/ca\/wp-json\/wp\/v2\/media?parent=162290"}],"wp:term":[{"taxonomy":"category","embeddable":true,"href":"https:\/\/tucomarca.whitekongsoftware.com\/ca\/wp-json\/wp\/v2\/categories?post=162290"},{"taxonomy":"post_tag","embeddable":true,"href":"https:\/\/tucomarca.whitekongsoftware.com\/ca\/wp-json\/wp\/v2\/tags?post=162290"}],"curies":[{"name":"wp","href":"https:\/\/api.w.org\/{rel}","templated":true}]}}