{"id":162220,"date":"2022-07-19T09:45:00","date_gmt":"2022-07-19T07:45:00","guid":{"rendered":"http:\/\/www.tucomarca.com\/wordpress\/segunda\/?p=162220"},"modified":"2022-07-19T15:09:47","modified_gmt":"2022-07-19T13:09:47","slug":"el-consell-escolar-municipal-de-xest-decideix-continuar-amb-totes-les-activitats-financades-per-la-regidoria-deducacio-per-al-seguent-curs-i-incorporar-altres-noves","status":"publish","type":"post","link":"https:\/\/tucomarca.whitekongsoftware.com\/ca\/el-consell-escolar-municipal-de-xest-decideix-continuar-amb-totes-les-activitats-financades-per-la-regidoria-deducacio-per-al-seguent-curs-i-incorporar-altres-noves\/","title":{"rendered":"El consell escolar municipal de Xest decideix continuar amb totes les activitats finan\u00e7ades per la regidoria d&#8217;Educaci\u00f3 per al seg\u00fcent curs i incorporar altres noves"},"content":{"rendered":"\n<p class=\"wp-block-paragraph\">El consell escolar municipal es va reunir dimarts passat, 12 de juliol, en el sal\u00f3 de plens de l&#8217;Ajuntament per a fer balan\u00e7 de les activitats finan\u00e7ades per la regidoria d&#8217;Educaci\u00f3 durant el curs 2021-2022 i tractar temes d&#8217;inter\u00e9s per a la comunitat educativa chestana.&nbsp;<\/p>\n\n\n\n<p class=\"wp-block-paragraph\">En primer lloc es va acordar la proposta de dies festius per al calendari 2023, que en aquesta ocasi\u00f3 s\u00f3n el 18 i el 31 d&#8217;octubre, i el 17 de mar\u00e7. Aquesta proposta s&#8217;haur\u00e0 d&#8217;aprovar per Ple perqu\u00e8 siga efectiva. Despr\u00e9s, es va entrar a valorar una a una les activitats educatives realitzades en el curs 2021-2022, tant les recurrents com les que s&#8217;han dut a terme per primera vegada, i es va decidir que continuarien totes elles.<\/p>\n\n\n\n<p class=\"wp-block-paragraph\">\u201cLes valoracions de les activitats que, en la seua majoria, proposa i finan\u00e7a la regidoria d&#8217;Educaci\u00f3, s\u00f3n molt positives. El pr\u00f2xim curs escolar recuperarem activitats ajornades per la pand\u00e8mia i incorporem dues noves propostes\u201d, apuntava la regidora d&#8217;Educaci\u00f3.<\/p>\n\n\n\n<p class=\"wp-block-paragraph\">Les activitats que repetiran en el curs 2022-2023 en tots els centres educatius chestanos s\u00f3n les d&#8217;educaci\u00f3 afectiu-sexual, certamen literari, teatre en valenci\u00e0 i en angl\u00e9s, setmana de l&#8217;arbre, mercat ambulant solidari, escoles de Pasqua i estiu, animaci\u00f3 a la lectura, els tallers de primers auxilis a c\u00e0rrec del Centre de Salut i Protecci\u00f3 Civil, i els d&#8217;educaci\u00f3 ambiental. A m\u00e9s, continuaran El Gran Joc dels Escacs, el projecte d&#8217;innovaci\u00f3 educativa del Caleidoscopio, que es duu a terme en l&#8217;IES Ricardo Mar\u00edn, i el projecte de podcast del CEIP Francisco Giner dels Rius, al costat de l&#8217;activitat de balls regionals que es realitza en aquest mateix centre. Tamb\u00e9 seguiran avant els programes Recicla amb els 5 sentits i els tallers coordinats per Acaronar i la UPCCA; i es recuperaran activitats com l&#8217;educaci\u00f3 vi\u00e0ria, les jornades intergeneracionals, la recollida solid\u00e0ria de joguets, el cercaviles de carnestoltes, l&#8217;orientaci\u00f3 a l&#8217;estudi i els tallers d&#8217;art urb\u00e0; a m\u00e9s del taller d&#8217;astronomia i l&#8217;educaci\u00f3 financera, a c\u00e0rrec de la Fundaci\u00f3 cajacheste.<\/p>\n\n\n\n<p class=\"wp-block-paragraph\"><strong>Novetats<\/strong><\/p>\n\n\n\n<p class=\"wp-block-paragraph\">Des de la regidoria d&#8217;Educaci\u00f3 es van impulsar noves propostes per als centres educatius chestanos al llargs del curs 2022-2023. Durant el mes d&#8217;octubre tot l&#8217;alumnat fins a 5\u00e9 de Prim\u00e0ria assistir\u00e0 a la narraci\u00f3 del conte La Rateta, un espectacle que incorpora titelles i m\u00fasica en directe de Astor Piazolla, estrenat en el Palau de la M\u00fasica en 2021.<\/p>\n\n\n\n<p class=\"wp-block-paragraph\">Una altra de les novetats ser\u00e0 el Festival internacional de cinema infantil \u201cPequecinema\u201d, a c\u00e0rrec de la productora CortoEspa\u00f1a, que constar\u00e0 de 4 sessions de projecci\u00f3 d&#8217;una selecci\u00f3 internacional de curtmetratges.<\/p>\n\n\n\n<p class=\"wp-block-paragraph\">Tamb\u00e9 s&#8217;instal\u00b7lar\u00e0 un Punt Jove en l&#8217;IES Ricardo Mar\u00edn, gestionat per la Mancomunitat, que oferir\u00e0 un servei d&#8217;assessorament i informaci\u00f3 juvenil i programar\u00e0 activitats d&#8217;oci educatiu en l&#8217;hora de l&#8217;esbarjo.&nbsp;<\/p>\n\n\n\n<p class=\"wp-block-paragraph\"><strong>Jubilaci\u00f3<\/strong><\/p>\n\n\n\n<p class=\"wp-block-paragraph\">Finalment, el consell escolar va homenatjar les professores de l&#8217;IES Ricardo Mar\u00edn, Pilar Rodr\u00edguez, directora del centre durant 18 anys, i Pilar Huerga, cap d&#8217;estudis, recentment jubilades.<\/p>\n\n\n\n<p class=\"wp-block-paragraph\">Llorente va entregar una \u00e0mplia dedicat\u00f2ria personalitzada a cada professora agraint el seu temps, dedicaci\u00f3 i esfor\u00e7 al servei de l&#8217;Educaci\u00f3 P\u00fablica.<\/p>\n","protected":false},"excerpt":{"rendered":"<div class=\"mh-excerpt\">El consell escolar municipal es va reunir dimarts passat, 12 de juliol, en el sal\u00f3 de plens de l&#8217;Ajuntament per a fer balan\u00e7 de les activitats finan\u00e7ades per la regidoria d&#8217;Educaci\u00f3 durant el curs 2021-2022 <a class=\"mh-excerpt-more\" href=\"https:\/\/tucomarca.whitekongsoftware.com\/ca\/el-consell-escolar-municipal-de-xest-decideix-continuar-amb-totes-les-activitats-financades-per-la-regidoria-deducacio-per-al-seguent-curs-i-incorporar-altres-noves\/\" title=\"El consell escolar municipal de Xest decideix continuar amb totes les activitats finan\u00e7ades per la regidoria d&#8217;Educaci\u00f3 per al seg\u00fcent curs i incorporar altres noves\">[+] <\/a><\/div>\n","protected":false},"author":13,"featured_media":162218,"comment_status":"open","ping_status":"open","sticky":false,"template":"","format":"standard","meta":{"footnotes":""},"categories":[10948,10894,10912,10947,10896,10974],"tags":[11071,12114,10914],"class_list":["post-162220","post","type-post","status-publish","format-standard","has-post-thumbnail","category-infraestructuras-ca","category-la-comarca-ca","category-la-hoya-ca","category-politica","category-seccion-ca","category-cheste-ca","tag-cheste","tag-educacion-ca","tag-la-hoya-de-bunol-chiva-ca"],"_links":{"self":[{"href":"https:\/\/tucomarca.whitekongsoftware.com\/ca\/wp-json\/wp\/v2\/posts\/162220","targetHints":{"allow":["GET"]}}],"collection":[{"href":"https:\/\/tucomarca.whitekongsoftware.com\/ca\/wp-json\/wp\/v2\/posts"}],"about":[{"href":"https:\/\/tucomarca.whitekongsoftware.com\/ca\/wp-json\/wp\/v2\/types\/post"}],"author":[{"embeddable":true,"href":"https:\/\/tucomarca.whitekongsoftware.com\/ca\/wp-json\/wp\/v2\/users\/13"}],"replies":[{"embeddable":true,"href":"https:\/\/tucomarca.whitekongsoftware.com\/ca\/wp-json\/wp\/v2\/comments?post=162220"}],"version-history":[{"count":0,"href":"https:\/\/tucomarca.whitekongsoftware.com\/ca\/wp-json\/wp\/v2\/posts\/162220\/revisions"}],"wp:featuredmedia":[{"embeddable":true,"href":"https:\/\/tucomarca.whitekongsoftware.com\/ca\/wp-json\/wp\/v2\/media\/162218"}],"wp:attachment":[{"href":"https:\/\/tucomarca.whitekongsoftware.com\/ca\/wp-json\/wp\/v2\/media?parent=162220"}],"wp:term":[{"taxonomy":"category","embeddable":true,"href":"https:\/\/tucomarca.whitekongsoftware.com\/ca\/wp-json\/wp\/v2\/categories?post=162220"},{"taxonomy":"post_tag","embeddable":true,"href":"https:\/\/tucomarca.whitekongsoftware.com\/ca\/wp-json\/wp\/v2\/tags?post=162220"}],"curies":[{"name":"wp","href":"https:\/\/api.w.org\/{rel}","templated":true}]}}