{"id":162180,"date":"2022-07-19T08:15:00","date_gmt":"2022-07-19T06:15:00","guid":{"rendered":"http:\/\/www.tucomarca.com\/wordpress\/segunda\/?p=162180"},"modified":"2022-07-19T15:12:23","modified_gmt":"2022-07-19T13:12:23","slug":"alboraig-valora-positivament-els-primers-mesos-dimplantacio-del-pla-integral-de-residus","status":"publish","type":"post","link":"https:\/\/tucomarca.whitekongsoftware.com\/ca\/alboraig-valora-positivament-els-primers-mesos-dimplantacio-del-pla-integral-de-residus\/","title":{"rendered":"Alboraig valora positivament els primers mesos d&#8217;implantaci\u00f3 del Pla integral de Residus"},"content":{"rendered":"\n<p class=\"wp-block-paragraph\">L&#8217;Ajuntament d&#8217;Alboraig es va convertir enguany en un dels primers pobles de la comarca de la Foia de Bunyol a implantar el Pla Integral de Residus ( PIR ). Passats els primers mesos, l&#8217;alcaldessa, Paqui Collado, ha fet un balan\u00e7 molt positiu del nou sistema de recollida que va n\u00e0ixer amb l&#8217;objectiu de reduir al m\u00e0xim \u201cles nostres deixalles i convertir Alboraig en un m\u00e9s verd, sostenible i comprom\u00e9s amb el Medi Ambient\u201d.<\/p>\n\n\n\n<p class=\"wp-block-paragraph\">Per a l&#8217;alcaldessa, des que \u201cvam posar en marxa la recollida separada o fracci\u00f3 de residus org\u00e0nics, assumint el cost que poguera repercutir en la factura de les nostres ve\u00efnes i ve\u00efns, hem sabut que aquest nou sistema implicava un esfor\u00e7 de gesti\u00f3 tant per part de l&#8217;Ajuntament com de la ciutadania. Sabem que \u00e9s una forta aposta amb un important benefici ambiental. Per aix\u00f2, des del consistori estem treballant per solucionar les defici\u00e8ncies que s&#8217;hagen pogut ocasionar, tenint en compte que la seua posada en marxa \u00e9s nova\u201d.<\/p>\n\n\n\n<p class=\"wp-block-paragraph\">Collado, a m\u00e9s, ha ressaltat que es posar\u00e0 l&#8217;accent en el foment de la recollida selectiva en el lloc de generaci\u00f3 d&#8217;origen domiciliari, i en la import\u00e0ncia de depositar b\u00e9 les deixalles en els contenidors que s&#8217;han instal\u00b7lat al poble, aix\u00ed com utilitzar l&#8217;ecoparc, ja que si existeix la col\u00b7laboraci\u00f3 ciutadana \u201cguanyem tots\u201d.<\/p>\n\n\n\n<p class=\"wp-block-paragraph\">Finalment, per a l&#8217;alcaldessa aquest canvi \u201cha sigut possible gr\u00e0cies a la implicaci\u00f3 de tots els agents: ciutadans, administraci\u00f3, agents pol\u00edtics i econ\u00f2mics i educadors ambientals\u201d, i ha advertit que \u201csab\u00edem que el repte no era f\u00e0cil, per\u00f2 estem satisfets de com s&#8217;est\u00e0 desenvolupant, de la implicaci\u00f3 de la gent del poble, i tamb\u00e9 estem estudiant la manera de millorar el servei en tots els seus aspectes per a aconseguir l&#8217;objectiu proposat\u201d.<\/p>\n","protected":false},"excerpt":{"rendered":"<div class=\"mh-excerpt\">L&#8217;Ajuntament d&#8217;Alboraig es va convertir enguany en un dels primers pobles de la comarca de la Foia de Bunyol a implantar el Pla Integral de Residus ( PIR ). Passats els primers mesos, l&#8217;alcaldessa, Paqui <a class=\"mh-excerpt-more\" href=\"https:\/\/tucomarca.whitekongsoftware.com\/ca\/alboraig-valora-positivament-els-primers-mesos-dimplantacio-del-pla-integral-de-residus\/\" title=\"Alboraig valora positivament els primers mesos d&#8217;implantaci\u00f3 del Pla integral de Residus\">[+] <\/a><\/div>\n","protected":false},"author":13,"featured_media":162178,"comment_status":"open","ping_status":"open","sticky":false,"template":"","format":"standard","meta":{"footnotes":""},"categories":[10973,10948,10894,10912,10903,10947,10896],"tags":[11224,10914],"class_list":["post-162180","post","type-post","status-publish","format-standard","has-post-thumbnail","category-alborache-ca","category-infraestructuras-ca","category-la-comarca-ca","category-la-hoya-ca","category-medio-ambiente-la-comarca-ca","category-politica","category-seccion-ca","tag-alborache-ca","tag-la-hoya-de-bunol-chiva-ca"],"_links":{"self":[{"href":"https:\/\/tucomarca.whitekongsoftware.com\/ca\/wp-json\/wp\/v2\/posts\/162180","targetHints":{"allow":["GET"]}}],"collection":[{"href":"https:\/\/tucomarca.whitekongsoftware.com\/ca\/wp-json\/wp\/v2\/posts"}],"about":[{"href":"https:\/\/tucomarca.whitekongsoftware.com\/ca\/wp-json\/wp\/v2\/types\/post"}],"author":[{"embeddable":true,"href":"https:\/\/tucomarca.whitekongsoftware.com\/ca\/wp-json\/wp\/v2\/users\/13"}],"replies":[{"embeddable":true,"href":"https:\/\/tucomarca.whitekongsoftware.com\/ca\/wp-json\/wp\/v2\/comments?post=162180"}],"version-history":[{"count":0,"href":"https:\/\/tucomarca.whitekongsoftware.com\/ca\/wp-json\/wp\/v2\/posts\/162180\/revisions"}],"wp:featuredmedia":[{"embeddable":true,"href":"https:\/\/tucomarca.whitekongsoftware.com\/ca\/wp-json\/wp\/v2\/media\/162178"}],"wp:attachment":[{"href":"https:\/\/tucomarca.whitekongsoftware.com\/ca\/wp-json\/wp\/v2\/media?parent=162180"}],"wp:term":[{"taxonomy":"category","embeddable":true,"href":"https:\/\/tucomarca.whitekongsoftware.com\/ca\/wp-json\/wp\/v2\/categories?post=162180"},{"taxonomy":"post_tag","embeddable":true,"href":"https:\/\/tucomarca.whitekongsoftware.com\/ca\/wp-json\/wp\/v2\/tags?post=162180"}],"curies":[{"name":"wp","href":"https:\/\/api.w.org\/{rel}","templated":true}]}}