{"id":162087,"date":"2022-07-18T14:17:30","date_gmt":"2022-07-18T12:17:30","guid":{"rendered":"http:\/\/www.tucomarca.com\/wordpress\/segunda\/?p=162087"},"modified":"2022-07-18T14:48:52","modified_gmt":"2022-07-18T12:48:52","slug":"video-acte-de-presentacio-oficial-de-la-47-edicio-del-concert-ma-a-ma-de-bunyol-2022","status":"publish","type":"post","link":"https:\/\/tucomarca.whitekongsoftware.com\/ca\/video-acte-de-presentacio-oficial-de-la-47-edicio-del-concert-ma-a-ma-de-bunyol-2022\/","title":{"rendered":"V\u00eddeo: acte de presentaci\u00f3 oficial de la 47 edici\u00f3 del concert &#8220;M\u00e0 a m\u00e0&#8221; de Bunyol 2022"},"content":{"rendered":"\n<figure class=\"wp-block-embed is-type-video is-provider-youtube wp-block-embed-youtube wp-embed-aspect-16-9 wp-has-aspect-ratio\"><div class=\"wp-block-embed__wrapper\">\n<iframe loading=\"lazy\" title=\"V\u00eddeo: acto de presentaci\u00f3n oficial de la 47 edici\u00f3n del concierto &quot;Mano a mano&quot; de Bu\u00f1ol 2022\" width=\"500\" height=\"281\" src=\"https:\/\/www.youtube.com\/embed\/UOMuVZAvP6w?feature=oembed\" frameborder=\"0\" allow=\"accelerometer; autoplay; clipboard-write; encrypted-media; gyroscope; picture-in-picture; web-share\" referrerpolicy=\"strict-origin-when-cross-origin\" allowfullscreen><\/iframe>\n<\/div><\/figure>\n\n\n\n<p class=\"wp-block-paragraph\">La seu de la Diputaci\u00f3 de Val\u00e8ncia ha acollit l&#8217;acte de presentaci\u00f3 oficial de la 47 edici\u00f3 del concert &#8220;M\u00e0 a m\u00e0&#8221; de Bunyol 2022, amb la participaci\u00f3 de l&#8217;alcaldessa de Bunyol, Juncal Carrascosa; de la regidora de Cultura de l&#8217;Ajuntament de Bunyol, Mireia Parla; de la diputada provincial de Benestar Social, Pilar Sarri\u00f3n; de la presidenta del CIM \u201cL&#8217;Arm\u00f2nica\u201d de Bunyol, Rosario Pardo; del president de la SM \u201cL&#8217;Art\u00edstica\u201d de Bunyol, Paco Blasco; del director del CIM \u201cL&#8217;Arm\u00f2nica\u201d de Bunyol, Sa\u00fcl G\u00f3mez; del director de la SM \u201cL&#8217;Art\u00edstica\u201d de Bunyol, Mario Ortu\u00f1o; i del President d&#8217;Honor de la 47 edici\u00f3 del \u201cM\u00e0 a m\u00e0\u201d de Bunyol, Rafael Pascual Vilaplana.<\/p>\n","protected":false},"excerpt":{"rendered":"<div class=\"mh-excerpt\">La seu de la Diputaci\u00f3 de Val\u00e8ncia ha acollit l&#8217;acte de presentaci\u00f3 oficial de la 47 edici\u00f3 del concert &#8220;M\u00e0 a m\u00e0&#8221; de Bunyol 2022, amb la participaci\u00f3 de l&#8217;alcaldessa de Bunyol, Juncal Carrascosa; de <a class=\"mh-excerpt-more\" href=\"https:\/\/tucomarca.whitekongsoftware.com\/ca\/video-acte-de-presentacio-oficial-de-la-47-edicio-del-concert-ma-a-ma-de-bunyol-2022\/\" title=\"V\u00eddeo: acte de presentaci\u00f3 oficial de la 47 edici\u00f3 del concert &#8220;M\u00e0 a m\u00e0&#8221; de Bunyol 2022\">[+] <\/a><\/div>\n","protected":false},"author":1,"featured_media":162085,"comment_status":"open","ping_status":"open","sticky":false,"template":"","format":"video","meta":{"footnotes":""},"categories":[10911,11005,10898,10894,10904,10912,11007,10896,11062],"tags":[12193,10914,11765,13938],"class_list":["post-162087","post","type-post","status-publish","format-video","has-post-thumbnail","category-bunol-ca","category-canal-musica","category-ventana-ca","category-la-comarca-ca","category-sin-categorizar-ca","category-la-hoya-ca","category-ocio-y-cultura-ca","category-seccion-ca","category-videos","tag-concierto-mano-a-mano-ca","tag-la-hoya-de-bunol-chiva-ca","tag-mano-a-mano-ca","tag-video-3-ca","post_format-post-format-video"],"_links":{"self":[{"href":"https:\/\/tucomarca.whitekongsoftware.com\/ca\/wp-json\/wp\/v2\/posts\/162087","targetHints":{"allow":["GET"]}}],"collection":[{"href":"https:\/\/tucomarca.whitekongsoftware.com\/ca\/wp-json\/wp\/v2\/posts"}],"about":[{"href":"https:\/\/tucomarca.whitekongsoftware.com\/ca\/wp-json\/wp\/v2\/types\/post"}],"author":[{"embeddable":true,"href":"https:\/\/tucomarca.whitekongsoftware.com\/ca\/wp-json\/wp\/v2\/users\/1"}],"replies":[{"embeddable":true,"href":"https:\/\/tucomarca.whitekongsoftware.com\/ca\/wp-json\/wp\/v2\/comments?post=162087"}],"version-history":[{"count":0,"href":"https:\/\/tucomarca.whitekongsoftware.com\/ca\/wp-json\/wp\/v2\/posts\/162087\/revisions"}],"wp:featuredmedia":[{"embeddable":true,"href":"https:\/\/tucomarca.whitekongsoftware.com\/ca\/wp-json\/wp\/v2\/media\/162085"}],"wp:attachment":[{"href":"https:\/\/tucomarca.whitekongsoftware.com\/ca\/wp-json\/wp\/v2\/media?parent=162087"}],"wp:term":[{"taxonomy":"category","embeddable":true,"href":"https:\/\/tucomarca.whitekongsoftware.com\/ca\/wp-json\/wp\/v2\/categories?post=162087"},{"taxonomy":"post_tag","embeddable":true,"href":"https:\/\/tucomarca.whitekongsoftware.com\/ca\/wp-json\/wp\/v2\/tags?post=162087"}],"curies":[{"name":"wp","href":"https:\/\/api.w.org\/{rel}","templated":true}]}}