{"id":161930,"date":"2022-07-15T08:55:00","date_gmt":"2022-07-15T06:55:00","guid":{"rendered":"http:\/\/www.tucomarca.com\/wordpress\/segunda\/?p=161930"},"modified":"2022-07-15T21:56:14","modified_gmt":"2022-07-15T19:56:14","slug":"lajuntament-de-bunyol-inverteix-mes-de-90-000-euros-en-un-any-en-millora-i-condicionament-de-parcs-infantils-jardins-castell-i-canvi-de-mobiliari-urba","status":"publish","type":"post","link":"https:\/\/tucomarca.whitekongsoftware.com\/ca\/lajuntament-de-bunyol-inverteix-mes-de-90-000-euros-en-un-any-en-millora-i-condicionament-de-parcs-infantils-jardins-castell-i-canvi-de-mobiliari-urba\/","title":{"rendered":"L&#8217;Ajuntament de Bunyol inverteix m\u00e9s de 90.000 euros en un any en millora i condicionament de parcs infantils, jardins, castell i canvi de mobiliari urb\u00e0"},"content":{"rendered":"\n<figure class=\"wp-block-gallery columns-3 is-cropped wp-block-gallery-1 is-layout-flex wp-block-gallery-is-layout-flex\"><ul class=\"blocks-gallery-grid\"><li class=\"blocks-gallery-item\"><figure><img loading=\"lazy\" decoding=\"async\" width=\"768\" height=\"1024\" src=\"http:\/\/www.tucomarca.com\/wordpress\/segunda\/wp-content\/uploads\/2022\/07\/Bunol_mejorasparques3-768x1024.jpg\" alt=\"\" data-id=\"161921\" data-full-url=\"http:\/\/www.tucomarca.com\/wordpress\/segunda\/wp-content\/uploads\/2022\/07\/Bunol_mejorasparques3.jpg\" data-link=\"http:\/\/www.tucomarca.com\/wordpress\/segunda\/?attachment_id=161921\" class=\"wp-image-161921\" srcset=\"https:\/\/tucomarca.whitekongsoftware.com\/wp-content\/uploads\/2022\/07\/Bunol_mejorasparques3-768x1024.jpg 768w, https:\/\/tucomarca.whitekongsoftware.com\/wp-content\/uploads\/2022\/07\/Bunol_mejorasparques3-225x300.jpg 225w, https:\/\/tucomarca.whitekongsoftware.com\/wp-content\/uploads\/2022\/07\/Bunol_mejorasparques3-1152x1536.jpg 1152w, https:\/\/tucomarca.whitekongsoftware.com\/wp-content\/uploads\/2022\/07\/Bunol_mejorasparques3.jpg 1536w\" sizes=\"auto, (max-width: 768px) 100vw, 768px\" \/><\/figure><\/li><li class=\"blocks-gallery-item\"><figure><img loading=\"lazy\" decoding=\"async\" width=\"768\" height=\"1024\" src=\"http:\/\/www.tucomarca.com\/wordpress\/segunda\/wp-content\/uploads\/2022\/07\/Bunol_mejorasparques5-768x1024.jpg\" alt=\"\" data-id=\"161925\" data-full-url=\"http:\/\/www.tucomarca.com\/wordpress\/segunda\/wp-content\/uploads\/2022\/07\/Bunol_mejorasparques5.jpg\" data-link=\"http:\/\/www.tucomarca.com\/wordpress\/segunda\/?attachment_id=161925\" class=\"wp-image-161925\" srcset=\"https:\/\/tucomarca.whitekongsoftware.com\/wp-content\/uploads\/2022\/07\/Bunol_mejorasparques5-768x1024.jpg 768w, https:\/\/tucomarca.whitekongsoftware.com\/wp-content\/uploads\/2022\/07\/Bunol_mejorasparques5-225x300.jpg 225w, https:\/\/tucomarca.whitekongsoftware.com\/wp-content\/uploads\/2022\/07\/Bunol_mejorasparques5-1152x1536.jpg 1152w, https:\/\/tucomarca.whitekongsoftware.com\/wp-content\/uploads\/2022\/07\/Bunol_mejorasparques5.jpg 1536w\" sizes=\"auto, (max-width: 768px) 100vw, 768px\" \/><\/figure><\/li><li class=\"blocks-gallery-item\"><figure><img loading=\"lazy\" decoding=\"async\" width=\"768\" height=\"1024\" src=\"http:\/\/www.tucomarca.com\/wordpress\/segunda\/wp-content\/uploads\/2022\/07\/Bunol_mejorasparques2-1-768x1024.jpg\" alt=\"\" data-id=\"161927\" data-full-url=\"http:\/\/www.tucomarca.com\/wordpress\/segunda\/wp-content\/uploads\/2022\/07\/Bunol_mejorasparques2-1.jpg\" data-link=\"http:\/\/www.tucomarca.com\/wordpress\/segunda\/?attachment_id=161927\" class=\"wp-image-161927\" srcset=\"https:\/\/tucomarca.whitekongsoftware.com\/wp-content\/uploads\/2022\/07\/Bunol_mejorasparques2-1-768x1024.jpg 768w, https:\/\/tucomarca.whitekongsoftware.com\/wp-content\/uploads\/2022\/07\/Bunol_mejorasparques2-1-225x300.jpg 225w, https:\/\/tucomarca.whitekongsoftware.com\/wp-content\/uploads\/2022\/07\/Bunol_mejorasparques2-1-1152x1536.jpg 1152w, https:\/\/tucomarca.whitekongsoftware.com\/wp-content\/uploads\/2022\/07\/Bunol_mejorasparques2-1.jpg 1200w\" sizes=\"auto, (max-width: 768px) 100vw, 768px\" \/><\/figure><\/li><\/ul><\/figure>\n\n\n\n<p class=\"wp-block-paragraph\">Rafa P\u00e9rez, regidor d&#8217;Obres, Urbanisme i Serveis Municipals de l&#8217;Ajuntament de Bunyol ha informat de la millora en nombrosos parcs infantils de la localitat, a m\u00e9s de canvis de llumin\u00e0ries per unes LED, mobiliari urb\u00e0, obres en diversos carrers i la millora i neteja del Riu Bunyol. Va recordar les obres que s&#8217;estan duent a terme al Carrer Ernesto Gim\u00e9nez, devastada per les pluges de la passada primavera en la localitat. A aix\u00f2 s&#8217;afig la neteja del Castell de la localitat, eliminant les males herbes i condicionant tot el recinte.<\/p>\n\n\n\n<p class=\"wp-block-paragraph\">L&#8217;edil confirma que en Parcs i Jardins s&#8217;ha fet una inversi\u00f3 in\u00e8dita en la localitat. \u201cS&#8217;ha invertit tant als parcs dels dos col\u00b7legis p\u00fablics de la localitat, Sant Llu\u00eds i Cervantes, per\u00f2 tamb\u00e9 al Parc de Marcelino Camacho, molt utilitzat per xicotets i pares del municipi. Fins i tot la coneguda Marieta s&#8217;arreglar\u00e0 per complet i s&#8217;instal\u00b7lar\u00e0 al Parc del Barri Sant Rafael\u201d.<\/p>\n\n\n\n<p class=\"wp-block-paragraph\">Va continuar enumerant la inversi\u00f3 de nous jocs, s\u00f2l i millora dels jardins als parcs de Marcelino Camacho, Facundo Tom\u00e1s, i Barri Gila. Som conscients que Bunyol compta amb 16 parcs, una gran varietat, la qual cosa dificulta l&#8217;estat correcte de cadascun d&#8217;ells constantment. En aquest any hem fet una gran compra de mobiliari i jocs per a tots els parcs seguint procediments de contractaci\u00f3, que era una cosa que mai s&#8217;havia fet en aquest Ajuntament, per\u00f2 que d&#8217;aquesta manera comptem amb un pla a llarg termini d&#8217;inversi\u00f3 i manteniment d&#8217;aquests. En definitiva, s&#8217;ha comprat papereres, bancs, taules de p\u00edcnic, jocs infantils en valor de 60.000 euros. A aix\u00f2 s&#8217;afig els 30.000 euros invertits en canvi de llumin\u00e0ries i fanals led, la qual cosa suposa una inversi\u00f3 que ronda els 90.000 euros enguany i tot amb fons propis\u201d.&nbsp;<\/p>\n\n\n\n<p class=\"wp-block-paragraph\">P\u00e9rez espera comptar amb tot instal\u00b7lat abans que comence la Fira i Festes de Bunyol a la fi d&#8217;agost. \u201cTan sols esperem que es respecte perqu\u00e8 el treball incansable de la brigada municipal \u00e9s d&#8217;elogi\u201d, afirma l&#8217;edil del ram.&nbsp;<\/p>\n\n\n\n<p class=\"wp-block-paragraph\">Finalment, en la Cova Turche s&#8217;ha finalitzat la primera fase en la qual \u00fanicament s&#8217;ha millorat l&#8217;acc\u00e9s. Despr\u00e9s de l&#8217;estiu es continuar\u00e0 la segona fase en la qual es millorar\u00e0 el paratge, per\u00f2 sempre mantenint i respectant el paratge natural sense modificar-lo. \u201cEns estem trobant amb el mal \u00fas que fan els visitants els caps de setmana, deixant una gran quantitat de fem, la qual cosa obliga que els treballadors d&#8217;aquest ajuntament hagen d&#8217;estar netejant la zona tres dies a la setmana i d&#8217;aquesta manera no puguen netejar altres zones del municipi, aix\u00ed que apel\u00b7lem a la responsabilitat i al civisme de ve\u00efns i visitants\u201d, va finalitzar el regidor de Serveis Municipals del consistori bu\u00f1olense i primer Tinent d&#8217;Alcalde, Rafa P\u00e9rez.<\/p>\n","protected":false},"excerpt":{"rendered":"<div class=\"mh-excerpt\">Rafa P\u00e9rez, regidor d&#8217;Obres, Urbanisme i Serveis Municipals de l&#8217;Ajuntament de Bunyol ha informat de la millora en nombrosos parcs infantils de la localitat, a m\u00e9s de canvis de llumin\u00e0ries per unes LED, mobiliari urb\u00e0, <a class=\"mh-excerpt-more\" href=\"https:\/\/tucomarca.whitekongsoftware.com\/ca\/lajuntament-de-bunyol-inverteix-mes-de-90-000-euros-en-un-any-en-millora-i-condicionament-de-parcs-infantils-jardins-castell-i-canvi-de-mobiliari-urba\/\" title=\"L&#8217;Ajuntament de Bunyol inverteix m\u00e9s de 90.000 euros en un any en millora i condicionament de parcs infantils, jardins, castell i canvi de mobiliari urb\u00e0\">[+] <\/a><\/div>\n","protected":false},"author":12,"featured_media":161918,"comment_status":"open","ping_status":"open","sticky":false,"template":"","format":"gallery","meta":{"footnotes":""},"categories":[10911,10948,10894,10912,10947,10896],"tags":[10913,10914,13763],"class_list":["post-161930","post","type-post","status-publish","format-gallery","has-post-thumbnail","category-bunol-ca","category-infraestructuras-ca","category-la-comarca-ca","category-la-hoya-ca","category-politica","category-seccion-ca","tag-bunol-ca","tag-la-hoya-de-bunol-chiva-ca","tag-obras-y-servicios-municipales-ca","post_format-post-format-gallery"],"_links":{"self":[{"href":"https:\/\/tucomarca.whitekongsoftware.com\/ca\/wp-json\/wp\/v2\/posts\/161930","targetHints":{"allow":["GET"]}}],"collection":[{"href":"https:\/\/tucomarca.whitekongsoftware.com\/ca\/wp-json\/wp\/v2\/posts"}],"about":[{"href":"https:\/\/tucomarca.whitekongsoftware.com\/ca\/wp-json\/wp\/v2\/types\/post"}],"author":[{"embeddable":true,"href":"https:\/\/tucomarca.whitekongsoftware.com\/ca\/wp-json\/wp\/v2\/users\/12"}],"replies":[{"embeddable":true,"href":"https:\/\/tucomarca.whitekongsoftware.com\/ca\/wp-json\/wp\/v2\/comments?post=161930"}],"version-history":[{"count":0,"href":"https:\/\/tucomarca.whitekongsoftware.com\/ca\/wp-json\/wp\/v2\/posts\/161930\/revisions"}],"wp:featuredmedia":[{"embeddable":true,"href":"https:\/\/tucomarca.whitekongsoftware.com\/ca\/wp-json\/wp\/v2\/media\/161918"}],"wp:attachment":[{"href":"https:\/\/tucomarca.whitekongsoftware.com\/ca\/wp-json\/wp\/v2\/media?parent=161930"}],"wp:term":[{"taxonomy":"category","embeddable":true,"href":"https:\/\/tucomarca.whitekongsoftware.com\/ca\/wp-json\/wp\/v2\/categories?post=161930"},{"taxonomy":"post_tag","embeddable":true,"href":"https:\/\/tucomarca.whitekongsoftware.com\/ca\/wp-json\/wp\/v2\/tags?post=161930"}],"curies":[{"name":"wp","href":"https:\/\/api.w.org\/{rel}","templated":true}]}}