{"id":161698,"date":"2022-07-14T08:00:00","date_gmt":"2022-07-14T06:00:00","guid":{"rendered":"http:\/\/www.tucomarca.com\/wordpress\/segunda\/?p=161698"},"modified":"2022-07-14T10:28:03","modified_gmt":"2022-07-14T08:28:03","slug":"mompo-pp-exigeix-ajudes-per-als-habitants-dels-municipis-que-no-es-puguen-beneficiar-dels-abonaments-gratuits-de-tren","status":"publish","type":"post","link":"https:\/\/tucomarca.whitekongsoftware.com\/ca\/mompo-pp-exigeix-ajudes-per-als-habitants-dels-municipis-que-no-es-puguen-beneficiar-dels-abonaments-gratuits-de-tren\/","title":{"rendered":"Momp\u00f3 (PP) exigeix ajudes per als habitants dels municipis que no es puguen beneficiar dels abonaments gratu\u00efts de tren"},"content":{"rendered":"\n<p class=\"wp-block-paragraph\"><strong>\u201cLes noves bonificacions de transport de S\u00e1nchez obliden a molt\u00edssims municipis que no estan connectats per tren, per exemple, a les comarques d&#8217;Utiel-Requena, els Serrans, el Rac\u00f3 d&#8217;Adem\u00fas o la Vall d&#8217;Aiora\u201d, assegura el portaveu popular.<\/strong><\/p>\n\n\n\n<p class=\"wp-block-paragraph\"><strong>Momp\u00f3 critica que molts d&#8217;aqueixos municipis pateixen, a m\u00e9s, \u201cuna gran falta de connectivitat per la supressi\u00f3 de l\u00ednies ferrovi\u00e0ries per part de l&#8217;Estat\u201d.<\/strong><\/p>\n\n\n\n<p class=\"wp-block-paragraph\">El portaveu del Partit Popular en la Diputaci\u00f3 de Val\u00e8ncia, Vicente Momp\u00f3, ha anunciat que el seu grup demanar\u00e0 que la Diputaci\u00f3 exigisca al Govern d&#8217;Espanya ajudes per als habitants dels municipis de comarques com Requena-Utiel, El Rac\u00f3 d&#8217;Adem\u00fas, Els Serrans o la Vall d&#8217;Aiora, entre altres, que no estan connectades per ferrocarril i, per tant, no es beneficiaran de la bonificaci\u00f3 dels trens Rodalia, Rodalies i Mitjana dist\u00e0ncia, anunciats per Pedro S\u00e1nchez.&nbsp;<\/p>\n\n\n\n<p class=\"wp-block-paragraph\">\u201cUna vegada m\u00e9s, S\u00e1nchez s&#8217;oblida d&#8217;aqueixos milions d&#8217;espanyols que no viuen en ciutats o municipis amb connexions adequades. En el cas de la prov\u00edncia de Val\u00e8ncia, parlem d&#8217;habitants de municipis en risc de despoblaci\u00f3 que es veuen obligats a agafar el vehicle privat per a despla\u00e7ar-se. A totes aqueixes persones de l&#8217;Espanya Buidada a la sempre al\u00b7ludeix S\u00e1nchez, quina soluci\u00f3 els dona?\u201d ha criticat Momp\u00f3.&nbsp;<\/p>\n\n\n\n<p class=\"wp-block-paragraph\">El portaveu popular ha reiterat \u201cla necessitat de serveis i infraestructures per a frenar la despoblaci\u00f3 dels municipis d&#8217;interior\u201d i ha recordat que el seu grup est\u00e0 lluitant \u201cperqu\u00e8 es restablisquen les connexions de tren eliminades per l&#8217;executiu, per exemple el tren Utiel- Conca, l&#8217;erradicaci\u00f3 del qual ha afectat municipis com Camporrobles, a pedanies d&#8217;Utiel i a altres municipis contigus que utilitzaven aquestes estacions per als seus viatges, com Villagordo del Cabriel o Fuenterrobles\u201d.&nbsp;<\/p>\n\n\n\n<p class=\"wp-block-paragraph\">\u201cEns neguem al fet que el Govern vulga fer comarques de primera i de segona\u201d, ha apuntat. \u201cEl d\u00e8ficit d&#8217;infraestructures en les zones rurals de la nostra prov\u00edncia est\u00e0 llastrant el seu creixement. Existeix una manca de serveis que s\u00f3n imprescindibles i les ve\u00efnes i ve\u00efns d&#8217;aquests municipis no poden seguir aix\u00ed. I ara aquestes desigualtats es veuen encara m\u00e9s accentuades per les bonificacions anunciades per S\u00e1nchez\u201d, ha concl\u00f2s.<\/p>\n","protected":false},"excerpt":{"rendered":"<div class=\"mh-excerpt\">\u201cLes noves bonificacions de transport de S\u00e1nchez obliden a molt\u00edssims municipis que no estan connectats per tren, per exemple, a les comarques d&#8217;Utiel-Requena, els Serrans, el Rac\u00f3 d&#8217;Adem\u00fas o la Vall d&#8217;Aiora\u201d, assegura el portaveu <a class=\"mh-excerpt-more\" href=\"https:\/\/tucomarca.whitekongsoftware.com\/ca\/mompo-pp-exigeix-ajudes-per-als-habitants-dels-municipis-que-no-es-puguen-beneficiar-dels-abonaments-gratuits-de-tren\/\" title=\"Momp\u00f3 (PP) exigeix ajudes per als habitants dels municipis que no es puguen beneficiar dels abonaments gratu\u00efts de tren\">[+] <\/a><\/div>\n","protected":false},"author":13,"featured_media":161696,"comment_status":"open","ping_status":"open","sticky":false,"template":"","format":"standard","meta":{"footnotes":""},"categories":[10926,10890,10951,11030,11031,10923,10924,10925,11032,11054,11046,11055,10948,10894,10904,10960,11056,10947,10908,10909,11057,10896,11058,10961,11059,10962,11060,11061],"tags":[10910,12039,16695],"class_list":["post-161698","post","type-post","status-publish","format-standard","has-post-thumbnail","category-ademus-ca","category-ademus","category-ayora-cofrentes-ca","category-campo-arcis-ca","category-camporrobles-ca","category-cases-altes","category-cases-baixes","category-castielfabib-ca","category-caudete-ca","category-chera-ca","category-los-serranos-ca","category-fuenterrobles-ca","category-infraestructuras-ca","category-la-comarca-ca","category-sin-categorizar-ca","category-la-puebla-de-san-miguel-ca","category-las-cuevas-ca","category-politica","category-requena-ca","category-requena-utiel-ca","category-san-antonio-ca","category-seccion-ca","category-sinarcas-ca","category-torrebaja-ca","category-utiel-ca","category-vallanca-ca","category-venta-del-moro-ca","category-villargordo-del-cabriel-ca","tag-requena-utiel-ca","tag-rincon-de-ademuz-ca","tag-trenes-ca"],"_links":{"self":[{"href":"https:\/\/tucomarca.whitekongsoftware.com\/ca\/wp-json\/wp\/v2\/posts\/161698","targetHints":{"allow":["GET"]}}],"collection":[{"href":"https:\/\/tucomarca.whitekongsoftware.com\/ca\/wp-json\/wp\/v2\/posts"}],"about":[{"href":"https:\/\/tucomarca.whitekongsoftware.com\/ca\/wp-json\/wp\/v2\/types\/post"}],"author":[{"embeddable":true,"href":"https:\/\/tucomarca.whitekongsoftware.com\/ca\/wp-json\/wp\/v2\/users\/13"}],"replies":[{"embeddable":true,"href":"https:\/\/tucomarca.whitekongsoftware.com\/ca\/wp-json\/wp\/v2\/comments?post=161698"}],"version-history":[{"count":0,"href":"https:\/\/tucomarca.whitekongsoftware.com\/ca\/wp-json\/wp\/v2\/posts\/161698\/revisions"}],"wp:featuredmedia":[{"embeddable":true,"href":"https:\/\/tucomarca.whitekongsoftware.com\/ca\/wp-json\/wp\/v2\/media\/161696"}],"wp:attachment":[{"href":"https:\/\/tucomarca.whitekongsoftware.com\/ca\/wp-json\/wp\/v2\/media?parent=161698"}],"wp:term":[{"taxonomy":"category","embeddable":true,"href":"https:\/\/tucomarca.whitekongsoftware.com\/ca\/wp-json\/wp\/v2\/categories?post=161698"},{"taxonomy":"post_tag","embeddable":true,"href":"https:\/\/tucomarca.whitekongsoftware.com\/ca\/wp-json\/wp\/v2\/tags?post=161698"}],"curies":[{"name":"wp","href":"https:\/\/api.w.org\/{rel}","templated":true}]}}