{"id":161622,"date":"2022-07-13T09:10:00","date_gmt":"2022-07-13T07:10:00","guid":{"rendered":"http:\/\/www.tucomarca.com\/wordpress\/segunda\/?p=161622"},"modified":"2022-07-13T12:21:13","modified_gmt":"2022-07-13T10:21:13","slug":"la-comarca-requena-utiel-supera-els-dos-milions-per-als-seus-municipis-a-traves-del-fons-de-cooperacio-de-la-diputacio","status":"publish","type":"post","link":"https:\/\/tucomarca.whitekongsoftware.com\/ca\/la-comarca-requena-utiel-supera-els-dos-milions-per-als-seus-municipis-a-traves-del-fons-de-cooperacio-de-la-diputacio\/","title":{"rendered":"La comarca Requena-Utiel supera els dos milions per als seus municipis a trav\u00e9s del Fons de Cooperaci\u00f3 de la Diputaci\u00f3"},"content":{"rendered":"\n<h4 class=\"wp-block-heading\"><strong><strong>La corporaci\u00f3 ha entregat ja enguany 1.650.000 euros als nou ajuntaments i les seues aldees i aprovar\u00e0 una tercera entrega de 565.000 euros al juliol per a aconseguir una xifra hist\u00f2rica<\/strong><\/strong><\/h4>\n\n\n\n<h4 class=\"wp-block-heading\"><strong><strong>Els municipis de la comarca es repartiran 564.597 euros, des dels 155.000 de Requena i els 124.000 d&#8217;Utiel fins als 33.500 de Chera<\/strong><\/strong><\/h4>\n\n\n\n<p class=\"wp-block-paragraph\">Els municipis de la comarca Requena-Utiel rebran abans de finalitzar l&#8217;estiu altres 565.000 euros de la Diputaci\u00f3 de Val\u00e8ncia en el marc del Fons de Cooperaci\u00f3 Municipal, que ja ha repartit enguany 1.650.000 euros entre els nou ajuntaments i les seues aldees. Amb esta tercera i \u00faltima entrega de la Diputaci\u00f3 al Fons en el present exercici, la comarca aconsegueix la hist\u00f2rica xifra de 2.215.000 euros.<\/p>\n\n\n\n<p class=\"wp-block-paragraph\">Requena, amb 155.680 euros, i Utiel amb 124.750 euros, s\u00f3n els dos pobles amb major assignaci\u00f3 en esta \u00faltima aportaci\u00f3 provincial al Fons de Cooperaci\u00f3; mentre que els set municipis restants van des dels 46.482 de Camporrobles fins als 33.590 de Chera.<\/p>\n\n\n\n<p class=\"wp-block-paragraph\">La Diputaci\u00f3 de Val\u00e8ncia aconseguix una hist\u00f2rica aportaci\u00f3 de 80 milions d&#8217;euros al Fons de Cooperaci\u00f3 Municipal 2022 amb este tercer pagament que s&#8217;aprovar\u00e0 en el ple del mes de juliol. La instituci\u00f3 que presidix Toni Gaspar ha ingressat ja 60 milions als ajuntaments de la prov\u00edncia enguany i repartir\u00e0 altres 20 milions m\u00e9s en les pr\u00f2ximes setmanes, completant aix\u00ed una assignaci\u00f3 que quadruplica la dotaci\u00f3 del Consell als municipis valencians en este programa en el qual la Diputaci\u00f3 participa al costat de la Generalitat.<\/p>\n\n\n\n<p class=\"wp-block-paragraph\"><strong>Esfor\u00e7 inversor<\/strong><\/p>\n\n\n\n<p class=\"wp-block-paragraph\">La Diputaci\u00f3 quadruplica tamb\u00e9 els 20,6 milions d&#8217;euros que va comen\u00e7ar aportant al Fons de Cooperaci\u00f3 en 2017, any en qu\u00e8 es va crear l&#8217;eina de finan\u00e7ament municipal que permet als consistoris destinar les ajudes tant a inversi\u00f3 com a despesa corrent. En paraules del president Gaspar, \u201cl&#8217;esfor\u00e7 inversor que esta instituci\u00f3 realitza tant a trav\u00e9s del Fons com del Pla d&#8217;Inversions, i que enguany es tradu\u00efx en la injecci\u00f3 directa de m\u00e9s de 200 milions d&#8217;euros als ajuntaments, demostra que la prioritat de la Diputaci\u00f3 s\u00f3n els pobles als quals representa, especialment els de menys de 10.000 habitants que s\u00f3n els que m\u00e9s la necessiten\u201d.<\/p>\n\n\n\n<p class=\"wp-block-paragraph\">Toni Gaspar recorda que les transfer\u00e8ncies directes als municipis s&#8217;han incrementat en els \u00faltims anys fruit de la gesti\u00f3 d&#8217;un equip de govern que \u201cprioritza la liquiditat dels consistoris i reinvertix el romanent als pobles, ajudant-los a eixir de la pand\u00e8mia i a fer front a problemes conjunturals com \u00e9s hui el de la inflaci\u00f3\u201d.<\/p>\n\n\n\n<figure class=\"wp-block-image size-large\"><img loading=\"lazy\" decoding=\"async\" width=\"1024\" height=\"660\" src=\"http:\/\/www.tucomarca.com\/wordpress\/segunda\/wp-content\/uploads\/2022\/07\/RequenaDipu-1024x660.jpg\" alt=\"\" class=\"wp-image-161619\" srcset=\"https:\/\/tucomarca.whitekongsoftware.com\/wp-content\/uploads\/2022\/07\/RequenaDipu-1024x660.jpg 1024w, https:\/\/tucomarca.whitekongsoftware.com\/wp-content\/uploads\/2022\/07\/RequenaDipu-300x193.jpg 300w, https:\/\/tucomarca.whitekongsoftware.com\/wp-content\/uploads\/2022\/07\/RequenaDipu-768x495.jpg 768w, https:\/\/tucomarca.whitekongsoftware.com\/wp-content\/uploads\/2022\/07\/RequenaDipu.jpg 1335w\" sizes=\"auto, (max-width: 1024px) 100vw, 1024px\" \/><\/figure>\n","protected":false},"excerpt":{"rendered":"<div class=\"mh-excerpt\">La corporaci\u00f3 ha entregat ja enguany 1.650.000 euros als nou ajuntaments i les seues aldees i aprovar\u00e0 una tercera entrega de 565.000 euros al juliol per a aconseguir una xifra hist\u00f2rica Els municipis de la <a class=\"mh-excerpt-more\" href=\"https:\/\/tucomarca.whitekongsoftware.com\/ca\/la-comarca-requena-utiel-supera-els-dos-milions-per-als-seus-municipis-a-traves-del-fons-de-cooperacio-de-la-diputacio\/\" title=\"La comarca Requena-Utiel supera els dos milions per als seus municipis a trav\u00e9s del Fons de Cooperaci\u00f3 de la Diputaci\u00f3\">[+] <\/a><\/div>\n","protected":false},"author":1,"featured_media":122581,"comment_status":"open","ping_status":"open","sticky":false,"template":"","format":"standard","meta":{"footnotes":""},"categories":[11030,11031,11032,11054,10898,11055,10948,10894,10904,11056,10903,10947,10908,10909,11057,10896,11058,11059,11060,11061],"tags":[11246,11099,10910,11174],"class_list":["post-161622","post","type-post","status-publish","format-standard","has-post-thumbnail","category-campo-arcis-ca","category-camporrobles-ca","category-caudete-ca","category-chera-ca","category-ventana-ca","category-fuenterrobles-ca","category-infraestructuras-ca","category-la-comarca-ca","category-sin-categorizar-ca","category-las-cuevas-ca","category-medio-ambiente-la-comarca-ca","category-politica","category-requena-ca","category-requena-utiel-ca","category-san-antonio-ca","category-seccion-ca","category-sinarcas-ca","category-utiel-ca","category-venta-del-moro-ca","category-villargordo-del-cabriel-ca","tag-diputacio-de-valencia-ca","tag-requena-ca","tag-requena-utiel-ca","tag-utiel-ca"],"_links":{"self":[{"href":"https:\/\/tucomarca.whitekongsoftware.com\/ca\/wp-json\/wp\/v2\/posts\/161622","targetHints":{"allow":["GET"]}}],"collection":[{"href":"https:\/\/tucomarca.whitekongsoftware.com\/ca\/wp-json\/wp\/v2\/posts"}],"about":[{"href":"https:\/\/tucomarca.whitekongsoftware.com\/ca\/wp-json\/wp\/v2\/types\/post"}],"author":[{"embeddable":true,"href":"https:\/\/tucomarca.whitekongsoftware.com\/ca\/wp-json\/wp\/v2\/users\/1"}],"replies":[{"embeddable":true,"href":"https:\/\/tucomarca.whitekongsoftware.com\/ca\/wp-json\/wp\/v2\/comments?post=161622"}],"version-history":[{"count":0,"href":"https:\/\/tucomarca.whitekongsoftware.com\/ca\/wp-json\/wp\/v2\/posts\/161622\/revisions"}],"wp:featuredmedia":[{"embeddable":true,"href":"https:\/\/tucomarca.whitekongsoftware.com\/ca\/wp-json\/wp\/v2\/media\/122581"}],"wp:attachment":[{"href":"https:\/\/tucomarca.whitekongsoftware.com\/ca\/wp-json\/wp\/v2\/media?parent=161622"}],"wp:term":[{"taxonomy":"category","embeddable":true,"href":"https:\/\/tucomarca.whitekongsoftware.com\/ca\/wp-json\/wp\/v2\/categories?post=161622"},{"taxonomy":"post_tag","embeddable":true,"href":"https:\/\/tucomarca.whitekongsoftware.com\/ca\/wp-json\/wp\/v2\/tags?post=161622"}],"curies":[{"name":"wp","href":"https:\/\/api.w.org\/{rel}","templated":true}]}}