{"id":161612,"date":"2022-07-12T16:30:00","date_gmt":"2022-07-12T14:30:00","guid":{"rendered":"http:\/\/www.tucomarca.com\/wordpress\/segunda\/?p=161612"},"modified":"2022-07-12T21:50:37","modified_gmt":"2022-07-12T19:50:37","slug":"la-serrania-frega-els-3-milions-i-ademus-arriba-als-223-000-euros-per-als-seus-municipis-a-traves-del-fons-de-cooperacio-de-la-diputacio","status":"publish","type":"post","link":"https:\/\/tucomarca.whitekongsoftware.com\/ca\/la-serrania-frega-els-3-milions-i-ademus-arriba-als-223-000-euros-per-als-seus-municipis-a-traves-del-fons-de-cooperacio-de-la-diputacio\/","title":{"rendered":"La Serran\u00eda frega els 3 milions i Adem\u00fas arriba als 223.000 euros per als seus municipis a trav\u00e9s del Fons de Cooperaci\u00f3 de la Diputaci\u00f3"},"content":{"rendered":"\n<h4 class=\"wp-block-heading\"><strong><strong>La corporaci\u00f3 ha entregat ja enguany 2.170.000 euros als ajuntaments de la comarca i aprovar\u00e0 altres 750.000 euros al juliol per a aconseguir una xifra hist\u00f2rica des de la creaci\u00f3 del Fons<\/strong><\/strong><\/h4>\n\n\n\n<h4 class=\"wp-block-heading\"><strong><strong>Els municipis de la comarca es repartiran 749.827 euros, des dels 75.000 de Villar del Arzobispo als 29.000 de Benag\u00e9ber. La ve\u00efna comarca del Rinc\u00f3n de Ademuz t\u00e9 assignats 223.000 euro<\/strong><\/strong>s<\/h4>\n\n\n\n<p class=\"wp-block-paragraph\">Els municipis de la Serran\u00eda rebran abans de finalitzar l&#8217;estiu altres 750.000 euros de la Diputaci\u00f3 de Val\u00e8ncia en el marc del Fons de Cooperaci\u00f3 Municipal, que ja ha repartit una mica m\u00e9s de 2,2 milions d&#8217;euros enguany entre els ajuntaments de la comarca. La tercera i \u00faltima entrega eleva l&#8217;aportaci\u00f3 anual de la Diputaci\u00f3 al Fons en els 19 consistoris serrans a prop de tres milions d&#8217;euros.<\/p>\n\n\n\n<p class=\"wp-block-paragraph\">El municipi que rebr\u00e0 una major quantitat en esta \u00faltima aportaci\u00f3 provincial al Fons de Cooperaci\u00f3 \u00e9s Villar del Arzobispo, amb 75.298 euros; mentre que 14 pobles tenen una assignaci\u00f3 d&#8217;entre 30.000 i 40.000 euros. D&#8217;altra banda, la ve\u00efna comarca del Rinc\u00f3n de Ademuz t\u00e9 assignats 223.049 euros, que se sumen als 643.000 ingressats enguany per la Diputaci\u00f3 en els seus huit ajuntaments. Ademuz rebr\u00e0 quasi 45.000 euros en esta ocasi\u00f3, mentre que els altres municipis de la comarca oscil\u00b7len entre els 27.000 i els 32.000 euros.<\/p>\n\n\n\n<p class=\"wp-block-paragraph\">La Diputaci\u00f3 de Val\u00e8ncia aconseguix una hist\u00f2rica aportaci\u00f3 de 80 milions d&#8217;euros al Fons de Cooperaci\u00f3 Municipal 2022 amb este tercer pagament que s&#8217;aprovar\u00e0 en el ple del mes de juliol. La instituci\u00f3 que presidix Toni Gaspar ha ingressat ja 60 milions als ajuntaments de la prov\u00edncia enguany i repartir\u00e0 altres 20 milions m\u00e9s en les pr\u00f2ximes setmanes, completant aix\u00ed una assignaci\u00f3 que quadruplica la dotaci\u00f3 del Consell als municipis valencians en este programa en el qual la Diputaci\u00f3 participa al costat de la Generalitat.<\/p>\n\n\n\n<p class=\"wp-block-paragraph\"><strong>Esfor\u00e7 inversor<\/strong><\/p>\n\n\n\n<p class=\"wp-block-paragraph\">La Diputaci\u00f3 quadruplica tamb\u00e9 els 20,6 milions d&#8217;euros que va comen\u00e7ar aportant al Fons de Cooperaci\u00f3 en 2017, any en qu\u00e8 es va crear l&#8217;eina de finan\u00e7ament municipal que permet als consistoris destinar les ajudes tant a inversi\u00f3 com a despesa corrent. En paraules del president Gaspar, \u201cl&#8217;esfor\u00e7 inversor que esta instituci\u00f3 realitza tant a trav\u00e9s del Fons com del Pla d&#8217;Inversions, i que enguany es tradu\u00efx en la injecci\u00f3 directa de m\u00e9s de 200 milions d&#8217;euros als ajuntaments, demostra que la prioritat de la Diputaci\u00f3 s\u00f3n els pobles als quals representa, especialment els de menys de 10.000 habitants que s\u00f3n els que m\u00e9s la necessiten\u201d.<\/p>\n\n\n\n<p class=\"wp-block-paragraph\">Toni Gaspar recorda que les transfer\u00e8ncies directes als municipis s&#8217;han incrementat en els \u00faltims anys fruit de la gesti\u00f3 d&#8217;un equip de govern que \u201cprioritza la liquiditat dels consistoris i reinvertix el romanent als pobles, ajudant-los a eixir de la pand\u00e8mia i a fer front a problemes conjunturals com \u00e9s hui el de la inflaci\u00f3\u201d.<\/p>\n\n\n\n<figure class=\"wp-block-image size-large\"><img loading=\"lazy\" decoding=\"async\" width=\"989\" height=\"1024\" src=\"http:\/\/www.tucomarca.com\/wordpress\/segunda\/wp-content\/uploads\/2022\/07\/SerraniaDipu-989x1024.jpg\" alt=\"\" class=\"wp-image-161607\" srcset=\"https:\/\/tucomarca.whitekongsoftware.com\/wp-content\/uploads\/2022\/07\/SerraniaDipu-989x1024.jpg 989w, https:\/\/tucomarca.whitekongsoftware.com\/wp-content\/uploads\/2022\/07\/SerraniaDipu-290x300.jpg 290w, https:\/\/tucomarca.whitekongsoftware.com\/wp-content\/uploads\/2022\/07\/SerraniaDipu-768x795.jpg 768w, https:\/\/tucomarca.whitekongsoftware.com\/wp-content\/uploads\/2022\/07\/SerraniaDipu.jpg 1336w\" sizes=\"auto, (max-width: 989px) 100vw, 989px\" \/><\/figure>\n\n\n\n<figure class=\"wp-block-image size-large\"><img loading=\"lazy\" decoding=\"async\" width=\"1024\" height=\"579\" src=\"http:\/\/www.tucomarca.com\/wordpress\/segunda\/wp-content\/uploads\/2022\/07\/AdemuzDipu-1024x579.jpg\" alt=\"\" class=\"wp-image-161609\" srcset=\"https:\/\/tucomarca.whitekongsoftware.com\/wp-content\/uploads\/2022\/07\/AdemuzDipu-1024x579.jpg 1024w, https:\/\/tucomarca.whitekongsoftware.com\/wp-content\/uploads\/2022\/07\/AdemuzDipu-300x170.jpg 300w, https:\/\/tucomarca.whitekongsoftware.com\/wp-content\/uploads\/2022\/07\/AdemuzDipu-768x434.jpg 768w, https:\/\/tucomarca.whitekongsoftware.com\/wp-content\/uploads\/2022\/07\/AdemuzDipu.jpg 1336w\" sizes=\"auto, (max-width: 1024px) 100vw, 1024px\" \/><\/figure>\n","protected":false},"excerpt":{"rendered":"<div class=\"mh-excerpt\">La corporaci\u00f3 ha entregat ja enguany 2.170.000 euros als ajuntaments de la comarca i aprovar\u00e0 altres 750.000 euros al juliol per a aconseguir una xifra hist\u00f2rica des de la creaci\u00f3 del Fons Els municipis de <a class=\"mh-excerpt-more\" href=\"https:\/\/tucomarca.whitekongsoftware.com\/ca\/la-serrania-frega-els-3-milions-i-ademus-arriba-als-223-000-euros-per-als-seus-municipis-a-traves-del-fons-de-cooperacio-de-la-diputacio\/\" title=\"La Serran\u00eda frega els 3 milions i Adem\u00fas arriba als 223.000 euros per als seus municipis a trav\u00e9s del Fons de Cooperaci\u00f3 de la Diputaci\u00f3\">[+] <\/a><\/div>\n","protected":false},"author":1,"featured_media":161610,"comment_status":"open","ping_status":"open","sticky":false,"template":"","format":"standard","meta":{"footnotes":""},"categories":[10890,10926,11045,11044,11043,11042,11041,11040,11038,10923,10924,10925,11039,11036,11035,11046,10898,11034,11033,10948,10894,10904,10960,11023,11024,10903,11025,10947,10896,11026,11027,10961,11028,10962,11029,11037],"tags":[11097,11928,11080,12039],"class_list":["post-161612","post","type-post","status-publish","format-standard","has-post-thumbnail","category-ademus","category-ademus-ca","category-alcublas-ca","category-alpuente-ca","category-andilla-ca","category-aras-de-olmos-ca","category-benageber-ca","category-bugarra-ca","category-calles-ca","category-cases-altes","category-cases-baixes","category-castielfabib-ca","category-chelva-ca","category-chulilla-ca","category-domeno-ca","category-los-serranos-ca","category-ventana-ca","category-gestalgar-ca","category-higueruelas-ca","category-infraestructuras-ca","category-la-comarca-ca","category-sin-categorizar-ca","category-la-puebla-de-san-miguel-ca","category-la-yesa-ca","category-losa-del-obispo-ca","category-medio-ambiente-la-comarca-ca","category-pedralba-ca","category-politica","category-seccion-ca","category-sot-de-chera-ca","category-titaguas-ca","category-torrebaja-ca","category-tuejar-ca","category-vallanca-ca","category-villar-del-arzobispo-ca","category-chera-los-serranos-ca","tag-ademuz-ca","tag-la-serrania-ca","tag-los-serranos-ca","tag-rincon-de-ademuz-ca"],"_links":{"self":[{"href":"https:\/\/tucomarca.whitekongsoftware.com\/ca\/wp-json\/wp\/v2\/posts\/161612","targetHints":{"allow":["GET"]}}],"collection":[{"href":"https:\/\/tucomarca.whitekongsoftware.com\/ca\/wp-json\/wp\/v2\/posts"}],"about":[{"href":"https:\/\/tucomarca.whitekongsoftware.com\/ca\/wp-json\/wp\/v2\/types\/post"}],"author":[{"embeddable":true,"href":"https:\/\/tucomarca.whitekongsoftware.com\/ca\/wp-json\/wp\/v2\/users\/1"}],"replies":[{"embeddable":true,"href":"https:\/\/tucomarca.whitekongsoftware.com\/ca\/wp-json\/wp\/v2\/comments?post=161612"}],"version-history":[{"count":0,"href":"https:\/\/tucomarca.whitekongsoftware.com\/ca\/wp-json\/wp\/v2\/posts\/161612\/revisions"}],"wp:featuredmedia":[{"embeddable":true,"href":"https:\/\/tucomarca.whitekongsoftware.com\/ca\/wp-json\/wp\/v2\/media\/161610"}],"wp:attachment":[{"href":"https:\/\/tucomarca.whitekongsoftware.com\/ca\/wp-json\/wp\/v2\/media?parent=161612"}],"wp:term":[{"taxonomy":"category","embeddable":true,"href":"https:\/\/tucomarca.whitekongsoftware.com\/ca\/wp-json\/wp\/v2\/categories?post=161612"},{"taxonomy":"post_tag","embeddable":true,"href":"https:\/\/tucomarca.whitekongsoftware.com\/ca\/wp-json\/wp\/v2\/tags?post=161612"}],"curies":[{"name":"wp","href":"https:\/\/api.w.org\/{rel}","templated":true}]}}