{"id":161594,"date":"2022-07-12T16:55:00","date_gmt":"2022-07-12T14:55:00","guid":{"rendered":"http:\/\/www.tucomarca.com\/wordpress\/segunda\/?p=161594"},"modified":"2022-07-12T21:26:17","modified_gmt":"2022-07-12T19:26:17","slug":"sanitat-notifica-17-defuncions-i-7-640-nous-casos-de-coronavirus-en-la-comunitat-valenciana-3-851-dells-en-majors-de-60-anys","status":"publish","type":"post","link":"https:\/\/tucomarca.whitekongsoftware.com\/ca\/sanitat-notifica-17-defuncions-i-7-640-nous-casos-de-coronavirus-en-la-comunitat-valenciana-3-851-dells-en-majors-de-60-anys\/","title":{"rendered":"Sanitat notifica 17 defuncions i 7.640 nous casos de coronavirus en la Comunitat Valenciana, 3.851 d&#8217;ells en majors de 60 anys"},"content":{"rendered":"\n<p class=\"wp-block-paragraph\"><strong>Els hospitals valencians tenen 1.226 persones ingressades, 58 d&#8217;elles en l&#8217;UCI<\/strong><\/p>\n\n\n\n<p class=\"wp-block-paragraph\">La Conselleria de Sanitat Universal i Salut P\u00fablica ha notificat un total de 7.640 nous casos de coronavirus confirmats per prova PCR o a trav\u00e9s de test d&#8217;ant\u00edgens des de l&#8217;\u00faltima actualitzaci\u00f3. Els nous casos per prov\u00edncies s\u00f3n 1.117 a Castell\u00f3 (183.804 en total), 2.143 a Alacant (512.970 en total) i 4.380 a Val\u00e8ncia (805.162 en total).<\/p>\n\n\n\n<p class=\"wp-block-paragraph\">D&#8217;ells, 3.851 s\u00f3n de persones majors de 60 anys. Per prov\u00edncies: 556 de Castell\u00f3, 1.166 d&#8217;Alacant i 2.129 de Val\u00e8ncia.<\/p>\n\n\n\n<p class=\"wp-block-paragraph\">Els hospitals valencians tenen, actualment 1.226 persones ingressades, 58 d&#8217;elles en l&#8217;UCI: 185 a la prov\u00edncia de Castell\u00f3, 5 en UCI; 428 a la prov\u00edncia d&#8217;Alacant, 25 d&#8217;elles en l&#8217;UCI; i 613 a la prov\u00edncia de Val\u00e8ncia, 28 en UCI.<\/p>\n\n\n\n<p class=\"wp-block-paragraph\">S&#8217;han notificat 17 defuncions per coronavirus des de l&#8217;\u00faltima actualitzaci\u00f3, tots amb data de defunci\u00f3 en els \u00faltims 7 dies. Es tracta de 5 dones d&#8217;entre 76 i 91 anys, i 12 homes d&#8217;entre 65 i 94 anys. El total de decessos des de l&#8217;inici de la pand\u00e8mia ascendeix a 9.588: 1.125 a la prov\u00edncia de Castell\u00f3, 3.645 en la d&#8217;Alacant i 4.818 en la de Val\u00e8ncia<\/p>\n","protected":false},"excerpt":{"rendered":"<div class=\"mh-excerpt\">Els hospitals valencians tenen 1.226 persones ingressades, 58 d&#8217;elles en l&#8217;UCI La Conselleria de Sanitat Universal i Salut P\u00fablica ha notificat un total de 7.640 nous casos de coronavirus confirmats per prova PCR o a <a class=\"mh-excerpt-more\" href=\"https:\/\/tucomarca.whitekongsoftware.com\/ca\/sanitat-notifica-17-defuncions-i-7-640-nous-casos-de-coronavirus-en-la-comunitat-valenciana-3-851-dells-en-majors-de-60-anys\/\" title=\"Sanitat notifica 17 defuncions i 7.640 nous casos de coronavirus en la Comunitat Valenciana, 3.851 d&#8217;ells en majors de 60 anys\">[+] <\/a><\/div>\n","protected":false},"author":1,"featured_media":138717,"comment_status":"open","ping_status":"open","sticky":false,"template":"","format":"standard","meta":{"footnotes":""},"categories":[11010,12202,10898,10948,10894,10904,10903,10947,10896,10897],"tags":[11939,11940,11199,17474,13963,13932],"class_list":["post-161594","post","type-post","status-publish","format-standard","has-post-thumbnail","category-canal-salud","category-covid-19-ca","category-ventana-ca","category-infraestructuras-ca","category-la-comarca-ca","category-sin-categorizar-ca","category-medio-ambiente-la-comarca-ca","category-politica","category-seccion-ca","category-sucesos-la-comarca-ca","tag-coronavirus-ca","tag-covid-19-ca","tag-la-comunitat-ca","tag-septima-ola-ca","tag-vacunacion-ca","tag-vacunas-ca"],"_links":{"self":[{"href":"https:\/\/tucomarca.whitekongsoftware.com\/ca\/wp-json\/wp\/v2\/posts\/161594","targetHints":{"allow":["GET"]}}],"collection":[{"href":"https:\/\/tucomarca.whitekongsoftware.com\/ca\/wp-json\/wp\/v2\/posts"}],"about":[{"href":"https:\/\/tucomarca.whitekongsoftware.com\/ca\/wp-json\/wp\/v2\/types\/post"}],"author":[{"embeddable":true,"href":"https:\/\/tucomarca.whitekongsoftware.com\/ca\/wp-json\/wp\/v2\/users\/1"}],"replies":[{"embeddable":true,"href":"https:\/\/tucomarca.whitekongsoftware.com\/ca\/wp-json\/wp\/v2\/comments?post=161594"}],"version-history":[{"count":0,"href":"https:\/\/tucomarca.whitekongsoftware.com\/ca\/wp-json\/wp\/v2\/posts\/161594\/revisions"}],"wp:featuredmedia":[{"embeddable":true,"href":"https:\/\/tucomarca.whitekongsoftware.com\/ca\/wp-json\/wp\/v2\/media\/138717"}],"wp:attachment":[{"href":"https:\/\/tucomarca.whitekongsoftware.com\/ca\/wp-json\/wp\/v2\/media?parent=161594"}],"wp:term":[{"taxonomy":"category","embeddable":true,"href":"https:\/\/tucomarca.whitekongsoftware.com\/ca\/wp-json\/wp\/v2\/categories?post=161594"},{"taxonomy":"post_tag","embeddable":true,"href":"https:\/\/tucomarca.whitekongsoftware.com\/ca\/wp-json\/wp\/v2\/tags?post=161594"}],"curies":[{"name":"wp","href":"https:\/\/api.w.org\/{rel}","templated":true}]}}