{"id":161555,"date":"2022-07-12T14:05:00","date_gmt":"2022-07-12T12:05:00","guid":{"rendered":"http:\/\/www.tucomarca.com\/wordpress\/segunda\/?p=161555"},"modified":"2022-07-12T20:12:08","modified_gmt":"2022-07-12T18:12:08","slug":"turis-viu-aquest-dissabte-la-solemne-exaltacio-dana-valencia-soucase-com-a-reina-de-les-festes","status":"publish","type":"post","link":"https:\/\/tucomarca.whitekongsoftware.com\/ca\/turis-viu-aquest-dissabte-la-solemne-exaltacio-dana-valencia-soucase-com-a-reina-de-les-festes\/","title":{"rendered":"Tur\u00eds viu aquest dissabte la solemne exaltaci\u00f3 d&#8217;Ana Val\u00e8ncia Soucase com a Reina de les Festes"},"content":{"rendered":"\n<figure class=\"wp-block-image size-large\"><img loading=\"lazy\" decoding=\"async\" width=\"1024\" height=\"478\" src=\"http:\/\/www.tucomarca.com\/wordpress\/segunda\/wp-content\/uploads\/2022\/07\/TurisReinayCorte-1024x478.jpg\" alt=\"\" class=\"wp-image-161544\" srcset=\"https:\/\/tucomarca.whitekongsoftware.com\/wp-content\/uploads\/2022\/07\/TurisReinayCorte-1024x478.jpg 1024w, https:\/\/tucomarca.whitekongsoftware.com\/wp-content\/uploads\/2022\/07\/TurisReinayCorte-300x140.jpg 300w, https:\/\/tucomarca.whitekongsoftware.com\/wp-content\/uploads\/2022\/07\/TurisReinayCorte-768x359.jpg 768w, https:\/\/tucomarca.whitekongsoftware.com\/wp-content\/uploads\/2022\/07\/TurisReinayCorte-1536x718.jpg 1536w, https:\/\/tucomarca.whitekongsoftware.com\/wp-content\/uploads\/2022\/07\/TurisReinayCorte.jpg 1676w\" sizes=\"auto, (max-width: 1024px) 100vw, 1024px\" \/><\/figure>\n\n\n\n<p class=\"wp-block-paragraph\">Turisans i turisanes es retroben amb tota l&#8217;esplendor d&#8217;aquesta nit on una Cort d&#8217;Honor que espera des de 2020 podr\u00e0 per fi comen\u00e7ar el seu regnat. Ana Val\u00e8ncia Soucase ser\u00e0 la reina de les Festes 2023 despr\u00e9s de dos anys de llarga espera per la pand\u00e8mia.<\/p>\n\n\n\n<p class=\"wp-block-paragraph\">En l&#8217;acte de presentaci\u00f3 participaran nombroses associacions i entitats del poble i finalitzar\u00e0 amb l&#8217;actuaci\u00f3 de la cantant Gisela.<\/p>\n","protected":false},"excerpt":{"rendered":"<div class=\"mh-excerpt\">Turisans i turisanes es retroben amb tota l&#8217;esplendor d&#8217;aquesta nit on una Cort d&#8217;Honor que espera des de 2020 podr\u00e0 per fi comen\u00e7ar el seu regnat. Ana Val\u00e8ncia Soucase ser\u00e0 la reina de les Festes <a class=\"mh-excerpt-more\" href=\"https:\/\/tucomarca.whitekongsoftware.com\/ca\/turis-viu-aquest-dissabte-la-solemne-exaltacio-dana-valencia-soucase-com-a-reina-de-les-festes\/\" title=\"Tur\u00eds viu aquest dissabte la solemne exaltaci\u00f3 d&#8217;Ana Val\u00e8ncia Soucase com a Reina de les Festes\">[+] <\/a><\/div>\n","protected":false},"author":12,"featured_media":161543,"comment_status":"open","ping_status":"open","sticky":false,"template":"","format":"standard","meta":{"footnotes":""},"categories":[11019,10894,10902,11007,10896,11047],"tags":[17518,17519,11356,11093],"class_list":["post-161555","post","type-post","status-publish","format-standard","has-post-thumbnail","category-agenda-ca","category-la-comarca-ca","category-la-ribera-ca","category-ocio-y-cultura-ca","category-seccion-ca","category-turis-ca","tag-ana-valencia-soucase-ca","tag-fiestas-de-turis-2023-ca","tag-ribera-alta-ca","tag-turis-ca"],"_links":{"self":[{"href":"https:\/\/tucomarca.whitekongsoftware.com\/ca\/wp-json\/wp\/v2\/posts\/161555","targetHints":{"allow":["GET"]}}],"collection":[{"href":"https:\/\/tucomarca.whitekongsoftware.com\/ca\/wp-json\/wp\/v2\/posts"}],"about":[{"href":"https:\/\/tucomarca.whitekongsoftware.com\/ca\/wp-json\/wp\/v2\/types\/post"}],"author":[{"embeddable":true,"href":"https:\/\/tucomarca.whitekongsoftware.com\/ca\/wp-json\/wp\/v2\/users\/12"}],"replies":[{"embeddable":true,"href":"https:\/\/tucomarca.whitekongsoftware.com\/ca\/wp-json\/wp\/v2\/comments?post=161555"}],"version-history":[{"count":0,"href":"https:\/\/tucomarca.whitekongsoftware.com\/ca\/wp-json\/wp\/v2\/posts\/161555\/revisions"}],"wp:featuredmedia":[{"embeddable":true,"href":"https:\/\/tucomarca.whitekongsoftware.com\/ca\/wp-json\/wp\/v2\/media\/161543"}],"wp:attachment":[{"href":"https:\/\/tucomarca.whitekongsoftware.com\/ca\/wp-json\/wp\/v2\/media?parent=161555"}],"wp:term":[{"taxonomy":"category","embeddable":true,"href":"https:\/\/tucomarca.whitekongsoftware.com\/ca\/wp-json\/wp\/v2\/categories?post=161555"},{"taxonomy":"post_tag","embeddable":true,"href":"https:\/\/tucomarca.whitekongsoftware.com\/ca\/wp-json\/wp\/v2\/tags?post=161555"}],"curies":[{"name":"wp","href":"https:\/\/api.w.org\/{rel}","templated":true}]}}