{"id":161514,"date":"2022-07-09T12:00:00","date_gmt":"2022-07-09T10:00:00","guid":{"rendered":"http:\/\/www.tucomarca.com\/wordpress\/segunda\/?p=161514"},"modified":"2022-07-12T11:59:44","modified_gmt":"2022-07-12T09:59:44","slug":"catarroja-acull-una-exposicio-fotografica-en-la-qual-els-residus-sintegren-en-la-naturalesa","status":"publish","type":"post","link":"https:\/\/tucomarca.whitekongsoftware.com\/ca\/catarroja-acull-una-exposicio-fotografica-en-la-qual-els-residus-sintegren-en-la-naturalesa\/","title":{"rendered":"Catarroja acull una exposici\u00f3 fotogr\u00e0fica en la qual els residus s&#8217;integren en la naturalesa"},"content":{"rendered":"\n<h4 class=\"wp-block-heading\">L&#8217;obra \u201cPaisatges del futur\u201d, de la valenciana Vicenta Casa\u00f1, forma part de les accions de conscienciaci\u00f3 ambiental dutes a terme per la regidoria de Desenvolupament Sostenible, Emerg\u00e8ncia Clim\u00e0tica i Transici\u00f3 Ecol\u00f2gica de l&#8217;Ajuntament de Catarroja<\/h4>\n\n\n\n<p class=\"wp-block-paragraph\">La regidoria de Desenvolupament Sostenible, Emerg\u00e8ncia clim\u00e0tica i Transici\u00f3 Ecol\u00f2gica de l&#8217;Ajuntament de Catarroja acull l&#8217;exposici\u00f3 fotogr\u00e0fica \u201cPaisatges del futur\u201d de la valenciana Vicenta Casa\u00f1, en la qual es componen paisatges creats a manera de collage, plasmant un concepte de futur en el qual els residus s&#8217;integren en la naturalesa formant part del seu paisatge, que d&#8217;una manera est\u00e8tica i natural amaguen una crua realitat.&nbsp;<\/p>\n\n\n\n<p class=\"wp-block-paragraph\">L&#8217;exposici\u00f3, que forma part de les accions de conscienciaci\u00f3 ambiental que duu a terme la regidoria, est\u00e0 composta per huit obres fotogr\u00e0fiques de gran format que representen aquells objectes quotidians que ens van fer feli\u00e7os i ens van servir en algun moment i ara ja no volem, no ens serveixen i els rebutgem, conformant aix\u00ed els nostres paisatges quotidians. \u201cVisualment m&#8217;interessa aqueixa muntanya d&#8217;objectes inservibles, aqueix cementeri d&#8217;emocions, ple de viv\u00e8ncies silenciades\u201d, ha afirmat Vicenta Casa\u00f1.<\/p>\n\n\n\n<p class=\"wp-block-paragraph\">En paraules de la seua autora, aquest projecte est\u00e0 basat en conceptes ef\u00edmers, en relacions i afectes passats, en vides sentides. S&#8217;aprofundeix en la capacitat de construir i destruir que t\u00e9 l&#8217;\u00e9sser hum\u00e0.&nbsp;<\/p>\n\n\n\n<p class=\"wp-block-paragraph\">\u201cEn aquest intens proc\u00e9s creatiu, descontextualizo les imatges, creant a manera de collage, una nova realitat, component escultures en el paper, que al seu torn se situen en paisatges quotidians, carregats de bellesa i de vida\u201d, ha destacat Casa\u00f1. D&#8217;aquesta manera es crea una tensi\u00f3 en la persona espectadora que li fa reflexionar si all\u00f2 que est\u00e0 veient \u00e9s real, i cap a on es dirigeix la nostra consci\u00e8ncia respecte als residus que es generen. \u201cEs remou el fem emocional. Tot aix\u00f2 sobre paisatges de naturalesa, cels blaus i imatges carregades de po\u00e8tica\u201d.<\/p>\n\n\n\n<p class=\"wp-block-paragraph\"><strong>Nou format de presentaci\u00f3<\/strong><\/p>\n\n\n\n<p class=\"wp-block-paragraph\">Aquesta exposici\u00f3 ha sigut produ\u00efda per a l&#8217;Ajuntament de Catarroja i adaptada a una nova forma de presentaci\u00f3 com \u00e9s un espai p\u00fablic. D&#8217;aquesta manera, l&#8217;obra ix a la trobada de les persones, ix de la galeria, del museu, a la trobada de les persones, buscant aix\u00ed la seua reacci\u00f3 i la seua reflexi\u00f3.<\/p>\n\n\n\n<p class=\"wp-block-paragraph\">Dos de les fotografies s&#8217;han creat expressament per a aquesta exposici\u00f3. En elles es mostren ocells migradors, com s\u00f3n els flamencs, en el seu viatge pels camps d&#8217;arr\u00f2s de Catarroja. L&#8217;obra, que recorrer\u00e0 diversos espais a l&#8217;aire lliure del municipi fins a finals d&#8217;any, pot ser visitada durant tot el mes de juliol al Palau de Vivanco de Catarroja.<\/p>\n\n\n\n<p class=\"wp-block-paragraph\"><\/p>\n","protected":false},"excerpt":{"rendered":"<div class=\"mh-excerpt\">L&#8217;obra \u201cPaisatges del futur\u201d, de la valenciana Vicenta Casa\u00f1, forma part de les accions de conscienciaci\u00f3 ambiental dutes a terme per la regidoria de Desenvolupament Sostenible, Emerg\u00e8ncia Clim\u00e0tica i Transici\u00f3 Ecol\u00f2gica de l&#8217;Ajuntament de Catarroja <a class=\"mh-excerpt-more\" href=\"https:\/\/tucomarca.whitekongsoftware.com\/ca\/catarroja-acull-una-exposicio-fotografica-en-la-qual-els-residus-sintegren-en-la-naturalesa\/\" title=\"Catarroja acull una exposici\u00f3 fotogr\u00e0fica en la qual els residus s&#8217;integren en la naturalesa\">[+] <\/a><\/div>\n","protected":false},"author":12,"featured_media":161513,"comment_status":"open","ping_status":"open","sticky":false,"template":"","format":"standard","meta":{"footnotes":""},"categories":[10894,10904,10903,11007,10947,10896],"tags":[17511,17348,12166,11121],"class_list":["post-161514","post","type-post","status-publish","format-standard","has-post-thumbnail","category-la-comarca-ca","category-sin-categorizar-ca","category-medio-ambiente-la-comarca-ca","category-ocio-y-cultura-ca","category-politica","category-seccion-ca","tag-catarroja-ca","tag-exposicion-fotografica-ca","tag-medio-ambiente-ca","tag-residuos-ca"],"_links":{"self":[{"href":"https:\/\/tucomarca.whitekongsoftware.com\/ca\/wp-json\/wp\/v2\/posts\/161514","targetHints":{"allow":["GET"]}}],"collection":[{"href":"https:\/\/tucomarca.whitekongsoftware.com\/ca\/wp-json\/wp\/v2\/posts"}],"about":[{"href":"https:\/\/tucomarca.whitekongsoftware.com\/ca\/wp-json\/wp\/v2\/types\/post"}],"author":[{"embeddable":true,"href":"https:\/\/tucomarca.whitekongsoftware.com\/ca\/wp-json\/wp\/v2\/users\/12"}],"replies":[{"embeddable":true,"href":"https:\/\/tucomarca.whitekongsoftware.com\/ca\/wp-json\/wp\/v2\/comments?post=161514"}],"version-history":[{"count":0,"href":"https:\/\/tucomarca.whitekongsoftware.com\/ca\/wp-json\/wp\/v2\/posts\/161514\/revisions"}],"wp:featuredmedia":[{"embeddable":true,"href":"https:\/\/tucomarca.whitekongsoftware.com\/ca\/wp-json\/wp\/v2\/media\/161513"}],"wp:attachment":[{"href":"https:\/\/tucomarca.whitekongsoftware.com\/ca\/wp-json\/wp\/v2\/media?parent=161514"}],"wp:term":[{"taxonomy":"category","embeddable":true,"href":"https:\/\/tucomarca.whitekongsoftware.com\/ca\/wp-json\/wp\/v2\/categories?post=161514"},{"taxonomy":"post_tag","embeddable":true,"href":"https:\/\/tucomarca.whitekongsoftware.com\/ca\/wp-json\/wp\/v2\/tags?post=161514"}],"curies":[{"name":"wp","href":"https:\/\/api.w.org\/{rel}","templated":true}]}}