{"id":161400,"date":"2022-07-11T10:15:00","date_gmt":"2022-07-11T08:15:00","guid":{"rendered":"http:\/\/www.tucomarca.com\/wordpress\/segunda\/?p=161400"},"modified":"2022-07-11T21:03:47","modified_gmt":"2022-07-11T19:03:47","slug":"la-banda-juvenil-de-lam-la-lira-estrena-lobra-shine-de-la-compositora-local-mar-vilalta-cerrada-en-el-cicle-de-serenates-2022","status":"publish","type":"post","link":"https:\/\/tucomarca.whitekongsoftware.com\/ca\/la-banda-juvenil-de-lam-la-lira-estrena-lobra-shine-de-la-compositora-local-mar-vilalta-cerrada-en-el-cicle-de-serenates-2022\/","title":{"rendered":"La Banda Juvenil de l&#8217;AM &#8220;La Lira&#8221; estrena l&#8217;obra &#8220;Shine&#8221; de la compositora local Mar Vilalta Cerrada en el cicle de Serenates 2022"},"content":{"rendered":"\n<p class=\"wp-block-paragraph\">Dissabte passat, 9 de juliol, la pla\u00e7a Doctor Cajal va tornar a il\u00b7luminar-se per a per a rebre una actuaci\u00f3 del cicle de Serenates 2022, aquesta vegada de la m\u00e0 de la Banda Juvenil de l&#8217;Associaci\u00f3 Musical La Lira, que va oferir un concert emmarcat en la campanya Excel\u00b7lent de la Diputaci\u00f3 de Val\u00e8ncia, sota el t\u00edtol La nostra m\u00fasica, els nostres m\u00fasics.<br>L&#8217;agrupaci\u00f3 musical va interpretar un programa integrat per obres de compositors valencians, entre els quals figuraven peces compostes per Ricardo Tar\u00edn Cort\u00e9s \u201cPenella\u201d, Gustavo L\u00f3pez Aceituno, Gerardo P\u00e9rez Checa i Mar Vilalta Cerrada, de Xest. \u201cEl concert comen\u00e7a amb el pasdoble El Blok, del compositor chestano Ricardo Tar\u00edn Cort\u00e9s \u201cPenella\u201d. Va ser compost l&#8217;any 26 i diuen que a Penella se li va oc\u00f3rrer mentre constru\u00efa una s\u00e9quia i per aix\u00f2 est\u00e0 dedicat als obrers\u201d, explicava el director de la banda juvenil, Gustavo L\u00f3pez Aceituno.<br>Despr\u00e9s de la interpretaci\u00f3 del pasdoble, es van executar tres peces dirigides per integrants de l&#8217;agrupaci\u00f3 juvenil. Aix\u00ed, la primera part del concert va continuar amb Youth Music, de Frank Cogollos, sota la direcci\u00f3 de Pablo Carrascosa; el pasdoble De caramel, compost per Jos\u00e9 Francisco Mu\u00f1oz i dirigit per Judith S\u00e1nchez; i Barco Pirata, de David Postiguillo, sota la direcci\u00f3 de Mario Barber\u00e1. En finalitzar la primera part es va sol\u00b7licitar la pres\u00e8ncia de V\u00edctor Dom\u00e9nech Corber\u00e1n, com a president de la Banda Juvenil La Lira, i dels tres directors participants per a fer-los lliurament d&#8217;un diploma.<br>La segona part del concert es va obrir amb l&#8217;estrena absoluta del pasdoble La Safa, compost per Gustavo L\u00f3pez Aceituno. La pe\u00e7a va estar dirigida per Mar Vilalta, m\u00fasica de l&#8217;AM La Lira i compositora de l&#8217;\u00faltima obra que presentava el programa. El concert va continuar amb Rhythmic Winds, composta pel chestano Gerardo P\u00e9rez Checa, i va finalitzar amb una altra estrena absoluta, el de l&#8217;obra de Mar Vilalta, Shine, sota la batuta de Gustavo L\u00f3pez.&nbsp;<br>\u201cEn el m\u00f3n de la composici\u00f3, com en molts \u00e0mbits, les dones hem sigut poc valorades, ens han q\u00fcestionat els nostres assoliments, a moltes ens han intentat tallar les ales i ens han fet sentir insegures amb el nostre treball. Amb aix\u00f2 vull dir que nosaltres som igual de v\u00e0lides que els altres, tots som v\u00e0lids per a saber de qualsevol \u00e0mbit, i tant de bo les coses canvien prompte. Ara com ara nom\u00e9s ens queda secundar, confiar i animar a les dones que tenim voltant que fan grans coses dia a dia\u201d, va manifestar Vilalta al final del concert, agra\u00efment a la seua fam\u00edlia i amistats el seu suport, i a Gustavo L\u00f3pez la seua confian\u00e7a durant el proc\u00e9s de composici\u00f3 de Shine.<br>En finalitzar la serenata, la regidora de Cultura, M\u00aa \u00c1ngeles Llorente, acompanyada per Gustavo L\u00f3pez i pel vicepresident de l&#8217;Associaci\u00f3 Musical La Lira, V\u00edctor Dom\u00e9nech, va fer lliurament d&#8217;una placa commemorativa i un diploma a Vilalta.<\/p>\n\n\n\n<p class=\"wp-block-paragraph\"><strong>Sobre Shine, de Mar Vilalta Cerrada<\/strong><\/p>\n\n\n\n<p class=\"wp-block-paragraph\">Shine \u00e9s una composici\u00f3 per a banda de tres moviments. El primer mostra la pen\u00faria, la soledat, la incertesa i la tristesa, per a desembocar en el segon moviment, on es reflecteix una lluita entre el b\u00e9 i el mal. Finalment, el tercer moviment se centra en el cam\u00ed cap als llimbs, la lluita i el benestar.<\/p>\n\n\n\n<figure class=\"wp-block-gallery columns-2 is-cropped wp-block-gallery-1 is-layout-flex wp-block-gallery-is-layout-flex\"><ul class=\"blocks-gallery-grid\"><li class=\"blocks-gallery-item\"><figure><img loading=\"lazy\" decoding=\"async\" width=\"1024\" height=\"768\" src=\"http:\/\/www.tucomarca.com\/wordpress\/segunda\/wp-content\/uploads\/2022\/07\/Cheste_Serenata_1-1024x768.jpg\" alt=\"\" data-id=\"161387\" data-full-url=\"http:\/\/www.tucomarca.com\/wordpress\/segunda\/wp-content\/uploads\/2022\/07\/Cheste_Serenata_1.jpg\" data-link=\"http:\/\/www.tucomarca.com\/wordpress\/segunda\/?attachment_id=161387\" class=\"wp-image-161387\" srcset=\"https:\/\/tucomarca.whitekongsoftware.com\/wp-content\/uploads\/2022\/07\/Cheste_Serenata_1-1024x768.jpg 1024w, https:\/\/tucomarca.whitekongsoftware.com\/wp-content\/uploads\/2022\/07\/Cheste_Serenata_1-300x225.jpg 300w, https:\/\/tucomarca.whitekongsoftware.com\/wp-content\/uploads\/2022\/07\/Cheste_Serenata_1-768x576.jpg 768w, https:\/\/tucomarca.whitekongsoftware.com\/wp-content\/uploads\/2022\/07\/Cheste_Serenata_1-678x509.jpg 678w, https:\/\/tucomarca.whitekongsoftware.com\/wp-content\/uploads\/2022\/07\/Cheste_Serenata_1-326x245.jpg 326w, https:\/\/tucomarca.whitekongsoftware.com\/wp-content\/uploads\/2022\/07\/Cheste_Serenata_1-80x60.jpg 80w, https:\/\/tucomarca.whitekongsoftware.com\/wp-content\/uploads\/2022\/07\/Cheste_Serenata_1.jpg 1181w\" sizes=\"auto, (max-width: 1024px) 100vw, 1024px\" \/><\/figure><\/li><li class=\"blocks-gallery-item\"><figure><img loading=\"lazy\" decoding=\"async\" width=\"1024\" height=\"682\" src=\"http:\/\/www.tucomarca.com\/wordpress\/segunda\/wp-content\/uploads\/2022\/07\/Cheste_Serenata_3-1024x682.jpg\" alt=\"\" data-id=\"161389\" data-full-url=\"http:\/\/www.tucomarca.com\/wordpress\/segunda\/wp-content\/uploads\/2022\/07\/Cheste_Serenata_3.jpg\" data-link=\"http:\/\/www.tucomarca.com\/wordpress\/segunda\/?attachment_id=161389\" class=\"wp-image-161389\" srcset=\"https:\/\/tucomarca.whitekongsoftware.com\/wp-content\/uploads\/2022\/07\/Cheste_Serenata_3-1024x682.jpg 1024w, https:\/\/tucomarca.whitekongsoftware.com\/wp-content\/uploads\/2022\/07\/Cheste_Serenata_3-300x200.jpg 300w, https:\/\/tucomarca.whitekongsoftware.com\/wp-content\/uploads\/2022\/07\/Cheste_Serenata_3-768x512.jpg 768w, https:\/\/tucomarca.whitekongsoftware.com\/wp-content\/uploads\/2022\/07\/Cheste_Serenata_3.jpg 1181w\" sizes=\"auto, (max-width: 1024px) 100vw, 1024px\" \/><\/figure><\/li><li class=\"blocks-gallery-item\"><figure><img loading=\"lazy\" decoding=\"async\" width=\"1024\" height=\"682\" src=\"http:\/\/www.tucomarca.com\/wordpress\/segunda\/wp-content\/uploads\/2022\/07\/Cheste_Serenata_7-1024x682.jpg\" alt=\"\" data-id=\"161395\" data-full-url=\"http:\/\/www.tucomarca.com\/wordpress\/segunda\/wp-content\/uploads\/2022\/07\/Cheste_Serenata_7.jpg\" data-link=\"http:\/\/www.tucomarca.com\/wordpress\/segunda\/?attachment_id=161395\" class=\"wp-image-161395\" srcset=\"https:\/\/tucomarca.whitekongsoftware.com\/wp-content\/uploads\/2022\/07\/Cheste_Serenata_7-1024x682.jpg 1024w, https:\/\/tucomarca.whitekongsoftware.com\/wp-content\/uploads\/2022\/07\/Cheste_Serenata_7-300x200.jpg 300w, https:\/\/tucomarca.whitekongsoftware.com\/wp-content\/uploads\/2022\/07\/Cheste_Serenata_7-768x512.jpg 768w, https:\/\/tucomarca.whitekongsoftware.com\/wp-content\/uploads\/2022\/07\/Cheste_Serenata_7.jpg 1181w\" sizes=\"auto, (max-width: 1024px) 100vw, 1024px\" \/><\/figure><\/li><li class=\"blocks-gallery-item\"><figure><img loading=\"lazy\" decoding=\"async\" width=\"1024\" height=\"682\" src=\"http:\/\/www.tucomarca.com\/wordpress\/segunda\/wp-content\/uploads\/2022\/07\/Cheste_Serenata_9-1024x682.jpg\" alt=\"\" data-id=\"161397\" data-full-url=\"http:\/\/www.tucomarca.com\/wordpress\/segunda\/wp-content\/uploads\/2022\/07\/Cheste_Serenata_9.jpg\" data-link=\"http:\/\/www.tucomarca.com\/wordpress\/segunda\/?attachment_id=161397\" class=\"wp-image-161397\" srcset=\"https:\/\/tucomarca.whitekongsoftware.com\/wp-content\/uploads\/2022\/07\/Cheste_Serenata_9-1024x682.jpg 1024w, https:\/\/tucomarca.whitekongsoftware.com\/wp-content\/uploads\/2022\/07\/Cheste_Serenata_9-300x200.jpg 300w, https:\/\/tucomarca.whitekongsoftware.com\/wp-content\/uploads\/2022\/07\/Cheste_Serenata_9-768x512.jpg 768w, https:\/\/tucomarca.whitekongsoftware.com\/wp-content\/uploads\/2022\/07\/Cheste_Serenata_9.jpg 1181w\" sizes=\"auto, (max-width: 1024px) 100vw, 1024px\" \/><\/figure><\/li><li class=\"blocks-gallery-item\"><figure><img loading=\"lazy\" decoding=\"async\" width=\"1024\" height=\"682\" src=\"http:\/\/www.tucomarca.com\/wordpress\/segunda\/wp-content\/uploads\/2022\/07\/Cheste_Serenata_4-1024x682.jpg\" alt=\"\" data-id=\"161391\" data-full-url=\"http:\/\/www.tucomarca.com\/wordpress\/segunda\/wp-content\/uploads\/2022\/07\/Cheste_Serenata_4.jpg\" data-link=\"http:\/\/www.tucomarca.com\/wordpress\/segunda\/?attachment_id=161391\" class=\"wp-image-161391\" srcset=\"https:\/\/tucomarca.whitekongsoftware.com\/wp-content\/uploads\/2022\/07\/Cheste_Serenata_4-1024x682.jpg 1024w, https:\/\/tucomarca.whitekongsoftware.com\/wp-content\/uploads\/2022\/07\/Cheste_Serenata_4-300x200.jpg 300w, https:\/\/tucomarca.whitekongsoftware.com\/wp-content\/uploads\/2022\/07\/Cheste_Serenata_4-768x512.jpg 768w, https:\/\/tucomarca.whitekongsoftware.com\/wp-content\/uploads\/2022\/07\/Cheste_Serenata_4.jpg 1181w\" sizes=\"auto, (max-width: 1024px) 100vw, 1024px\" \/><\/figure><\/li><\/ul><\/figure>\n","protected":false},"excerpt":{"rendered":"<div class=\"mh-excerpt\">Dissabte passat, 9 de juliol, la pla\u00e7a Doctor Cajal va tornar a il\u00b7luminar-se per a per a rebre una actuaci\u00f3 del cicle de Serenates 2022, aquesta vegada de la m\u00e0 de la Banda Juvenil de <a class=\"mh-excerpt-more\" href=\"https:\/\/tucomarca.whitekongsoftware.com\/ca\/la-banda-juvenil-de-lam-la-lira-estrena-lobra-shine-de-la-compositora-local-mar-vilalta-cerrada-en-el-cicle-de-serenates-2022\/\" title=\"La Banda Juvenil de l&#8217;AM &#8220;La Lira&#8221; estrena l&#8217;obra &#8220;Shine&#8221; de la compositora local Mar Vilalta Cerrada en el cicle de Serenates 2022\">[+] <\/a><\/div>\n","protected":false},"author":12,"featured_media":161386,"comment_status":"open","ping_status":"open","sticky":false,"template":"","format":"gallery","meta":{"footnotes":""},"categories":[11005,10894,10912,11007,10896,10974],"tags":[17504,11071,10914,17505],"class_list":["post-161400","post","type-post","status-publish","format-gallery","has-post-thumbnail","category-canal-musica","category-la-comarca-ca","category-la-hoya-ca","category-ocio-y-cultura-ca","category-seccion-ca","category-cheste-ca","tag-am-la-lira-de-cheste-ca","tag-cheste","tag-la-hoya-de-bunol-chiva-ca","tag-serenatas-2022-ca","post_format-post-format-gallery"],"_links":{"self":[{"href":"https:\/\/tucomarca.whitekongsoftware.com\/ca\/wp-json\/wp\/v2\/posts\/161400","targetHints":{"allow":["GET"]}}],"collection":[{"href":"https:\/\/tucomarca.whitekongsoftware.com\/ca\/wp-json\/wp\/v2\/posts"}],"about":[{"href":"https:\/\/tucomarca.whitekongsoftware.com\/ca\/wp-json\/wp\/v2\/types\/post"}],"author":[{"embeddable":true,"href":"https:\/\/tucomarca.whitekongsoftware.com\/ca\/wp-json\/wp\/v2\/users\/12"}],"replies":[{"embeddable":true,"href":"https:\/\/tucomarca.whitekongsoftware.com\/ca\/wp-json\/wp\/v2\/comments?post=161400"}],"version-history":[{"count":0,"href":"https:\/\/tucomarca.whitekongsoftware.com\/ca\/wp-json\/wp\/v2\/posts\/161400\/revisions"}],"wp:featuredmedia":[{"embeddable":true,"href":"https:\/\/tucomarca.whitekongsoftware.com\/ca\/wp-json\/wp\/v2\/media\/161386"}],"wp:attachment":[{"href":"https:\/\/tucomarca.whitekongsoftware.com\/ca\/wp-json\/wp\/v2\/media?parent=161400"}],"wp:term":[{"taxonomy":"category","embeddable":true,"href":"https:\/\/tucomarca.whitekongsoftware.com\/ca\/wp-json\/wp\/v2\/categories?post=161400"},{"taxonomy":"post_tag","embeddable":true,"href":"https:\/\/tucomarca.whitekongsoftware.com\/ca\/wp-json\/wp\/v2\/tags?post=161400"}],"curies":[{"name":"wp","href":"https:\/\/api.w.org\/{rel}","templated":true}]}}