{"id":161099,"date":"2022-07-06T09:00:00","date_gmt":"2022-07-06T07:00:00","guid":{"rendered":"http:\/\/www.tucomarca.com\/wordpress\/segunda\/?p=161099"},"modified":"2022-07-07T15:09:11","modified_gmt":"2022-07-07T13:09:11","slug":"arranca-amb-bona-participacio-la-recollida-porta-a-porta-de-la-materia-organica-en-el-barri-de-la-celadilla-dutiel","status":"publish","type":"post","link":"https:\/\/tucomarca.whitekongsoftware.com\/ca\/arranca-amb-bona-participacio-la-recollida-porta-a-porta-de-la-materia-organica-en-el-barri-de-la-celadilla-dutiel\/","title":{"rendered":"Arranca amb bona participaci\u00f3 la recollida porta a porta de la mat\u00e8ria org\u00e0nica en el barri de la Celadilla d&#8217;Utiel"},"content":{"rendered":"\n<p class=\"wp-block-paragraph\"><em><strong>Aquesta prova pilot \u00e9s la primera experi\u00e8ncia de recollida separada d&#8217;org\u00e0nica a la comarca i forma part de la campanya \u201cArriba l&#8217;org\u00e0nica, torna a la terra\u201d de la Mancomunitat de l&#8217;Interior Terra del Vi (MITV)<\/strong><\/em><\/p>\n\n\n\n<p class=\"wp-block-paragraph\">Ahir va comen\u00e7ar, amb \u00e8xit de participaci\u00f3, la recollida porta a porta de la fracci\u00f3 org\u00e0nica en el barri de la Celadilla d&#8217;Utiel, on els ve\u00efns i les ve\u00efnes d&#8217;aquest barri van deixar els seus poals de reciclatge a la porta de casa perqu\u00e8 el servei de recollida fera la recollida de l&#8217;org\u00e0nica. En total, van ser recollits 60 kg de mat\u00e8ria org\u00e0nica i va col\u00b7laborar m\u00e9s del 50% del ve\u00efnat.<\/p>\n\n\n\n<p class=\"wp-block-paragraph\">Des d&#8217;anit, els residents de la Celadilla poden traure els seus poals amb els residus org\u00e0nics a la porta de la seua casa els dimarts, dijous i diumenges a les 22h. Amb aquest nou sistema porta a porta, La Celadilla avan\u00e7a a la implementaci\u00f3 de la cinquena fracci\u00f3 de residus que prompte s&#8217;implementar\u00e0 en tota la comarca.&nbsp;<\/p>\n\n\n\n<p class=\"wp-block-paragraph\">Durant tota la setmana, dos educadors ambientals de la Mancomunitat han visitat cadascuna de les resid\u00e8ncies del barri per a entregar un kit gratu\u00eft amb un poal de reciclatge marr\u00f3, dos rotllos de bosses compostable i un fullet informatiu. En aquestes visites personalitzades, tamb\u00e9 han explicat la import\u00e0ncia de separar els nostres residus per a donar-los una segona vida com a compost i han resolt els dubtes que tenia la ciutadania sobre el nou sistema.&nbsp;<\/p>\n\n\n\n<p class=\"wp-block-paragraph\">Els educadors ambientals seguiran aquesta setmana visitant les resid\u00e8ncies de la Celadilla i repartint material en diferents punts del barri per a assegurar una implementaci\u00f3 reeixida del sistema. La ciutadania de la Celadilla que encara no t\u00e9 el seu kit gratu\u00eft, pot contactar amb la Mancomunitat en el tel\u00e8fon 962173586 o recollir-lo en la seu del carrer Adarb 5 de 09.00 a 14.00 hores. La campanya informativa tamb\u00e9 s&#8217;est\u00e0 desenvolupant en els diferents canals de la MITV -web i RRSS- i en la nova p\u00e0gina web: https:\/\/www.organicatierradelvino.es\/&nbsp;<\/p>\n\n\n\n<p class=\"wp-block-paragraph\">Una recollida separada d&#8217;org\u00e0nica per a cuidar del medi ambient&nbsp;<\/p>\n\n\n\n<p class=\"wp-block-paragraph\">Actualment, el 40% de les nostres bosses de fem s\u00f3n residus org\u00e0nics com a restes d&#8217;aliments, paper o cart\u00f3 tacat o taps de suro. En recollir de manera separada la fracci\u00f3 org\u00e0nica, els residus org\u00e0nics que abans acabaven desaprofitats en abocadors seran transformats en compostos en la planta de tractament de Caudete de las Fuentes. El compost \u00e9s un recurs molt valu\u00f3s i eficient, que redueix la nostra petjada de residus, millora la fertilitat de la terra i alimenta els cultius. Tamb\u00e9 ajudar\u00e0 a reduir l&#8217;\u00fas de fertilitzants i pesticides, aix\u00ed com la quantitat de residus dels abocadors, per a previndre la contaminaci\u00f3 d&#8217;aq\u00fc\u00edfers i millorar la petjada de carboni d&#8217;aquest territori.&nbsp;<\/p>\n\n\n\n<p class=\"wp-block-paragraph\">La implementaci\u00f3 d&#8217;aquest nou sistema de recollida porta a porta de l&#8217;org\u00e0nica tamb\u00e9 respon a les directives europees, estatals i auton\u00f2miques que estableixen l&#8217;obligatorietat de recuperar el 90% dels residus abans de 2035. Amb la nova recollida separada de mat\u00e8ria org\u00e0nica, Utiel aposta per la sostenibilitat i s&#8217;avan\u00e7a a les exig\u00e8ncies legislatives de gesti\u00f3 de residus.&nbsp;<\/p>\n\n\n\n<p class=\"wp-block-paragraph\">La Mancomunitat de l&#8217;Interior Terra del Vi se suma a la recollida separada de l&#8217;org\u00e0nica&nbsp;<\/p>\n\n\n\n<p class=\"wp-block-paragraph\">La prova pilot de la recollida porta a porta en el barri de la Celadilla d&#8217;Utiel \u00e9s nom\u00e9s la primera fase de la implementaci\u00f3 de la recollida separada de la fracci\u00f3 org\u00e0nica a la comarca. En les pr\u00f2ximes setmanes, s&#8217;implementar\u00e0 en els municipis de Caudete de las Fuentes, Fuenterrobles, Villargordo del Cabriel i en la pedania de la Torre.<\/p>\n\n\n\n<p class=\"wp-block-paragraph\">Dissabte passat 2 de juliol, es va celebrar una jornada informativa en el centre social de la Torre d&#8217;Utiel amb la t\u00e8cnica de compostatge del Consorci Val\u00e8ncia Interior. En aquesta pedania, s&#8217;instal\u00b7lar\u00e0 una compostera comunit\u00e0ria perqu\u00e8 els ve\u00efns puguen depositar les seues restes org\u00e0niques i donar-los una segona vida com a compost.&nbsp;<\/p>\n\n\n\n<p class=\"wp-block-paragraph\">En la resta de municipis de la comarca, la recollida de la fracci\u00f3 org\u00e0nica es realitzar\u00e0 a trav\u00e9s de contenidors tancats marrons. La ciutadania tindr\u00e0 una clau per a depositar els seus residus org\u00e0nics, per a aix\u00ed assegurar la major qualitat possible de la recollida separada.&nbsp;<\/p>\n\n\n\n<p class=\"wp-block-paragraph\">Amb aquesta implementaci\u00f3 de la recollida separada de la mat\u00e8ria org\u00e0nica en el territori, la Mancomunitat Terra del Vi subratlla el seu comprom\u00eds amb la sostenibilitat i la reducci\u00f3 de residus per a cuidar millor del medi ambient.<\/p>\n","protected":false},"excerpt":{"rendered":"<div class=\"mh-excerpt\">Aquesta prova pilot \u00e9s la primera experi\u00e8ncia de recollida separada d&#8217;org\u00e0nica a la comarca i forma part de la campanya \u201cArriba l&#8217;org\u00e0nica, torna a la terra\u201d de la Mancomunitat de l&#8217;Interior Terra del Vi (MITV) <a class=\"mh-excerpt-more\" href=\"https:\/\/tucomarca.whitekongsoftware.com\/ca\/arranca-amb-bona-participacio-la-recollida-porta-a-porta-de-la-materia-organica-en-el-barri-de-la-celadilla-dutiel\/\" title=\"Arranca amb bona participaci\u00f3 la recollida porta a porta de la mat\u00e8ria org\u00e0nica en el barri de la Celadilla d&#8217;Utiel\">[+] <\/a><\/div>\n","protected":false},"author":13,"featured_media":161097,"comment_status":"open","ping_status":"open","sticky":false,"template":"","format":"standard","meta":{"footnotes":""},"categories":[10948,10894,10904,10903,10947,10909,10896,11059],"tags":[12166,10910,11174],"class_list":["post-161099","post","type-post","status-publish","format-standard","has-post-thumbnail","category-infraestructuras-ca","category-la-comarca-ca","category-sin-categorizar-ca","category-medio-ambiente-la-comarca-ca","category-politica","category-requena-utiel-ca","category-seccion-ca","category-utiel-ca","tag-medio-ambiente-ca","tag-requena-utiel-ca","tag-utiel-ca"],"_links":{"self":[{"href":"https:\/\/tucomarca.whitekongsoftware.com\/ca\/wp-json\/wp\/v2\/posts\/161099","targetHints":{"allow":["GET"]}}],"collection":[{"href":"https:\/\/tucomarca.whitekongsoftware.com\/ca\/wp-json\/wp\/v2\/posts"}],"about":[{"href":"https:\/\/tucomarca.whitekongsoftware.com\/ca\/wp-json\/wp\/v2\/types\/post"}],"author":[{"embeddable":true,"href":"https:\/\/tucomarca.whitekongsoftware.com\/ca\/wp-json\/wp\/v2\/users\/13"}],"replies":[{"embeddable":true,"href":"https:\/\/tucomarca.whitekongsoftware.com\/ca\/wp-json\/wp\/v2\/comments?post=161099"}],"version-history":[{"count":0,"href":"https:\/\/tucomarca.whitekongsoftware.com\/ca\/wp-json\/wp\/v2\/posts\/161099\/revisions"}],"wp:featuredmedia":[{"embeddable":true,"href":"https:\/\/tucomarca.whitekongsoftware.com\/ca\/wp-json\/wp\/v2\/media\/161097"}],"wp:attachment":[{"href":"https:\/\/tucomarca.whitekongsoftware.com\/ca\/wp-json\/wp\/v2\/media?parent=161099"}],"wp:term":[{"taxonomy":"category","embeddable":true,"href":"https:\/\/tucomarca.whitekongsoftware.com\/ca\/wp-json\/wp\/v2\/categories?post=161099"},{"taxonomy":"post_tag","embeddable":true,"href":"https:\/\/tucomarca.whitekongsoftware.com\/ca\/wp-json\/wp\/v2\/tags?post=161099"}],"curies":[{"name":"wp","href":"https:\/\/api.w.org\/{rel}","templated":true}]}}