{"id":161037,"date":"2022-07-07T10:00:00","date_gmt":"2022-07-07T08:00:00","guid":{"rendered":"http:\/\/www.tucomarca.com\/wordpress\/segunda\/?p=161037"},"modified":"2022-07-07T15:36:24","modified_gmt":"2022-07-07T13:36:24","slug":"els-danys-de-la-pedra-registrada-en-la-vesprada-dahir-en-zones-del-municipi-de-requena-indignen-als-agricultors","status":"publish","type":"post","link":"https:\/\/tucomarca.whitekongsoftware.com\/ca\/els-danys-de-la-pedra-registrada-en-la-vesprada-dahir-en-zones-del-municipi-de-requena-indignen-als-agricultors\/","title":{"rendered":"Els danys de la pedra registrada en la vesprada d&#8217;ahir en zones del municipi de Requena indignen als agricultors"},"content":{"rendered":"\n<p class=\"wp-block-paragraph\">Indignaci\u00f3 \u00e9s la paraula que millor defineix el sentiment dels agricultors del municipi de Requena, que han vist seriosament danyades les seues vinyes per la pedra que va caure en la vesprada d&#8217;ahir.<br>Els viticultors venien comentant que enguany les vinyes presentaven un aspecte magn\u00edfic pel bon comportament atmosf\u00e8ric que es venia registrant; per\u00f2 que va canviar radicalment en la vesprada d&#8217;ahir.<br>Els agricultors afectats pel fenomen atmosf\u00e8ric, a m\u00e9s de les p\u00e8rdues patides en les seues collites, hauran de fer front a les despeses que comporta els tractaments amb productes cicatritzants per a les ferides causades a la vegetaci\u00f3 de les vinyes, per l&#8217;impacte de la pedra, i per a previndre malalties com el m\u00edldiu.&nbsp;Informa, <strong>Luis<\/strong> <strong>Ib\u00e1\u00f1ez<\/strong>.<\/p>\n","protected":false},"excerpt":{"rendered":"<div class=\"mh-excerpt\">Indignaci\u00f3 \u00e9s la paraula que millor defineix el sentiment dels agricultors del municipi de Requena, que han vist seriosament danyades les seues vinyes per la pedra que va caure en la vesprada d&#8217;ahir.Els viticultors venien <a class=\"mh-excerpt-more\" href=\"https:\/\/tucomarca.whitekongsoftware.com\/ca\/els-danys-de-la-pedra-registrada-en-la-vesprada-dahir-en-zones-del-municipi-de-requena-indignen-als-agricultors\/\" title=\"Els danys de la pedra registrada en la vesprada d&#8217;ahir en zones del municipi de Requena indignen als agricultors\">[+] <\/a><\/div>\n","protected":false},"author":1,"featured_media":161038,"comment_status":"open","ping_status":"open","sticky":false,"template":"","format":"standard","meta":{"footnotes":""},"categories":[10905,10948,10894,10903,10908,10909,10896,10897],"tags":[11309,12398,10910,14379],"class_list":["post-161037","post","type-post","status-publish","format-standard","has-post-thumbnail","category-agricultura-la-comarca-ca","category-infraestructuras-ca","category-la-comarca-ca","category-medio-ambiente-la-comarca-ca","category-requena-ca","category-requena-utiel-ca","category-seccion-ca","category-sucesos-la-comarca-ca","tag-agricultura-ca","tag-pedrisco-ca","tag-requena-utiel-ca","tag-vides-ca"],"_links":{"self":[{"href":"https:\/\/tucomarca.whitekongsoftware.com\/ca\/wp-json\/wp\/v2\/posts\/161037","targetHints":{"allow":["GET"]}}],"collection":[{"href":"https:\/\/tucomarca.whitekongsoftware.com\/ca\/wp-json\/wp\/v2\/posts"}],"about":[{"href":"https:\/\/tucomarca.whitekongsoftware.com\/ca\/wp-json\/wp\/v2\/types\/post"}],"author":[{"embeddable":true,"href":"https:\/\/tucomarca.whitekongsoftware.com\/ca\/wp-json\/wp\/v2\/users\/1"}],"replies":[{"embeddable":true,"href":"https:\/\/tucomarca.whitekongsoftware.com\/ca\/wp-json\/wp\/v2\/comments?post=161037"}],"version-history":[{"count":0,"href":"https:\/\/tucomarca.whitekongsoftware.com\/ca\/wp-json\/wp\/v2\/posts\/161037\/revisions"}],"wp:featuredmedia":[{"embeddable":true,"href":"https:\/\/tucomarca.whitekongsoftware.com\/ca\/wp-json\/wp\/v2\/media\/161038"}],"wp:attachment":[{"href":"https:\/\/tucomarca.whitekongsoftware.com\/ca\/wp-json\/wp\/v2\/media?parent=161037"}],"wp:term":[{"taxonomy":"category","embeddable":true,"href":"https:\/\/tucomarca.whitekongsoftware.com\/ca\/wp-json\/wp\/v2\/categories?post=161037"},{"taxonomy":"post_tag","embeddable":true,"href":"https:\/\/tucomarca.whitekongsoftware.com\/ca\/wp-json\/wp\/v2\/tags?post=161037"}],"curies":[{"name":"wp","href":"https:\/\/api.w.org\/{rel}","templated":true}]}}