{"id":160842,"date":"2022-07-04T17:00:00","date_gmt":"2022-07-04T15:00:00","guid":{"rendered":"http:\/\/www.tucomarca.com\/wordpress\/segunda\/?p=160842"},"modified":"2022-07-04T21:02:48","modified_gmt":"2022-07-04T19:02:48","slug":"sanitat-impulsa-aquesta-setmana-la-vacunacio-enfront-del-covid-amb-la-installacio-de-punts-de-vacunacio-sense-cita-previa-en-tota-la-comunitat","status":"publish","type":"post","link":"https:\/\/tucomarca.whitekongsoftware.com\/ca\/sanitat-impulsa-aquesta-setmana-la-vacunacio-enfront-del-covid-amb-la-installacio-de-punts-de-vacunacio-sense-cita-previa-en-tota-la-comunitat\/","title":{"rendered":"Sanitat impulsa aquesta setmana la vacunaci\u00f3 enfront del Covid amb la instal\u00b7laci\u00f3 de punts de vacunaci\u00f3 sense cita pr\u00e8via en tota la Comunitat"},"content":{"rendered":"\n<p class=\"wp-block-paragraph\">La Conselleria de Sanitat Universal i Salut P\u00fablica continua impulsant la vacunaci\u00f3 enfront de la COVID-19, gr\u00e0cies a la instal\u00b7laci\u00f3 de punts de vacunaci\u00f3 sense cita pr\u00e8via distribu\u00efts per tota la Comunitat Valenciana.<\/p>\n\n\n\n<p class=\"wp-block-paragraph\">L&#8217;objectiu \u00e9s facilitar que totes aquelles persones que estan pendents de rebre alguna dosi de la vacuna COVID-19, b\u00e9 perqu\u00e8 han passat la malaltia o per qualsevol altre motiu, puguen acostar-se a qualsevol dels punts de vacunaci\u00f3 per a rebre-la sense necessitat de cita pr\u00e8via.<\/p>\n\n\n\n<p class=\"wp-block-paragraph\">D&#8217;aquesta manera, des de la Conselleria de Sanitat es pret\u00e9n agilitar el proc\u00e9s de vacunaci\u00f3 perqu\u00e8 tota la poblaci\u00f3 puga comptar amb la pauta completa segons els criteris establits en el calendari de vacunaci\u00f3 COVID.<\/p>\n\n\n\n<p class=\"wp-block-paragraph\"><strong>Punts de vacunaci\u00f3 sense cita<\/strong><\/p>\n\n\n\n<p class=\"wp-block-paragraph\">Aquests s\u00f3n els punts de vacunaci\u00f3 sense cita d&#8217;aquesta setmana. La Conselleria de Sanitat anir\u00e0 actualitzant els punts de vacunaci\u00f3, que es podran consultar a trav\u00e9s de les xarxes socials (Twitter, Instagram o Facebook).<\/p>\n\n\n\n<p class=\"wp-block-paragraph\">Aix\u00ed, a la prov\u00edncia de Val\u00e8ncia s&#8217;obrin aquesta setmana el centre de salut d&#8217;Ador (de dilluns a divendres, de 13.30 hores a 15.00 hores) i el centre de salut de Corea, a Gandia (de dilluns a divendres, de 12.30 hores a 14.30 hores). A m\u00e9s, l&#8217;Hospital la Malva-rosa romandr\u00e0 obert des de dem\u00e0 dia 5 de juliol de dilluns a divendres (de 16.00 hores a 20.30 hores).<\/p>\n\n\n\n<p class=\"wp-block-paragraph\">Durant el mes de juliol tamb\u00e9 hi ha jornades de vacunaci\u00f3 sense cita en el centre de salut de Ll\u00edria (dilluns, de 13.00 a 15.00 hores), centre de salut de Paterna El Clot (dilluns, sol adults, i dijous, vacuna pedi\u00e0trica, d&#8217;11.00 a 13.00 hores), centre de salut de Burjassot II (dimarts, de 10.00 a 12.30 hores), centre de salut de B\u00e9tera (dimecres, de 15.30 hores a 19.30 hores) i centre de salut de Godella (dimecres, de 15.30 a 19.30 hores).<\/p>\n\n\n\n<p class=\"wp-block-paragraph\">A m\u00e9s, es vacunar\u00e0 sense cita en el centre de salut de la Pobla de Vallbona (dimecres, de 15.30 hores a 19.30 hores), Escola de Persones Adultes de l&#8217;Eliana (dijous, de 15.00 a 17.00 hores), centre de salut de *Benim\u00e0met (dijous, de 12.30 hores a 15.00 hores), centre de salut de Benaguasil (divendres, de 12.00 a 14.00 hores) i en el centre de salut de Montcada (divendres, de 12.30 a 14.00 hores).<\/p>\n\n\n\n<p class=\"wp-block-paragraph\">Aix\u00ed mateix, aquesta setmana roman obert el punt de vacunaci\u00f3 instal\u00b7lat en el Pati dels Tarongers, annex a l&#8217;Hospital General Universitari de Castell\u00f3 (el dimarts 5 de juliol, de 16.00 a 21.00 hores) i el punt de vacunaci\u00f3 del Escorratel, a Oriola (el dimecres 6 de juliol, de 15.00 a 20.00 hores).<\/p>\n\n\n\n<p class=\"wp-block-paragraph\">A m\u00e9s, en el Centre d&#8217;Especialitats de Benidorm, pertanyent al Departament de la Marina Baixa, s&#8217;obri en setmanes alternes un punt sense cita de 16 hores a 20 hores, i a l&#8217;Hospital Universitari de Torrevella hi ha previstes noves jornades de vacunaci\u00f3 sense cita la setmana de l&#8217;11 de juliol.<\/p>\n\n\n\n<p class=\"wp-block-paragraph\">Aquests punts sense cita se sumen a la vacunaci\u00f3 amb cita que es continua desenvolupant en tots els departaments de salut. En aquest cas, l&#8217;administraci\u00f3 de la vacuna es realitza en els corresponents centres de salut o en punts habilitats expressament, com l&#8217;Hospital General Universitari Doctor Balmis (Alacant), on es vacuna amb cita de dilluns a divendres.<\/p>\n\n\n\n<p class=\"wp-block-paragraph\">Les persones que tinguen dosis pendents per a completar la pauta de vacunaci\u00f3 poden demanar cita en el seu centre de salut o b\u00e9 consultar les xarxes dels departaments de salut per a con\u00e9ixer els punts sense cita habilitats a cada moment.<\/p>\n","protected":false},"excerpt":{"rendered":"<div class=\"mh-excerpt\">La Conselleria de Sanitat Universal i Salut P\u00fablica continua impulsant la vacunaci\u00f3 enfront de la COVID-19, gr\u00e0cies a la instal\u00b7laci\u00f3 de punts de vacunaci\u00f3 sense cita pr\u00e8via distribu\u00efts per tota la Comunitat Valenciana. L&#8217;objectiu \u00e9s <a class=\"mh-excerpt-more\" href=\"https:\/\/tucomarca.whitekongsoftware.com\/ca\/sanitat-impulsa-aquesta-setmana-la-vacunacio-enfront-del-covid-amb-la-installacio-de-punts-de-vacunacio-sense-cita-previa-en-tota-la-comunitat\/\" title=\"Sanitat impulsa aquesta setmana la vacunaci\u00f3 enfront del Covid amb la instal\u00b7laci\u00f3 de punts de vacunaci\u00f3 sense cita pr\u00e8via en tota la Comunitat\">[+] <\/a><\/div>\n","protected":false},"author":1,"featured_media":160840,"comment_status":"open","ping_status":"open","sticky":false,"template":"","format":"standard","meta":{"footnotes":""},"categories":[11010,12202,10898,10948,10894,10904,10903,10947,10896,10897],"tags":[11939,11940,11199,17474,13963,13932],"class_list":["post-160842","post","type-post","status-publish","format-standard","has-post-thumbnail","category-canal-salud","category-covid-19-ca","category-ventana-ca","category-infraestructuras-ca","category-la-comarca-ca","category-sin-categorizar-ca","category-medio-ambiente-la-comarca-ca","category-politica","category-seccion-ca","category-sucesos-la-comarca-ca","tag-coronavirus-ca","tag-covid-19-ca","tag-la-comunitat-ca","tag-septima-ola-ca","tag-vacunacion-ca","tag-vacunas-ca"],"_links":{"self":[{"href":"https:\/\/tucomarca.whitekongsoftware.com\/ca\/wp-json\/wp\/v2\/posts\/160842","targetHints":{"allow":["GET"]}}],"collection":[{"href":"https:\/\/tucomarca.whitekongsoftware.com\/ca\/wp-json\/wp\/v2\/posts"}],"about":[{"href":"https:\/\/tucomarca.whitekongsoftware.com\/ca\/wp-json\/wp\/v2\/types\/post"}],"author":[{"embeddable":true,"href":"https:\/\/tucomarca.whitekongsoftware.com\/ca\/wp-json\/wp\/v2\/users\/1"}],"replies":[{"embeddable":true,"href":"https:\/\/tucomarca.whitekongsoftware.com\/ca\/wp-json\/wp\/v2\/comments?post=160842"}],"version-history":[{"count":0,"href":"https:\/\/tucomarca.whitekongsoftware.com\/ca\/wp-json\/wp\/v2\/posts\/160842\/revisions"}],"wp:featuredmedia":[{"embeddable":true,"href":"https:\/\/tucomarca.whitekongsoftware.com\/ca\/wp-json\/wp\/v2\/media\/160840"}],"wp:attachment":[{"href":"https:\/\/tucomarca.whitekongsoftware.com\/ca\/wp-json\/wp\/v2\/media?parent=160842"}],"wp:term":[{"taxonomy":"category","embeddable":true,"href":"https:\/\/tucomarca.whitekongsoftware.com\/ca\/wp-json\/wp\/v2\/categories?post=160842"},{"taxonomy":"post_tag","embeddable":true,"href":"https:\/\/tucomarca.whitekongsoftware.com\/ca\/wp-json\/wp\/v2\/tags?post=160842"}],"curies":[{"name":"wp","href":"https:\/\/api.w.org\/{rel}","templated":true}]}}