{"id":160627,"date":"2022-07-01T16:45:00","date_gmt":"2022-07-01T14:45:00","guid":{"rendered":"http:\/\/www.tucomarca.com\/wordpress\/segunda\/?p=160627"},"modified":"2022-07-01T19:06:59","modified_gmt":"2022-07-01T17:06:59","slug":"condenat-a-tres-anys-i-cinc-mesos-de-preso-per-incendiar-la-casa-de-la-seua-parella-a-bunyol","status":"publish","type":"post","link":"https:\/\/tucomarca.whitekongsoftware.com\/ca\/condenat-a-tres-anys-i-cinc-mesos-de-preso-per-incendiar-la-casa-de-la-seua-parella-a-bunyol\/","title":{"rendered":"Condenat a tres anys i cinc mesos de pres\u00f3 per incendiar la casa de la seua parella a Bunyol"},"content":{"rendered":"\n<p class=\"wp-block-paragraph\">L&#8217;home que va incendiar la casa de la seua parella sentimental a Bunyol ha sigut condemnat a tres anys i cinc mesos de pres\u00f3, a cinc mesos de multa i a cinquanta dies de treballs en benefici de la comunitat, pels delictes d&#8217;incendi, maltractament i danys. El condemnat va entrar en el pis i va destrossar dos televisors, dos tel\u00e8fons m\u00f2bils aix\u00ed com part del bany de l&#8217;habitatge i va espentar a la dona, que va haver de fugir a casa d&#8217;una amiga.\u00a0<\/p>\n\n\n\n<p class=\"wp-block-paragraph\">La Fiscalia, tamb\u00e9 li ha imposat la prohibici\u00f3 d&#8217;acostar-se a menys de 300 metres de la v\u00edctima i de comunicar-se amb ella durant cinc anys.&nbsp;<\/p>\n\n\n\n<p class=\"wp-block-paragraph\">La sent\u00e8ncia de la Secci\u00f3 Primera, ha sigut dictada despr\u00e9s que les parts aconseguiren un acord mitjan\u00e7ant el qual el condemnat reconeixia els fets i mostrava la seua conformitat amb la pena sol\u00b7licitada.<\/p>\n\n\n\n<p class=\"wp-block-paragraph\"><\/p>\n","protected":false},"excerpt":{"rendered":"<div class=\"mh-excerpt\">L&#8217;home que va incendiar la casa de la seua parella sentimental a Bunyol ha sigut condemnat a tres anys i cinc mesos de pres\u00f3, a cinc mesos de multa i a cinquanta dies de treballs <a class=\"mh-excerpt-more\" href=\"https:\/\/tucomarca.whitekongsoftware.com\/ca\/condenat-a-tres-anys-i-cinc-mesos-de-preso-per-incendiar-la-casa-de-la-seua-parella-a-bunyol\/\" title=\"Condenat a tres anys i cinc mesos de pres\u00f3 per incendiar la casa de la seua parella a Bunyol\">[+] <\/a><\/div>\n","protected":false},"author":12,"featured_media":160624,"comment_status":"open","ping_status":"open","sticky":false,"template":"","format":"standard","meta":{"footnotes":""},"categories":[10911,10898,10894,10912,10896,10897],"tags":[10913,17475,10914],"class_list":["post-160627","post","type-post","status-publish","format-standard","has-post-thumbnail","category-bunol-ca","category-ventana-ca","category-la-comarca-ca","category-la-hoya-ca","category-seccion-ca","category-sucesos-la-comarca-ca","tag-bunol-ca","tag-ciudad-de-la-justicia-ca","tag-la-hoya-de-bunol-chiva-ca"],"_links":{"self":[{"href":"https:\/\/tucomarca.whitekongsoftware.com\/ca\/wp-json\/wp\/v2\/posts\/160627","targetHints":{"allow":["GET"]}}],"collection":[{"href":"https:\/\/tucomarca.whitekongsoftware.com\/ca\/wp-json\/wp\/v2\/posts"}],"about":[{"href":"https:\/\/tucomarca.whitekongsoftware.com\/ca\/wp-json\/wp\/v2\/types\/post"}],"author":[{"embeddable":true,"href":"https:\/\/tucomarca.whitekongsoftware.com\/ca\/wp-json\/wp\/v2\/users\/12"}],"replies":[{"embeddable":true,"href":"https:\/\/tucomarca.whitekongsoftware.com\/ca\/wp-json\/wp\/v2\/comments?post=160627"}],"version-history":[{"count":0,"href":"https:\/\/tucomarca.whitekongsoftware.com\/ca\/wp-json\/wp\/v2\/posts\/160627\/revisions"}],"wp:featuredmedia":[{"embeddable":true,"href":"https:\/\/tucomarca.whitekongsoftware.com\/ca\/wp-json\/wp\/v2\/media\/160624"}],"wp:attachment":[{"href":"https:\/\/tucomarca.whitekongsoftware.com\/ca\/wp-json\/wp\/v2\/media?parent=160627"}],"wp:term":[{"taxonomy":"category","embeddable":true,"href":"https:\/\/tucomarca.whitekongsoftware.com\/ca\/wp-json\/wp\/v2\/categories?post=160627"},{"taxonomy":"post_tag","embeddable":true,"href":"https:\/\/tucomarca.whitekongsoftware.com\/ca\/wp-json\/wp\/v2\/tags?post=160627"}],"curies":[{"name":"wp","href":"https:\/\/api.w.org\/{rel}","templated":true}]}}