{"id":160619,"date":"2022-07-01T17:00:00","date_gmt":"2022-07-01T15:00:00","guid":{"rendered":"http:\/\/www.tucomarca.com\/wordpress\/segunda\/?p=160619"},"modified":"2022-07-01T18:47:23","modified_gmt":"2022-07-01T16:47:23","slug":"sanitat-notifica-18-defuncions-i-8-789-nous-casos-de-coronavirus-en-la-comunitat-valenciana-3-775-dells-en-majors-de-60-anys","status":"publish","type":"post","link":"https:\/\/tucomarca.whitekongsoftware.com\/ca\/sanitat-notifica-18-defuncions-i-8-789-nous-casos-de-coronavirus-en-la-comunitat-valenciana-3-775-dells-en-majors-de-60-anys\/","title":{"rendered":"Sanitat notifica 18 defuncions i 8.789 nous casos de coronavirus en la Comunitat Valenciana, 3.775 d&#8217;ells en majors de 60 anys"},"content":{"rendered":"\n<p class=\"wp-block-paragraph\"><strong>Los hospitales valencianos tienen 993 personas ingresadas, 42 de ellas en la UCI<\/strong><br>Els hospitals valencians tenen 993 persones ingressades, 42 d&#8217;elles en l&#8217;UCI<br>La Conselleria de Sanitat Universal i Salut P\u00fablica ha notificat un total de 8.789 nous casos de coronavirus confirmats per prova PCR o a trav\u00e9s de test d&#8217;ant\u00edgens des de l&#8217;\u00faltima actualitzaci\u00f3. Els nous casos per prov\u00edncies s\u00f3n 756 a Castell\u00f3 (180.568 en total), 2.632 a Alacant (505.653 en total) i 5.401 a Val\u00e8ncia (790.876 en total).<\/p>\n\n\n\n<p class=\"wp-block-paragraph\">D&#8217;ells, 3.775 s\u00f3n de persones majors de 60 anys. Per prov\u00edncies: 356 de Castell\u00f3, 1.141 d&#8217;Alacant i 2.278 de Val\u00e8ncia.<\/p>\n\n\n\n<p class=\"wp-block-paragraph\">Els hospitals valencians tenen, actualment 993 persones ingressades, 42 d&#8217;elles en l&#8217;UCI: 140 a la prov\u00edncia de Castell\u00f3, 4 en UCI; 347 a la prov\u00edncia d&#8217;Alacant, 15 d&#8217;elles en l&#8217;UCI; i 506 a la prov\u00edncia de Val\u00e8ncia, 23 en UCI.&nbsp;<\/p>\n\n\n\n<p class=\"wp-block-paragraph\">S&#8217;han notificat 18 defuncions per coronavirus des de l&#8217;\u00faltima actualitzaci\u00f3, tots amb data de defunci\u00f3 en els \u00faltims 7 dies. Es tracta d&#8217;11 dones d&#8217;entre 69 i 99 anys, i 7 homes d&#8217;entre 64 i 89 anys. El total de decessos des de l&#8217;inici de la pand\u00e8mia ascendeix a 9.538: 1.124 a la prov\u00edncia de Castell\u00f3, 3.621 en la d&#8217;Alacant i 4.793 en la de Val\u00e8ncia.<\/p>\n","protected":false},"excerpt":{"rendered":"<div class=\"mh-excerpt\">Los hospitales valencianos tienen 993 personas ingresadas, 42 de ellas en la UCIEls hospitals valencians tenen 993 persones ingressades, 42 d&#8217;elles en l&#8217;UCILa Conselleria de Sanitat Universal i Salut P\u00fablica ha notificat un total de <a class=\"mh-excerpt-more\" href=\"https:\/\/tucomarca.whitekongsoftware.com\/ca\/sanitat-notifica-18-defuncions-i-8-789-nous-casos-de-coronavirus-en-la-comunitat-valenciana-3-775-dells-en-majors-de-60-anys\/\" title=\"Sanitat notifica 18 defuncions i 8.789 nous casos de coronavirus en la Comunitat Valenciana, 3.775 d&#8217;ells en majors de 60 anys\">[+] <\/a><\/div>\n","protected":false},"author":1,"featured_media":145952,"comment_status":"open","ping_status":"open","sticky":false,"template":"","format":"standard","meta":{"footnotes":""},"categories":[11010,12202,10898,10948,10894,10904,10903,10947,10896,10897],"tags":[11939,11940,11199,17473,17474,13932],"class_list":["post-160619","post","type-post","status-publish","format-standard","has-post-thumbnail","category-canal-salud","category-covid-19-ca","category-ventana-ca","category-infraestructuras-ca","category-la-comarca-ca","category-sin-categorizar-ca","category-medio-ambiente-la-comarca-ca","category-politica","category-seccion-ca","category-sucesos-la-comarca-ca","tag-coronavirus-ca","tag-covid-19-ca","tag-la-comunitat-ca","tag-septima-ca","tag-septima-ola-ca","tag-vacunas-ca"],"_links":{"self":[{"href":"https:\/\/tucomarca.whitekongsoftware.com\/ca\/wp-json\/wp\/v2\/posts\/160619","targetHints":{"allow":["GET"]}}],"collection":[{"href":"https:\/\/tucomarca.whitekongsoftware.com\/ca\/wp-json\/wp\/v2\/posts"}],"about":[{"href":"https:\/\/tucomarca.whitekongsoftware.com\/ca\/wp-json\/wp\/v2\/types\/post"}],"author":[{"embeddable":true,"href":"https:\/\/tucomarca.whitekongsoftware.com\/ca\/wp-json\/wp\/v2\/users\/1"}],"replies":[{"embeddable":true,"href":"https:\/\/tucomarca.whitekongsoftware.com\/ca\/wp-json\/wp\/v2\/comments?post=160619"}],"version-history":[{"count":0,"href":"https:\/\/tucomarca.whitekongsoftware.com\/ca\/wp-json\/wp\/v2\/posts\/160619\/revisions"}],"wp:featuredmedia":[{"embeddable":true,"href":"https:\/\/tucomarca.whitekongsoftware.com\/ca\/wp-json\/wp\/v2\/media\/145952"}],"wp:attachment":[{"href":"https:\/\/tucomarca.whitekongsoftware.com\/ca\/wp-json\/wp\/v2\/media?parent=160619"}],"wp:term":[{"taxonomy":"category","embeddable":true,"href":"https:\/\/tucomarca.whitekongsoftware.com\/ca\/wp-json\/wp\/v2\/categories?post=160619"},{"taxonomy":"post_tag","embeddable":true,"href":"https:\/\/tucomarca.whitekongsoftware.com\/ca\/wp-json\/wp\/v2\/tags?post=160619"}],"curies":[{"name":"wp","href":"https:\/\/api.w.org\/{rel}","templated":true}]}}