{"id":160612,"date":"2022-06-30T18:00:00","date_gmt":"2022-06-30T16:00:00","guid":{"rendered":"http:\/\/www.tucomarca.com\/wordpress\/segunda\/?p=160612"},"modified":"2022-06-30T22:19:28","modified_gmt":"2022-06-30T20:19:28","slug":"bunyol-tornara-a-comptar-enguany-amb-la-carrera-10k-de-la-fira-i-festes-homenatge-a-raquel-lavilla","status":"publish","type":"post","link":"https:\/\/tucomarca.whitekongsoftware.com\/ca\/bunyol-tornara-a-comptar-enguany-amb-la-carrera-10k-de-la-fira-i-festes-homenatge-a-raquel-lavilla\/","title":{"rendered":"Bunyol tornar\u00e0 a comptar enguany amb la carrera 10k de la Fira i Festes &#8211; Homenatge a Raquel Lavilla"},"content":{"rendered":"\n<h4 class=\"wp-block-heading\"><strong>Dimarts que ve, 6 de juliol, es presentar\u00e0 el cartell en la reuni\u00f3 convocada per la regidoria d&#8217;Esports de l&#8217;Ajuntament de Bunyol.<\/strong><\/h4>\n\n\n\n<p class=\"wp-block-paragraph\">Des de les regidories d&#8217;Esports i Cultura Popular es confirma que enguany torna la &#8220;Carrera 10K de Fira i Festes &#8211; Homenatge a Raquel Lavilla&#8221;. La inscripci\u00f3 en la prova ser\u00e0 &#8220;gratu\u00efta per als corredors i corredores bunyolenses, recuperant per al seu desenvolupament el dijous previ al divendres de fires (25 d&#8217;agost) i la seua eixida des de la pla\u00e7a Layana com era habitual&#8221;, tal com ha informat el responsable de l&#8217;\u00e0rea d&#8217;Esports de l&#8217;Ajuntament de Bunyol, Manuel Sierra. <\/p>\n\n\n\n<p class=\"wp-block-paragraph\">El regidor ha avan\u00e7at que pr\u00f2ximament &#8220;s&#8217;informar\u00e0 sobre el proc\u00e9s d&#8217;inscripci\u00f3 per a participants i col\u00b7laboradors&#8221;; i ha avan\u00e7at que dimecres que ve, 6 de juliol, a les 10,00 hores es presentar\u00e0 el cartell anunciador en el sal\u00f3 de plens de l&#8217;Ajuntament.<\/p>\n","protected":false},"excerpt":{"rendered":"<div class=\"mh-excerpt\">Dimarts que ve, 6 de juliol, es presentar\u00e0 el cartell en la reuni\u00f3 convocada per la regidoria d&#8217;Esports de l&#8217;Ajuntament de Bunyol. Des de les regidories d&#8217;Esports i Cultura Popular es confirma que enguany torna <a class=\"mh-excerpt-more\" href=\"https:\/\/tucomarca.whitekongsoftware.com\/ca\/bunyol-tornara-a-comptar-enguany-amb-la-carrera-10k-de-la-fira-i-festes-homenatge-a-raquel-lavilla\/\" title=\"Bunyol tornar\u00e0 a comptar enguany amb la carrera 10k de la Fira i Festes &#8211; Homenatge a Raquel Lavilla\">[+] <\/a><\/div>\n","protected":false},"author":1,"featured_media":73343,"comment_status":"open","ping_status":"open","sticky":false,"template":"","format":"standard","meta":{"footnotes":""},"categories":[11018,10911,11003,10912,10896],"tags":[10913,11074,10914],"class_list":["post-160612","post","type-post","status-publish","format-standard","has-post-thumbnail","category-atletisme","category-bunol-ca","category-sports","category-la-hoya-ca","category-seccion-ca","tag-bunol-ca","tag-deportes-ca","tag-la-hoya-de-bunol-chiva-ca"],"_links":{"self":[{"href":"https:\/\/tucomarca.whitekongsoftware.com\/ca\/wp-json\/wp\/v2\/posts\/160612","targetHints":{"allow":["GET"]}}],"collection":[{"href":"https:\/\/tucomarca.whitekongsoftware.com\/ca\/wp-json\/wp\/v2\/posts"}],"about":[{"href":"https:\/\/tucomarca.whitekongsoftware.com\/ca\/wp-json\/wp\/v2\/types\/post"}],"author":[{"embeddable":true,"href":"https:\/\/tucomarca.whitekongsoftware.com\/ca\/wp-json\/wp\/v2\/users\/1"}],"replies":[{"embeddable":true,"href":"https:\/\/tucomarca.whitekongsoftware.com\/ca\/wp-json\/wp\/v2\/comments?post=160612"}],"version-history":[{"count":0,"href":"https:\/\/tucomarca.whitekongsoftware.com\/ca\/wp-json\/wp\/v2\/posts\/160612\/revisions"}],"wp:featuredmedia":[{"embeddable":true,"href":"https:\/\/tucomarca.whitekongsoftware.com\/ca\/wp-json\/wp\/v2\/media\/73343"}],"wp:attachment":[{"href":"https:\/\/tucomarca.whitekongsoftware.com\/ca\/wp-json\/wp\/v2\/media?parent=160612"}],"wp:term":[{"taxonomy":"category","embeddable":true,"href":"https:\/\/tucomarca.whitekongsoftware.com\/ca\/wp-json\/wp\/v2\/categories?post=160612"},{"taxonomy":"post_tag","embeddable":true,"href":"https:\/\/tucomarca.whitekongsoftware.com\/ca\/wp-json\/wp\/v2\/tags?post=160612"}],"curies":[{"name":"wp","href":"https:\/\/api.w.org\/{rel}","templated":true}]}}