{"id":160563,"date":"2022-06-30T17:00:00","date_gmt":"2022-06-30T15:00:00","guid":{"rendered":"http:\/\/www.tucomarca.com\/wordpress\/segunda\/?p=160563"},"modified":"2022-06-30T18:30:53","modified_gmt":"2022-06-30T16:30:53","slug":"la-diputacio-de-valencia-triplica-les-ajudes-als-collegis-rurals-i-els-municipis-que-les-reben","status":"publish","type":"post","link":"https:\/\/tucomarca.whitekongsoftware.com\/ca\/la-diputacio-de-valencia-triplica-les-ajudes-als-collegis-rurals-i-els-municipis-que-les-reben\/","title":{"rendered":"La Diputaci\u00f3 de Val\u00e8ncia triplica les ajudes als col\u00b7legis rurals i els municipis que les reben"},"content":{"rendered":"\n<h4 class=\"wp-block-heading\"><strong><strong>L&#8217;\u00e0rea de Pol\u00edtiques contra la Despoblaci\u00f3 destina 305.000 euros a 57 municipis i les mancomunitats del Rinc\u00f3n i Tierra del Vino, enfront dels 116.000 euros i els 21 pobles als quals es va arribar l&#8217;any passat<\/strong><\/strong><\/h4>\n\n\n\n<h4 class=\"wp-block-heading\"><strong><strong>La corporaci\u00f3 dona llum verda a la dotaci\u00f3 definitiva del programa Escola Rural, que subvenciona l\u00ednies com a transport i menjadors escolars, aularis de 0 a 2 anys i activitats extraescolars<\/strong><\/strong><\/h4>\n\n\n\n<p class=\"wp-block-paragraph\">La Junta de Govern extraordin\u00e0ria d&#8217;este dijous ha donat llum verda a les ajudes de la Diputaci\u00f3 a les escoles rurals en el present exercici, que ascendixen a 305.000 euros enfront dels 116.000 euros concedits l&#8217;any passat. L&#8217;\u00e0rea de Desenvolupament Rural i Pol\u00edtiques contra la Despoblaci\u00f3 que dirigix Ramiro Rivera multiplica per 2,7 l&#8217;import total de les ajudes, incrementa de 28 a 67 les sol\u00b7licituds concedides i arriba a 57 municipis i dos mancomunitats, enfront dels 21 ajuntaments i la mancomunitat que van ser subvencionats en l&#8217;anterior edici\u00f3 del programa Escola Rural.<\/p>\n\n\n\n<p class=\"wp-block-paragraph\">La convocat\u00f2ria 2022-23 va ser presentada al mar\u00e7 als responsables locals pel diputat Rivera, que va avan\u00e7ar un pressupost ampliable de 269.000 euros per a cobrir les quatre l\u00ednies de subvenci\u00f3 existents, des de transport a menjadors escolars, passant per aularis d&#8217;educaci\u00f3 infantil de 0 a 2 anys i activitats extraescolars en pobles o nuclis de poblaci\u00f3 de menys de 300 habitants.<\/p>\n\n\n\n<p class=\"wp-block-paragraph\">El responsable provincial de Desenvolupament Rural destaca \u201cla novetat que suposa poder oferir activitats extraescolars en pobles que no tenen col\u00b7legis\u201d, una l\u00ednia de subvenci\u00f3 en la qual s&#8217;han concedit 17 sol\u00b7licituds enfront de les nou del passat curs, amb un import global de 82.000 euros enfront dels 40.000 destinats en 2021 a municipis que podien arribar als 1.500 habitants.<\/p>\n\n\n\n<p class=\"wp-block-paragraph\">Tamb\u00e9 duplica els par\u00e0metres la l\u00ednia d&#8217;ajuda a aularis infantils de 0 a 2 anys, malgrat rebre&#8217;s menys sol\u00b7licituds a causa de la cobertura que la Generalitat oferix al tram de 2 a 3 anys que en l&#8217;anterior edici\u00f3 subvencionava la Diputaci\u00f3. En xifres, la corporaci\u00f3 provincial concedix en 2022 una vintena de sol\u00b7licituds amb una dotaci\u00f3 de 94.000 euros, enfront de les nou peticions complides i els 45.000 euros de l&#8217;anterior exercici.<\/p>\n\n\n\n<p class=\"wp-block-paragraph\"><strong>Transport i menjadors escolars<\/strong><\/p>\n\n\n\n<p class=\"wp-block-paragraph\">L&#8217;increment m\u00e9s significatiu es dona en les l\u00ednies de transport i menjadors escolars, on la Diputaci\u00f3 quadruplica les ajudes. En el cas concret del transport escolar, els beneficiaris del qual s\u00f3n ajuntaments amb Col\u00b7legis Rurals Agrupats (CRA) que donen servei a diversos pobles, o b\u00e9 consistoris amb alumnat empadronat en el seu municipi que es despla\u00e7a a un centre escolar assignat en una altra localitat, s&#8217;han concedit set sol\u00b7licituds per un import global de 63.000 euros, enfront de les quatre concessions i els 16.000 euros de 2021.<\/p>\n\n\n\n<p class=\"wp-block-paragraph\">La principal novetat \u00e9s el suport al transport escolar en Educaci\u00f3 Secund\u00e0ria, com succe\u00efx en la mancomunitat Tierra del Vino, que comptar\u00e0 amb ajuda de la Diputaci\u00f3 per a acostar alumnat de la comarca a centres educatius de Requena, cas de l&#8217;Escola de Viticultura i Enologia de la pr\u00f2pia corporaci\u00f3 provincial.<\/p>\n\n\n\n<p class=\"wp-block-paragraph\">Quant als menjadors escolars, l&#8217;ajuda dels quals poden sol\u00b7licitar ajuntaments de menys de 1.500 habitants i mancomunitats, s&#8217;han concedit 23 de les 25 sol\u00b7licituds presentades, enfront de les sis aprovades en el passat curs. La dotaci\u00f3 econ\u00f2mica passa dels 15.000 als 66.000 euros.<\/p>\n\n\n\n<p class=\"wp-block-paragraph\">El responsable de Pol\u00edtiques contra la Despoblaci\u00f3, Ramiro Rivera, ha insistit en la import\u00e0ncia de \u201cmantindre infraestructures educatives en el medi rural, en pobles que les necessiten per a atraure noves fam\u00edlies o perqu\u00e8 les residents no busquen altres destins\u201d. El balan\u00e7 del programa Escola Rural en 2021 reflectix que les subvencions van arribar a 21 municipis de la Serran\u00eda, el Rinc\u00f3n de Ademuz, la Vall d&#8217;Albaida, el Valle de Ayora-Cofrentes i en menor mesura a altres comarques com la Ribera Alta, la Safor i el Camp de T\u00faria, aix\u00ed com a la mancomunitat Rinc\u00f3n de Ademuz.<\/p>\n","protected":false},"excerpt":{"rendered":"<div class=\"mh-excerpt\">L&#8217;\u00e0rea de Pol\u00edtiques contra la Despoblaci\u00f3 destina 305.000 euros a 57 municipis i les mancomunitats del Rinc\u00f3n i Tierra del Vino, enfront dels 116.000 euros i els 21 pobles als quals es va arribar l&#8217;any <a class=\"mh-excerpt-more\" href=\"https:\/\/tucomarca.whitekongsoftware.com\/ca\/la-diputacio-de-valencia-triplica-les-ajudes-als-collegis-rurals-i-els-municipis-que-les-reben\/\" title=\"La Diputaci\u00f3 de Val\u00e8ncia triplica les ajudes als col\u00b7legis rurals i els municipis que les reben\">[+] <\/a><\/div>\n","protected":false},"author":1,"featured_media":160561,"comment_status":"open","ping_status":"open","sticky":false,"template":"","format":"standard","meta":{"footnotes":""},"categories":[10890,10926,10951,11046,10898,10948,10894,10947,10909,10896],"tags":[11097,11216,11928,11080,12039],"class_list":["post-160563","post","type-post","status-publish","format-standard","has-post-thumbnail","category-ademus","category-ademus-ca","category-ayora-cofrentes-ca","category-los-serranos-ca","category-ventana-ca","category-infraestructuras-ca","category-la-comarca-ca","category-politica","category-requena-utiel-ca","category-seccion-ca","tag-ademuz-ca","tag-ayora-cofrentes-ca","tag-la-serrania-ca","tag-los-serranos-ca","tag-rincon-de-ademuz-ca"],"_links":{"self":[{"href":"https:\/\/tucomarca.whitekongsoftware.com\/ca\/wp-json\/wp\/v2\/posts\/160563","targetHints":{"allow":["GET"]}}],"collection":[{"href":"https:\/\/tucomarca.whitekongsoftware.com\/ca\/wp-json\/wp\/v2\/posts"}],"about":[{"href":"https:\/\/tucomarca.whitekongsoftware.com\/ca\/wp-json\/wp\/v2\/types\/post"}],"author":[{"embeddable":true,"href":"https:\/\/tucomarca.whitekongsoftware.com\/ca\/wp-json\/wp\/v2\/users\/1"}],"replies":[{"embeddable":true,"href":"https:\/\/tucomarca.whitekongsoftware.com\/ca\/wp-json\/wp\/v2\/comments?post=160563"}],"version-history":[{"count":0,"href":"https:\/\/tucomarca.whitekongsoftware.com\/ca\/wp-json\/wp\/v2\/posts\/160563\/revisions"}],"wp:featuredmedia":[{"embeddable":true,"href":"https:\/\/tucomarca.whitekongsoftware.com\/ca\/wp-json\/wp\/v2\/media\/160561"}],"wp:attachment":[{"href":"https:\/\/tucomarca.whitekongsoftware.com\/ca\/wp-json\/wp\/v2\/media?parent=160563"}],"wp:term":[{"taxonomy":"category","embeddable":true,"href":"https:\/\/tucomarca.whitekongsoftware.com\/ca\/wp-json\/wp\/v2\/categories?post=160563"},{"taxonomy":"post_tag","embeddable":true,"href":"https:\/\/tucomarca.whitekongsoftware.com\/ca\/wp-json\/wp\/v2\/tags?post=160563"}],"curies":[{"name":"wp","href":"https:\/\/api.w.org\/{rel}","templated":true}]}}