{"id":160542,"date":"2022-06-30T10:00:00","date_gmt":"2022-06-30T08:00:00","guid":{"rendered":"http:\/\/www.tucomarca.com\/wordpress\/segunda\/?p=160542"},"modified":"2022-06-30T12:15:10","modified_gmt":"2022-06-30T10:15:10","slug":"bunyol-obre-el-termini-per-a-presentar-llistes-de-persones-que-vulguen-participar-a-dalt-dels-camions-en-la-festa-de-la-tomatina","status":"publish","type":"post","link":"https:\/\/tucomarca.whitekongsoftware.com\/ca\/bunyol-obre-el-termini-per-a-presentar-llistes-de-persones-que-vulguen-participar-a-dalt-dels-camions-en-la-festa-de-la-tomatina\/","title":{"rendered":"Bunyol obre el termini per a presentar llistes de persones que vulguen participar a dalt dels camions en la festa de la Tomatina"},"content":{"rendered":"\n<p class=\"wp-block-paragraph\">Mar\u00eda Vall\u00e9s, regidora de Turisme i Tomatina de l&#8217;Ajuntament de Bunyol, ha informat que des d&#8217;ahir tenen en la web del Consistori, bu\u00f1ol.es, en la secci\u00f3 Coneix Bunyol \u2013 La Tomatina, o en el Facebook de la Regidoria de Turisme (Tourist Info Bunyol) tota la documentaci\u00f3 necess\u00e0ria amb la normativa general i l&#8217;espec\u00edfica per als col\u00b7laboradors a dalt i davall dels camions de la pr\u00f2xima festa de la Tomatina, que se celebrar\u00e0 el 31 d&#8217;agost. L&#8217;enlla\u00e7 on poden veure tota la documentaci\u00f3 sobre aquest tema \u00e9s: <a href=\"https:\/\/www.xn--buol-hqa.es\/pagina\/la-tomatina-0\">https:\/\/www.xn--buol-hqa.es\/pagina\/la-tomatina-0<\/a><\/p>\n\n\n\n<p class=\"wp-block-paragraph\">Fins a un per\u00edode m\u00e0xim de 15 dies els interessats a crear una llista de fins de 10 persones han de presentar per registre d&#8217;entrada o a trav\u00e9s de la seu electr\u00f2nica de l&#8217;Ajuntament la sol\u00b7licitud amb les dades personals de la persona responsable i de tots els membres de la llista. El sorteig de les llistes que podran accedir al cami\u00f3 es far\u00e0 el 28 de juliol al parc de Sant Llu\u00eds a les 19.30h.&nbsp;<\/p>\n\n\n\n<p class=\"wp-block-paragraph\">Per a aquelles persones que vulguen col\u00b7laborar en la Tomatina davant d&#8217;un cami\u00f3 i no l&#8217;hagen fet en 2019 hauran de sol\u00b7licitar-lo mitjan\u00e7ant l&#8217;impr\u00e9s corresponent que ja est\u00e0 disponible a l&#8217;Ajuntament de Bunyol, en el seu web o en el Facebook de la Regidoria de Turisme (Tourist Info Bunyol). Aqueix impr\u00e9s completament emplenat haur\u00e0 d&#8217;entregar-se per registre d&#8217;entrada o per seu electr\u00f2nica el document emplenat.&nbsp;<\/p>\n\n\n\n<p class=\"wp-block-paragraph\">Per a poder optar a dalt del cami\u00f3 la normativa sobre aquest tema diu que les places seran nominatives i intransferibles. Les condicions per a participar s\u00f3n: ser major d&#8217;edat en la data en la qual se celebre La Tomatina; no estar inscrit en dues llistes diferents alhora; no estar inscrit per a col\u00b7laborar a baix del cami\u00f3; no haver sigut part\u00edcip a dalt del cami\u00f3 les dues edicions anteriors; i estar empadronat o haver nascut a Bunyol (demostrable).<\/p>\n\n\n\n<p class=\"wp-block-paragraph\">L&#8217;edil del ram tamb\u00e9 aclareix que en aquesta edici\u00f3, i que ja van estar a baix del cami\u00f3 en l&#8217;edici\u00f3 de 2019, podran optar a dalt del cami\u00f3 en La Tomatina de 2023, per\u00f2 si per primera vegada opta a estar a baix del cami\u00f3, i tamb\u00e9 el fa en 2023, no ser\u00e0 premiat amb la pujada al cami\u00f3 en l&#8217;edici\u00f3 de 2024. \u201cAmb aquesta mesura pretenem que hi haja places lliures suficients a dalt perqu\u00e8 tots puguen optar a viure l&#8217;experi\u00e8ncia, i que tots els llits ja siguen m\u00e9s \u00e0gils a l&#8217;hora de configurar les llistes\u201d, va ressenyar Vall\u00e9s.<\/p>\n\n\n\n<p class=\"wp-block-paragraph\"><\/p>\n","protected":false},"excerpt":{"rendered":"<div class=\"mh-excerpt\">Mar\u00eda Vall\u00e9s, regidora de Turisme i Tomatina de l&#8217;Ajuntament de Bunyol, ha informat que des d&#8217;ahir tenen en la web del Consistori, bu\u00f1ol.es, en la secci\u00f3 Coneix Bunyol \u2013 La Tomatina, o en el Facebook <a class=\"mh-excerpt-more\" href=\"https:\/\/tucomarca.whitekongsoftware.com\/ca\/bunyol-obre-el-termini-per-a-presentar-llistes-de-persones-que-vulguen-participar-a-dalt-dels-camions-en-la-festa-de-la-tomatina\/\" title=\"Bunyol obre el termini per a presentar llistes de persones que vulguen participar a dalt dels camions en la festa de la Tomatina\">[+] <\/a><\/div>\n","protected":false},"author":12,"featured_media":160557,"comment_status":"open","ping_status":"open","sticky":false,"template":"","format":"standard","meta":{"footnotes":""},"categories":[10911,10894,10912,11007,10896],"tags":[10913,17464,10914,16871],"class_list":["post-160542","post","type-post","status-publish","format-standard","has-post-thumbnail","category-bunol-ca","category-la-comarca-ca","category-la-hoya-ca","category-ocio-y-cultura-ca","category-seccion-ca","tag-bunol-ca","tag-camiones-de-la-tomatina-ca","tag-la-hoya-de-bunol-chiva-ca","tag-la-tomatina-2022-ca"],"_links":{"self":[{"href":"https:\/\/tucomarca.whitekongsoftware.com\/ca\/wp-json\/wp\/v2\/posts\/160542","targetHints":{"allow":["GET"]}}],"collection":[{"href":"https:\/\/tucomarca.whitekongsoftware.com\/ca\/wp-json\/wp\/v2\/posts"}],"about":[{"href":"https:\/\/tucomarca.whitekongsoftware.com\/ca\/wp-json\/wp\/v2\/types\/post"}],"author":[{"embeddable":true,"href":"https:\/\/tucomarca.whitekongsoftware.com\/ca\/wp-json\/wp\/v2\/users\/12"}],"replies":[{"embeddable":true,"href":"https:\/\/tucomarca.whitekongsoftware.com\/ca\/wp-json\/wp\/v2\/comments?post=160542"}],"version-history":[{"count":0,"href":"https:\/\/tucomarca.whitekongsoftware.com\/ca\/wp-json\/wp\/v2\/posts\/160542\/revisions"}],"wp:featuredmedia":[{"embeddable":true,"href":"https:\/\/tucomarca.whitekongsoftware.com\/ca\/wp-json\/wp\/v2\/media\/160557"}],"wp:attachment":[{"href":"https:\/\/tucomarca.whitekongsoftware.com\/ca\/wp-json\/wp\/v2\/media?parent=160542"}],"wp:term":[{"taxonomy":"category","embeddable":true,"href":"https:\/\/tucomarca.whitekongsoftware.com\/ca\/wp-json\/wp\/v2\/categories?post=160542"},{"taxonomy":"post_tag","embeddable":true,"href":"https:\/\/tucomarca.whitekongsoftware.com\/ca\/wp-json\/wp\/v2\/tags?post=160542"}],"curies":[{"name":"wp","href":"https:\/\/api.w.org\/{rel}","templated":true}]}}