{"id":160362,"date":"2022-06-27T17:10:00","date_gmt":"2022-06-27T15:10:00","guid":{"rendered":"http:\/\/www.tucomarca.com\/wordpress\/segunda\/?p=160362"},"modified":"2022-06-28T13:52:24","modified_gmt":"2022-06-28T11:52:24","slug":"lesdeveniment-celebrant-el-solstici-gaudint-la-vida-rep-a-desenes-de-participants-en-la-seua-primera-edicio","status":"publish","type":"post","link":"https:\/\/tucomarca.whitekongsoftware.com\/ca\/lesdeveniment-celebrant-el-solstici-gaudint-la-vida-rep-a-desenes-de-participants-en-la-seua-primera-edicio\/","title":{"rendered":"L&#8217;esdeveniment \u201cCelebrant el solstici, gaudint la vida\u201d rep a desenes de participants en la seua primera edici\u00f3"},"content":{"rendered":"\n<p class=\"wp-block-paragraph\">Dissabte passat, 25 de juny, el Parc de la Lomiquia va acollir un esdeveniment de benvinguda a l&#8217;estiu sota el t\u00edtol \u201cCelebrant el Solstici, gaudint la vida\u201d, organitzat des de la regidoria de Medi Ambient. Des de les 10.00 a les 00.00 es van succeir diferents activitats, entre les quals es van incloure tastos, pon\u00e8ncies, classes de ioga, tallers i actuacions de m\u00fasica en directe. A m\u00e9s, es van instal\u00b7lar posats amb propostes de ter\u00e0pies alternatives i productes ecol\u00f2gics i artesanals, i un lloc de menjar veg\u00e0.&nbsp;<br>\u201cL&#8217;objectiu era organitzar un esdeveniment creatiu i nou, que al seu torn se centrara en la conscienciaci\u00f3 i sensibilitzaci\u00f3 ambiental\u201d, explicava el regidor de Medi Ambient, David Pujals. \u201cSens dubte, destaque l&#8217;\u00e8xit de participaci\u00f3, el bon ambient que hi ha hagut i la connexi\u00f3 amb la naturalesa, en harmonia amb la m\u00fasica en directe a c\u00e0rrec del trio d&#8217;entenimentades Almaro, de Daniel Ib\u00e1\u00f1ez i Vicente P\u00e9rez, i del primer encreuament. A m\u00e9s, agra\u00efsc a Daniel Escribano que ens presentara els seus nous temes, tan reivindicatius i necessaris per a crear consci\u00e8ncia. Finalment, vull agrair la seua participaci\u00f3 a les empreses i associacions i als m\u00fasics i les m\u00fasiques; i el seu esfor\u00e7 als t\u00e8cnics i t\u00e8cniques de so i al personal de l&#8217;Ajuntament\u201d.<\/p>\n\n\n\n<p class=\"wp-block-paragraph\"><strong>Un complet programa amb activitats per a tots els p\u00fablics<\/strong><\/p>\n\n\n\n<p class=\"wp-block-paragraph\">Al llarg de la jornada, des de l&#8217;Associaci\u00f3 Altruista de Reiki de Bunyol es van impartir massatges; l&#8217;Escola Tantien va impartir classes de Taitx\u00ed i QiYong; i es van dur a terme les xarrades i pon\u00e8ncies de la companyia Hidrolux; aix\u00ed com una sessi\u00f3 de Mindfulness, tallers de cervesa i de cuina.<br>A la vesprada, a partir de les 19.00, la Lomiquia va tornar a acollir a visitants de totes les edats que van participar en les activitats programades. L&#8217;Escola Kamari va impartir una classe de Kundalini Ioga en la zona de l&#8217;entrada del parc i, a partir d&#8217;aquesta hora, van comen\u00e7ar els concerts en directe i es van succeir xarrades, tallers i tastos de cerveses i xocolates.<\/p>\n\n\n\n<figure class=\"wp-block-gallery columns-2 is-cropped wp-block-gallery-1 is-layout-flex wp-block-gallery-is-layout-flex\"><ul class=\"blocks-gallery-grid\"><li class=\"blocks-gallery-item\"><figure><img loading=\"lazy\" decoding=\"async\" width=\"1024\" height=\"682\" src=\"http:\/\/www.tucomarca.com\/wordpress\/segunda\/wp-content\/uploads\/2022\/06\/Cheste_Solsticio_3-1024x682.jpg\" alt=\"\" data-id=\"160350\" data-full-url=\"http:\/\/www.tucomarca.com\/wordpress\/segunda\/wp-content\/uploads\/2022\/06\/Cheste_Solsticio_3.jpg\" data-link=\"http:\/\/www.tucomarca.com\/wordpress\/segunda\/?attachment_id=160350\" class=\"wp-image-160350\" srcset=\"https:\/\/tucomarca.whitekongsoftware.com\/wp-content\/uploads\/2022\/06\/Cheste_Solsticio_3-1024x682.jpg 1024w, https:\/\/tucomarca.whitekongsoftware.com\/wp-content\/uploads\/2022\/06\/Cheste_Solsticio_3-300x200.jpg 300w, https:\/\/tucomarca.whitekongsoftware.com\/wp-content\/uploads\/2022\/06\/Cheste_Solsticio_3-768x512.jpg 768w, https:\/\/tucomarca.whitekongsoftware.com\/wp-content\/uploads\/2022\/06\/Cheste_Solsticio_3.jpg 1181w\" sizes=\"auto, (max-width: 1024px) 100vw, 1024px\" \/><\/figure><\/li><li class=\"blocks-gallery-item\"><figure><img loading=\"lazy\" decoding=\"async\" width=\"1024\" height=\"682\" src=\"http:\/\/www.tucomarca.com\/wordpress\/segunda\/wp-content\/uploads\/2022\/06\/Cheste_Solsticio_4-1024x682.jpg\" alt=\"\" data-id=\"160352\" data-full-url=\"http:\/\/www.tucomarca.com\/wordpress\/segunda\/wp-content\/uploads\/2022\/06\/Cheste_Solsticio_4.jpg\" data-link=\"http:\/\/www.tucomarca.com\/wordpress\/segunda\/?attachment_id=160352\" class=\"wp-image-160352\" srcset=\"https:\/\/tucomarca.whitekongsoftware.com\/wp-content\/uploads\/2022\/06\/Cheste_Solsticio_4-1024x682.jpg 1024w, https:\/\/tucomarca.whitekongsoftware.com\/wp-content\/uploads\/2022\/06\/Cheste_Solsticio_4-300x200.jpg 300w, https:\/\/tucomarca.whitekongsoftware.com\/wp-content\/uploads\/2022\/06\/Cheste_Solsticio_4-768x512.jpg 768w, https:\/\/tucomarca.whitekongsoftware.com\/wp-content\/uploads\/2022\/06\/Cheste_Solsticio_4.jpg 1181w\" sizes=\"auto, (max-width: 1024px) 100vw, 1024px\" \/><\/figure><\/li><li class=\"blocks-gallery-item\"><figure><img loading=\"lazy\" decoding=\"async\" width=\"1024\" height=\"682\" src=\"http:\/\/www.tucomarca.com\/wordpress\/segunda\/wp-content\/uploads\/2022\/06\/Cheste_Solsticio_2-1024x682.jpg\" alt=\"\" data-id=\"160348\" data-full-url=\"http:\/\/www.tucomarca.com\/wordpress\/segunda\/wp-content\/uploads\/2022\/06\/Cheste_Solsticio_2.jpg\" data-link=\"http:\/\/www.tucomarca.com\/wordpress\/segunda\/?attachment_id=160348\" class=\"wp-image-160348\" srcset=\"https:\/\/tucomarca.whitekongsoftware.com\/wp-content\/uploads\/2022\/06\/Cheste_Solsticio_2-1024x682.jpg 1024w, https:\/\/tucomarca.whitekongsoftware.com\/wp-content\/uploads\/2022\/06\/Cheste_Solsticio_2-300x200.jpg 300w, https:\/\/tucomarca.whitekongsoftware.com\/wp-content\/uploads\/2022\/06\/Cheste_Solsticio_2-768x512.jpg 768w, https:\/\/tucomarca.whitekongsoftware.com\/wp-content\/uploads\/2022\/06\/Cheste_Solsticio_2.jpg 1181w\" sizes=\"auto, (max-width: 1024px) 100vw, 1024px\" \/><\/figure><\/li><li class=\"blocks-gallery-item\"><figure><img loading=\"lazy\" decoding=\"async\" width=\"1024\" height=\"682\" src=\"http:\/\/www.tucomarca.com\/wordpress\/segunda\/wp-content\/uploads\/2022\/06\/Cheste_Solsticio_5-1024x682.jpg\" alt=\"\" data-id=\"160354\" data-full-url=\"http:\/\/www.tucomarca.com\/wordpress\/segunda\/wp-content\/uploads\/2022\/06\/Cheste_Solsticio_5.jpg\" data-link=\"http:\/\/www.tucomarca.com\/wordpress\/segunda\/?attachment_id=160354\" class=\"wp-image-160354\" srcset=\"https:\/\/tucomarca.whitekongsoftware.com\/wp-content\/uploads\/2022\/06\/Cheste_Solsticio_5-1024x682.jpg 1024w, https:\/\/tucomarca.whitekongsoftware.com\/wp-content\/uploads\/2022\/06\/Cheste_Solsticio_5-300x200.jpg 300w, https:\/\/tucomarca.whitekongsoftware.com\/wp-content\/uploads\/2022\/06\/Cheste_Solsticio_5-768x512.jpg 768w, https:\/\/tucomarca.whitekongsoftware.com\/wp-content\/uploads\/2022\/06\/Cheste_Solsticio_5.jpg 1181w\" sizes=\"auto, (max-width: 1024px) 100vw, 1024px\" \/><\/figure><\/li><\/ul><\/figure>\n","protected":false},"excerpt":{"rendered":"<div class=\"mh-excerpt\">Dissabte passat, 25 de juny, el Parc de la Lomiquia va acollir un esdeveniment de benvinguda a l&#8217;estiu sota el t\u00edtol \u201cCelebrant el Solstici, gaudint la vida\u201d, organitzat des de la regidoria de Medi Ambient. <a class=\"mh-excerpt-more\" href=\"https:\/\/tucomarca.whitekongsoftware.com\/ca\/lesdeveniment-celebrant-el-solstici-gaudint-la-vida-rep-a-desenes-de-participants-en-la-seua-primera-edicio\/\" title=\"L&#8217;esdeveniment \u201cCelebrant el solstici, gaudint la vida\u201d rep a desenes de participants en la seua primera edici\u00f3\">[+] <\/a><\/div>\n","protected":false},"author":12,"featured_media":160347,"comment_status":"open","ping_status":"open","sticky":false,"template":"","format":"gallery","meta":{"footnotes":""},"categories":[10894,10912,11007,10896,10974],"tags":[17453,11071,10914],"class_list":["post-160362","post","type-post","status-publish","format-gallery","has-post-thumbnail","category-la-comarca-ca","category-la-hoya-ca","category-ocio-y-cultura-ca","category-seccion-ca","category-cheste-ca","tag-celebrando-el-solsticio-ca","tag-cheste","tag-la-hoya-de-bunol-chiva-ca","post_format-post-format-gallery"],"_links":{"self":[{"href":"https:\/\/tucomarca.whitekongsoftware.com\/ca\/wp-json\/wp\/v2\/posts\/160362","targetHints":{"allow":["GET"]}}],"collection":[{"href":"https:\/\/tucomarca.whitekongsoftware.com\/ca\/wp-json\/wp\/v2\/posts"}],"about":[{"href":"https:\/\/tucomarca.whitekongsoftware.com\/ca\/wp-json\/wp\/v2\/types\/post"}],"author":[{"embeddable":true,"href":"https:\/\/tucomarca.whitekongsoftware.com\/ca\/wp-json\/wp\/v2\/users\/12"}],"replies":[{"embeddable":true,"href":"https:\/\/tucomarca.whitekongsoftware.com\/ca\/wp-json\/wp\/v2\/comments?post=160362"}],"version-history":[{"count":0,"href":"https:\/\/tucomarca.whitekongsoftware.com\/ca\/wp-json\/wp\/v2\/posts\/160362\/revisions"}],"wp:featuredmedia":[{"embeddable":true,"href":"https:\/\/tucomarca.whitekongsoftware.com\/ca\/wp-json\/wp\/v2\/media\/160347"}],"wp:attachment":[{"href":"https:\/\/tucomarca.whitekongsoftware.com\/ca\/wp-json\/wp\/v2\/media?parent=160362"}],"wp:term":[{"taxonomy":"category","embeddable":true,"href":"https:\/\/tucomarca.whitekongsoftware.com\/ca\/wp-json\/wp\/v2\/categories?post=160362"},{"taxonomy":"post_tag","embeddable":true,"href":"https:\/\/tucomarca.whitekongsoftware.com\/ca\/wp-json\/wp\/v2\/tags?post=160362"}],"curies":[{"name":"wp","href":"https:\/\/api.w.org\/{rel}","templated":true}]}}