{"id":160090,"date":"2022-06-23T08:55:00","date_gmt":"2022-06-23T06:55:00","guid":{"rendered":"http:\/\/www.tucomarca.com\/wordpress\/segunda\/?p=160090"},"modified":"2022-06-23T10:26:46","modified_gmt":"2022-06-23T08:26:46","slug":"ava-asaja-reclama-al-govern-mesures-urgents-que-compensen-la-pujada-del-30-dels-costos","status":"publish","type":"post","link":"https:\/\/tucomarca.whitekongsoftware.com\/ca\/ava-asaja-reclama-al-govern-mesures-urgents-que-compensen-la-pujada-del-30-dels-costos\/","title":{"rendered":"AVA-Asaja reclama al Govern mesures urgents que compensen la pujada del 30% dels costos"},"content":{"rendered":"\n<p class=\"wp-block-paragraph\">L&#8217;Associaci\u00f3 Valenciana d&#8217;Agricultors (AVA-ASAJA) se suma a la seua organitzaci\u00f3 nacional ASAJA per a reclamar al Govern la posada en marxa de mesures fiscals urgents que alleugen els increments dels costos de producci\u00f3, els quals resulten inviables i posen contra les cordes la rendibilitat de la majoria de produccions agropecu\u00e0ries.<br>Segons reconeix el Ministeri d&#8217;Agricultura en el seu \u00faltim informe \u2018\u00cdndexs de preus pagats pels agricultors\u2019, els costos de producci\u00f3 s&#8217;han disparat un 29,42% en un any, incrementant en cinc punts la pujada interanual registrada en el mes anterior. Els inputs que m\u00e9s s&#8217;han encarit s\u00f3n: l&#8217;energia (+86%, tant l&#8217;electricitat (+161%) com els carburants (+44%), matisant que l&#8217;estudi no comptabilitza el cost del gasoil agr\u00edcola situat en m\u00e0xims hist\u00f2rics de 1,4 euros per litre), els fertilitzants (+86%, sent els nitrogenats els que m\u00e9s pugen amb +146%), els pinsos per a alimentaci\u00f3 animal (+23%, amb els pinsos per a porc\u00ed al capdavant amb +26,6%) i els productes fitosanitaris (+18%).<br>El Ministeri d&#8217;Agricultura, en la seua un altre informe \u2018\u00cdndexs de preus percebuts agraris\u2019, admet que la gran majoria d&#8217;agricultors i ramaders no han pogut repercutir aqueixa escalada hist\u00f2rica dels costos de producci\u00f3 en les cotitzacions que han rebut en l&#8217;\u00faltim any, perqu\u00e8 l&#8217;evoluci\u00f3 general dels preus tan sols s&#8217;ha elevat un 18%, pr\u00e0cticament la meitat de l&#8217;augment de les despeses. Fins i tot en el cas dels c\u00edtrics, el cultiu majoritari en la Comunitat Valenciana, el Ministeri conclou que \u00e9s l&#8217;\u00fanic producte agrari que ha experimentat una baixada dels preus a peu de camp (-28,5% de mitjana). Informa, <strong>Luis Ib\u00e1\u00f1ez.<\/strong><\/p>\n\n\n\n<p class=\"wp-block-paragraph\"><\/p>\n","protected":false},"excerpt":{"rendered":"<div class=\"mh-excerpt\">L&#8217;Associaci\u00f3 Valenciana d&#8217;Agricultors (AVA-ASAJA) se suma a la seua organitzaci\u00f3 nacional ASAJA per a reclamar al Govern la posada en marxa de mesures fiscals urgents que alleugen els increments dels costos de producci\u00f3, els quals <a class=\"mh-excerpt-more\" href=\"https:\/\/tucomarca.whitekongsoftware.com\/ca\/ava-asaja-reclama-al-govern-mesures-urgents-que-compensen-la-pujada-del-30-dels-costos\/\" title=\"AVA-Asaja reclama al Govern mesures urgents que compensen la pujada del 30% dels costos\">[+] <\/a><\/div>\n","protected":false},"author":12,"featured_media":122656,"comment_status":"open","ping_status":"open","sticky":false,"template":"","format":"standard","meta":{"footnotes":""},"categories":[10905,10951,11046,10948,10894,10904,10947,10896],"tags":[11924,12856],"class_list":["post-160090","post","type-post","status-publish","format-standard","has-post-thumbnail","category-agricultura-la-comarca-ca","category-ayora-cofrentes-ca","category-los-serranos-ca","category-infraestructuras-ca","category-la-comarca-ca","category-sin-categorizar-ca","category-politica","category-seccion-ca","tag-ava-asaja-ca","tag-conselleria-de-agricultura-ca"],"_links":{"self":[{"href":"https:\/\/tucomarca.whitekongsoftware.com\/ca\/wp-json\/wp\/v2\/posts\/160090","targetHints":{"allow":["GET"]}}],"collection":[{"href":"https:\/\/tucomarca.whitekongsoftware.com\/ca\/wp-json\/wp\/v2\/posts"}],"about":[{"href":"https:\/\/tucomarca.whitekongsoftware.com\/ca\/wp-json\/wp\/v2\/types\/post"}],"author":[{"embeddable":true,"href":"https:\/\/tucomarca.whitekongsoftware.com\/ca\/wp-json\/wp\/v2\/users\/12"}],"replies":[{"embeddable":true,"href":"https:\/\/tucomarca.whitekongsoftware.com\/ca\/wp-json\/wp\/v2\/comments?post=160090"}],"version-history":[{"count":0,"href":"https:\/\/tucomarca.whitekongsoftware.com\/ca\/wp-json\/wp\/v2\/posts\/160090\/revisions"}],"wp:featuredmedia":[{"embeddable":true,"href":"https:\/\/tucomarca.whitekongsoftware.com\/ca\/wp-json\/wp\/v2\/media\/122656"}],"wp:attachment":[{"href":"https:\/\/tucomarca.whitekongsoftware.com\/ca\/wp-json\/wp\/v2\/media?parent=160090"}],"wp:term":[{"taxonomy":"category","embeddable":true,"href":"https:\/\/tucomarca.whitekongsoftware.com\/ca\/wp-json\/wp\/v2\/categories?post=160090"},{"taxonomy":"post_tag","embeddable":true,"href":"https:\/\/tucomarca.whitekongsoftware.com\/ca\/wp-json\/wp\/v2\/tags?post=160090"}],"curies":[{"name":"wp","href":"https:\/\/api.w.org\/{rel}","templated":true}]}}