{"id":160031,"date":"2022-06-20T11:00:00","date_gmt":"2022-06-20T09:00:00","guid":{"rendered":"http:\/\/www.tucomarca.com\/wordpress\/segunda\/?p=160031"},"modified":"2022-06-22T13:49:06","modified_gmt":"2022-06-22T11:49:06","slug":"lamic-fa-25-anys-i-ho-celebra-llancant-la-campanya-mitjans-de-proximitat-periodisme-dalta-fidelitat","status":"publish","type":"post","link":"https:\/\/tucomarca.whitekongsoftware.com\/ca\/lamic-fa-25-anys-i-ho-celebra-llancant-la-campanya-mitjans-de-proximitat-periodisme-dalta-fidelitat\/","title":{"rendered":"L\u2019AMIC fa 25 anys i ho celebra llan\u00e7ant la campanya \u201cMitjans de proximitat, periodisme d\u2019alta fidelitat\u201d"},"content":{"rendered":"\n<p class=\"wp-block-paragraph\">El 15 de juny comen\u00e7a la campanya a TV3, RAC1, Catalunya R\u00e0dio i als 500 mitjans associats a l\u2019AMIC amb les veus dels actors Jordi Boixaderas i S\u00edlvia Bel.<\/p>\n\n\n\n<p class=\"wp-block-paragraph\">L\u2019Associaci\u00f3 enceta el seu primer quart de segle amb 500 mitjans de proximitat associats d\u2019arreu dels territoris de parla catalana.<\/p>\n\n\n\n<p class=\"wp-block-paragraph\">L\u2019Associaci\u00f3 de Mitjans d\u2019Informaci\u00f3 i Comunicaci\u00f3 (AMIC) compleix 25 anys i es converteix en l\u2019entitat amb el col\u00b7lectiu m\u00e9s gran i divers de mitjans de proximitat als territoris de parla catalana, amb 500 cap\u00e7aleres associades entre mitjans digitals i en paper. Una fita hist\u00f2rica per a una associaci\u00f3 que va n\u00e9ixer el 1997 i que ha anat evolucionant i sabent-se adaptar als nous reptes de futur, per\u00f2 sense canviar la seva vocaci\u00f3 de servei cap als associats. I \u00e9s amb motiu del seu aniversari que l\u2019AMIC ha decidit llan\u00e7ar la campanya&nbsp;<strong>\u201cMitjans de proximitat, periodisme d\u2019alta fidelitat\u201d.<\/strong><\/p>\n\n\n\n<p class=\"wp-block-paragraph\">El president de l\u2019AMIC, Ramon Grau, explica que \u00e9s un esl\u00f2gan que defineix la missi\u00f3 i la voluntat que l\u2019Associaci\u00f3 sempre ha defensat. \u201cPerqu\u00e8 des de sempre som fidels als mitjans de proximitat professionals i de qualitat, propers a la gent i compromesos amb el bon periodisme. Aix\u00f2 \u00e9s el que ens ha portat a fer vint-i-cinc anys comptant amb la confian\u00e7a de 500 mitjans i amb la fidelitat dels lectors; els coneixem b\u00e9 i treballem per oferir-los la informaci\u00f3 m\u00e9s rigorosa de la seva comunitat. Alta fidelitat, perqu\u00e8 estimem la premsa, perqu\u00e8 estimem la gent.\u201d<\/p>\n\n\n\n<p class=\"wp-block-paragraph\">La imatge de la campanya dissenyada per l\u2019ag\u00e8ncia de publicitat Pixel i que compta amb les veus dels actors Jordi Boixaderas i S\u00edlvia Bel, se centra en&nbsp;<strong>la fidelitat, la proximitat i el comprom\u00eds amb el bon periodisme&nbsp;<\/strong>que \u00e9s el que representen els mitjans de proximitat locals i comarcals per a la seva comunitat de lectors. Per representar-ho Pixel ha creat un cor de paper de diari, per\u00f2 que alhora uneix s\u00edmbols del digital com comentaris, xarxes socials, newsletters&#8230; per tal de donar representativitat a tots dos suports, el paper i el digital. La campanya que comen\u00e7ar\u00e0 a mitjans de la setmana vinent es podr\u00e0 veure i escoltar a TV3, Catalunya R\u00e0dio i RAC 1, aix\u00ed com a les 500 cap\u00e7aleres impreses i digitals que conformen l\u2019AMIC.<\/p>\n\n\n\n<p class=\"wp-block-paragraph\">D\u2019altra banda, el pr\u00f2xim 8 de juliol l\u2019AMIC celebrar\u00e0 la seva assemblea anual aquest any a la ciutat de Sant Cugat del Vall\u00e8s, i ser\u00e0 all\u00e0 on es presentar\u00e0 la&nbsp;<strong>revista AMIC 25 anys&nbsp;<\/strong>que ha creat l\u2019Associaci\u00f3 i on s\u2019ofereix una mirada de com es troba el sector avui dia, aix\u00ed com reptes de futur i tend\u00e8ncies, i les experi\u00e8ncies dels editors i editores que conformen els mitjans de l\u2019entitat.<\/p>\n\n\n\n<p class=\"wp-block-paragraph\"><strong>L\u2019Associaci\u00f3 de Mitjans d\u2019Informaci\u00f3 i Comunicaci\u00f3<\/strong><\/p>\n\n\n\n<p class=\"wp-block-paragraph\">L\u2019AMIC representa a m\u00e9s de 500 publicacions en paper i digitals fortament arrelades arreu del nostre \u00e0mbit territorial, que conjuntament arriben a una tirada en premsa escrita en paper d\u20191.400.000 exemplars, mentre que en digital superen els 15.000.000 d\u2019usuaris \u00fanics mensuals. Els eixos sobre els quals treballa l\u2019AMIC s\u00f3n la utilitat, la representativitat i la professionalitat del col\u00b7lectiu per buscar el foment del periodisme de proximitat, all\u00f2 que necessiten les ciutadanes i ciutadans, explicat per professionals coneixedors com ning\u00fa de les inquietuds de les diverses comunitats.<\/p>\n\n\n\n<p class=\"wp-block-paragraph\">I \u00e9s que en paraules del president de l\u2019AMIC, els mitjans associats a l\u2019entitat representen \u201cun model singular amb una gran capil\u00b7laritat, una riquesa que el pa\u00eds ha de preservar. Si hi ha un col\u00b7lectiu de mitjans que des de sempre han contribu\u00eft a arrelar i a construir identitat, que han defensat la llengua i han esdevingut una eina de participaci\u00f3 i pluralitat que enforteixen la democr\u00e0cia i que s\u00f3n un filtre contra les falses not\u00edcies, s\u00f3n, en bona part, els mitjans de l\u2019AMIC.\u201d<\/p>\n","protected":false},"excerpt":{"rendered":"<div class=\"mh-excerpt\">El 15 de juny comen\u00e7a la campanya a TV3, RAC1, Catalunya R\u00e0dio i als 500 mitjans associats a l\u2019AMIC amb les veus dels actors Jordi Boixaderas i S\u00edlvia Bel. L\u2019Associaci\u00f3 enceta el seu primer quart <a class=\"mh-excerpt-more\" href=\"https:\/\/tucomarca.whitekongsoftware.com\/ca\/lamic-fa-25-anys-i-ho-celebra-llancant-la-campanya-mitjans-de-proximitat-periodisme-dalta-fidelitat\/\" title=\"L\u2019AMIC fa 25 anys i ho celebra llan\u00e7ant la campanya \u201cMitjans de proximitat, periodisme d\u2019alta fidelitat\u201d\">[+] <\/a><\/div>\n","protected":false},"author":12,"featured_media":160030,"comment_status":"open","ping_status":"open","sticky":false,"template":"","format":"standard","meta":{"footnotes":""},"categories":[10948,10894,10904,11007,10896],"tags":[16381,16260,17425,17426],"class_list":["post-160031","post","type-post","status-publish","format-standard","has-post-thumbnail","category-infraestructuras-ca","category-la-comarca-ca","category-sin-categorizar-ca","category-ocio-y-cultura-ca","category-seccion-ca","tag-amic-ca","tag-associacio-de-mitjans-dinformacio-i-comunicacio-ca","tag-mitjans-de-proximitat-ca","tag-periodisme-dalta-fidelitat-ca"],"_links":{"self":[{"href":"https:\/\/tucomarca.whitekongsoftware.com\/ca\/wp-json\/wp\/v2\/posts\/160031","targetHints":{"allow":["GET"]}}],"collection":[{"href":"https:\/\/tucomarca.whitekongsoftware.com\/ca\/wp-json\/wp\/v2\/posts"}],"about":[{"href":"https:\/\/tucomarca.whitekongsoftware.com\/ca\/wp-json\/wp\/v2\/types\/post"}],"author":[{"embeddable":true,"href":"https:\/\/tucomarca.whitekongsoftware.com\/ca\/wp-json\/wp\/v2\/users\/12"}],"replies":[{"embeddable":true,"href":"https:\/\/tucomarca.whitekongsoftware.com\/ca\/wp-json\/wp\/v2\/comments?post=160031"}],"version-history":[{"count":0,"href":"https:\/\/tucomarca.whitekongsoftware.com\/ca\/wp-json\/wp\/v2\/posts\/160031\/revisions"}],"wp:featuredmedia":[{"embeddable":true,"href":"https:\/\/tucomarca.whitekongsoftware.com\/ca\/wp-json\/wp\/v2\/media\/160030"}],"wp:attachment":[{"href":"https:\/\/tucomarca.whitekongsoftware.com\/ca\/wp-json\/wp\/v2\/media?parent=160031"}],"wp:term":[{"taxonomy":"category","embeddable":true,"href":"https:\/\/tucomarca.whitekongsoftware.com\/ca\/wp-json\/wp\/v2\/categories?post=160031"},{"taxonomy":"post_tag","embeddable":true,"href":"https:\/\/tucomarca.whitekongsoftware.com\/ca\/wp-json\/wp\/v2\/tags?post=160031"}],"curies":[{"name":"wp","href":"https:\/\/api.w.org\/{rel}","templated":true}]}}