{"id":159845,"date":"2022-06-20T14:00:00","date_gmt":"2022-06-20T12:00:00","guid":{"rendered":"http:\/\/www.tucomarca.com\/wordpress\/segunda\/?p=159845"},"modified":"2022-06-20T15:08:08","modified_gmt":"2022-06-20T13:08:08","slug":"fotogaleria-el-conservatori-sant-rafael-tanca-la-seua-participacio-en-la-biennal-de-bunyol-amb-un-gran-concert-de-la-seua-banda-al-costat-dabraham-cuperio","status":"publish","type":"post","link":"https:\/\/tucomarca.whitekongsoftware.com\/ca\/fotogaleria-el-conservatori-sant-rafael-tanca-la-seua-participacio-en-la-biennal-de-bunyol-amb-un-gran-concert-de-la-seua-banda-al-costat-dabraham-cuperio\/","title":{"rendered":"Fotogaler\u00eda: el conservatori Sant Rafael tanca la seua participaci\u00f3 en la Biennal de Bunyol amb un gran concert de la seua banda al costat d&#8217;Abraham Cuperio"},"content":{"rendered":"\n<p class=\"wp-block-paragraph\">Com a colof\u00f3 a la jornada de presentaci\u00f3 oficial de la XVI Biennal de M\u00fasica de Bunyol, s&#8217;ha gaudit en la nit d&#8217;aquest dissabte, 18 de juny, del concert de la Banda Simf\u00f2nica del Conservatori Sant Rafael a l&#8217;Auditori Municipal de Sant Llu\u00eds que, amb la presentaci\u00f3 de l&#8217;obra \u201cPangea\u201d sota la direcci\u00f3 d&#8217;Eduardo Carrascosa Carrascosa i amb la participaci\u00f3 del seu autor, l&#8217;instrumentista Abraham Cupeiro, va captivar al p\u00fablic assistent amb la seua versatilitat a l&#8217;hora d&#8217;interpretar parts de la pe\u00e7a musical amb diversos instruments d&#8217;altres cultures.<\/p>\n\n\n\n<p class=\"wp-block-paragraph\">Despr\u00e9s de les paraules de la regidora de Cultura, Mireia Parla, es va procedir a l&#8217;acte de graduaci\u00f3 de 6\u00b0 de EPM, promoci\u00f3 2016-2022, aix\u00ed com al lliurament dels Premis Professionals de M\u00fasica de 2021 del Conservatori Professional de M\u00fasica Sant Rafael, entregats per l&#8217;alcaldessa, Jonquera Carrascosa, i pel director del conservatori de Bunyol, Bernat Fabra.<\/p>\n\n\n\n<p class=\"wp-block-paragraph\">&#8220;<strong>Pangea<\/strong>&#8220;<\/p>\n\n\n\n<p class=\"wp-block-paragraph\">Abraham Cupeiro. Arranjaments d&#8217;Adri\u00e1n Saavedra \/ Mar\u00eda Ruiz \/ Carlos V\u00e1zquez. Instruments \u00e8tnics: Abraham Cupeiro<br>Director: Eduardo Carrascosa Carrascosa<\/p>\n\n\n\n<p class=\"wp-block-paragraph\">Oceania<br>la Xina<br>Am\u00e8rica<br>\u00c0frica<br>Nord de Africa<br>Arm\u00e8nia<br>Bulg\u00e0ria<br>Costa Atl\u00e0ntica<br>Lament<\/p>\n\n\n\n<p class=\"wp-block-paragraph\">En 1910 el meteor\u00f2leg alemany Alfred Wegener, es<br>va adonar en examinar un atles que les siluetes dels continents<br>semblaven casar les unes amb les altres; va ser a partir d&#8217;aquesta observaci\u00f3 tanque amb clau<br>va comen\u00e7ar a recaptar dades que despr\u00e9s va plasmar en el seu llibre&#8221; L&#8217;Origen de<br>els continents i dels oceans&#8221;<br>En ell, sostenia que fa uns 300 milions d&#8217;anys el<br>m\u00f3n estava format per un nom\u00e9s continent, Pangea, que en<br>grec significa &#8220;tota la terra&#8221;.<br>Per a la biologia aquesta teoria explica el parentiu entre<br>esp\u00e8cies de continents separats per oceans. Per a la geologia<br>justifica la pres\u00e8ncia de formats geol\u00f2gics similars en continents<br>diferents.<br>La terra \u00e9s l&#8217;element en el qual habitem els humans,<br>per\u00f2 potser s\u00f3n els oceans els que marquen el clima, a vegades la<br>orografia, i tamb\u00e9 el car\u00e0cter de les seues gents.<br>Amb aquesta obra volem unir de manera metaf\u00f2rica la terra<br>a trav\u00e9s de la m\u00fasica, perqu\u00e8 \u00e9s una necessitat vital que ens unim<br>per a frenar la destrucci\u00f3 del nostre planeta.<br>Aquesta nova uni\u00f3, no seria possible sense un tercer element:<br>l&#8217;aire. Si ell el so dels instruments no podria navegar per el<br>espai per a arribar a les nostres o\u00efdes.<br>A aquests instruments, se&#8217;ls uneixen altres m\u00e9s humils que<br>evoquen cultures i paisatges als quals us volem transportar.<br>Que sone la m\u00fasica des del m\u00e9s profund de la terra, des del<br>m\u00e9s profund \u2026 dels oceans!<\/p>\n\n\n\n<figure class=\"wp-block-gallery columns-2 is-cropped wp-block-gallery-1 is-layout-flex wp-block-gallery-is-layout-flex\"><ul class=\"blocks-gallery-grid\"><li class=\"blocks-gallery-item\"><figure><img loading=\"lazy\" decoding=\"async\" width=\"1024\" height=\"682\" src=\"http:\/\/www.tucomarca.com\/wordpress\/segunda\/wp-content\/uploads\/2022\/06\/Conservatorio_ACupeiro01-1024x682.jpg\" alt=\"\" data-id=\"159809\" data-full-url=\"http:\/\/www.tucomarca.com\/wordpress\/segunda\/wp-content\/uploads\/2022\/06\/Conservatorio_ACupeiro01.jpg\" data-link=\"http:\/\/www.tucomarca.com\/wordpress\/segunda\/?attachment_id=159809\" class=\"wp-image-159809\" srcset=\"https:\/\/tucomarca.whitekongsoftware.com\/wp-content\/uploads\/2022\/06\/Conservatorio_ACupeiro01-1024x682.jpg 1024w, https:\/\/tucomarca.whitekongsoftware.com\/wp-content\/uploads\/2022\/06\/Conservatorio_ACupeiro01-300x200.jpg 300w, https:\/\/tucomarca.whitekongsoftware.com\/wp-content\/uploads\/2022\/06\/Conservatorio_ACupeiro01-768x512.jpg 768w, https:\/\/tucomarca.whitekongsoftware.com\/wp-content\/uploads\/2022\/06\/Conservatorio_ACupeiro01.jpg 1181w\" sizes=\"auto, (max-width: 1024px) 100vw, 1024px\" \/><\/figure><\/li><li class=\"blocks-gallery-item\"><figure><img loading=\"lazy\" decoding=\"async\" width=\"1024\" height=\"682\" src=\"http:\/\/www.tucomarca.com\/wordpress\/segunda\/wp-content\/uploads\/2022\/06\/Conservatorio_ACupeiro02-1024x682.jpg\" alt=\"\" data-id=\"159811\" data-full-url=\"http:\/\/www.tucomarca.com\/wordpress\/segunda\/wp-content\/uploads\/2022\/06\/Conservatorio_ACupeiro02.jpg\" data-link=\"http:\/\/www.tucomarca.com\/wordpress\/segunda\/?attachment_id=159811\" class=\"wp-image-159811\" srcset=\"https:\/\/tucomarca.whitekongsoftware.com\/wp-content\/uploads\/2022\/06\/Conservatorio_ACupeiro02-1024x682.jpg 1024w, https:\/\/tucomarca.whitekongsoftware.com\/wp-content\/uploads\/2022\/06\/Conservatorio_ACupeiro02-300x200.jpg 300w, https:\/\/tucomarca.whitekongsoftware.com\/wp-content\/uploads\/2022\/06\/Conservatorio_ACupeiro02-768x512.jpg 768w, https:\/\/tucomarca.whitekongsoftware.com\/wp-content\/uploads\/2022\/06\/Conservatorio_ACupeiro02.jpg 1181w\" sizes=\"auto, (max-width: 1024px) 100vw, 1024px\" \/><\/figure><\/li><li class=\"blocks-gallery-item\"><figure><img loading=\"lazy\" decoding=\"async\" width=\"1024\" height=\"682\" src=\"http:\/\/www.tucomarca.com\/wordpress\/segunda\/wp-content\/uploads\/2022\/06\/Conservatorio_ACupeiro03-1024x682.jpg\" alt=\"\" data-id=\"159813\" data-full-url=\"http:\/\/www.tucomarca.com\/wordpress\/segunda\/wp-content\/uploads\/2022\/06\/Conservatorio_ACupeiro03.jpg\" data-link=\"http:\/\/www.tucomarca.com\/wordpress\/segunda\/?attachment_id=159813\" class=\"wp-image-159813\" srcset=\"https:\/\/tucomarca.whitekongsoftware.com\/wp-content\/uploads\/2022\/06\/Conservatorio_ACupeiro03-1024x682.jpg 1024w, https:\/\/tucomarca.whitekongsoftware.com\/wp-content\/uploads\/2022\/06\/Conservatorio_ACupeiro03-300x200.jpg 300w, https:\/\/tucomarca.whitekongsoftware.com\/wp-content\/uploads\/2022\/06\/Conservatorio_ACupeiro03-768x512.jpg 768w, https:\/\/tucomarca.whitekongsoftware.com\/wp-content\/uploads\/2022\/06\/Conservatorio_ACupeiro03.jpg 1181w\" sizes=\"auto, (max-width: 1024px) 100vw, 1024px\" \/><\/figure><\/li><li class=\"blocks-gallery-item\"><figure><img loading=\"lazy\" decoding=\"async\" width=\"1024\" height=\"682\" src=\"http:\/\/www.tucomarca.com\/wordpress\/segunda\/wp-content\/uploads\/2022\/06\/Conservatorio_ACupeiro04-1024x682.jpg\" alt=\"\" data-id=\"159815\" data-full-url=\"http:\/\/www.tucomarca.com\/wordpress\/segunda\/wp-content\/uploads\/2022\/06\/Conservatorio_ACupeiro04.jpg\" data-link=\"http:\/\/www.tucomarca.com\/wordpress\/segunda\/?attachment_id=159815\" class=\"wp-image-159815\" srcset=\"https:\/\/tucomarca.whitekongsoftware.com\/wp-content\/uploads\/2022\/06\/Conservatorio_ACupeiro04-1024x682.jpg 1024w, https:\/\/tucomarca.whitekongsoftware.com\/wp-content\/uploads\/2022\/06\/Conservatorio_ACupeiro04-300x200.jpg 300w, https:\/\/tucomarca.whitekongsoftware.com\/wp-content\/uploads\/2022\/06\/Conservatorio_ACupeiro04-768x512.jpg 768w, https:\/\/tucomarca.whitekongsoftware.com\/wp-content\/uploads\/2022\/06\/Conservatorio_ACupeiro04.jpg 1181w\" sizes=\"auto, (max-width: 1024px) 100vw, 1024px\" \/><\/figure><\/li><li class=\"blocks-gallery-item\"><figure><img loading=\"lazy\" decoding=\"async\" width=\"1024\" height=\"682\" src=\"http:\/\/www.tucomarca.com\/wordpress\/segunda\/wp-content\/uploads\/2022\/06\/Conservatorio_ACupeiro05-1024x682.jpg\" alt=\"\" data-id=\"159817\" data-full-url=\"http:\/\/www.tucomarca.com\/wordpress\/segunda\/wp-content\/uploads\/2022\/06\/Conservatorio_ACupeiro05.jpg\" data-link=\"http:\/\/www.tucomarca.com\/wordpress\/segunda\/?attachment_id=159817\" class=\"wp-image-159817\" srcset=\"https:\/\/tucomarca.whitekongsoftware.com\/wp-content\/uploads\/2022\/06\/Conservatorio_ACupeiro05-1024x682.jpg 1024w, https:\/\/tucomarca.whitekongsoftware.com\/wp-content\/uploads\/2022\/06\/Conservatorio_ACupeiro05-300x200.jpg 300w, https:\/\/tucomarca.whitekongsoftware.com\/wp-content\/uploads\/2022\/06\/Conservatorio_ACupeiro05-768x512.jpg 768w, https:\/\/tucomarca.whitekongsoftware.com\/wp-content\/uploads\/2022\/06\/Conservatorio_ACupeiro05.jpg 1181w\" sizes=\"auto, (max-width: 1024px) 100vw, 1024px\" \/><\/figure><\/li><li class=\"blocks-gallery-item\"><figure><img loading=\"lazy\" decoding=\"async\" width=\"1024\" height=\"682\" src=\"http:\/\/www.tucomarca.com\/wordpress\/segunda\/wp-content\/uploads\/2022\/06\/Conservatorio_ACupeiro06-1024x682.jpg\" alt=\"\" data-id=\"159819\" data-full-url=\"http:\/\/www.tucomarca.com\/wordpress\/segunda\/wp-content\/uploads\/2022\/06\/Conservatorio_ACupeiro06.jpg\" data-link=\"http:\/\/www.tucomarca.com\/wordpress\/segunda\/?attachment_id=159819\" class=\"wp-image-159819\" srcset=\"https:\/\/tucomarca.whitekongsoftware.com\/wp-content\/uploads\/2022\/06\/Conservatorio_ACupeiro06-1024x682.jpg 1024w, https:\/\/tucomarca.whitekongsoftware.com\/wp-content\/uploads\/2022\/06\/Conservatorio_ACupeiro06-300x200.jpg 300w, https:\/\/tucomarca.whitekongsoftware.com\/wp-content\/uploads\/2022\/06\/Conservatorio_ACupeiro06-768x512.jpg 768w, https:\/\/tucomarca.whitekongsoftware.com\/wp-content\/uploads\/2022\/06\/Conservatorio_ACupeiro06.jpg 1181w\" sizes=\"auto, (max-width: 1024px) 100vw, 1024px\" \/><\/figure><\/li><li class=\"blocks-gallery-item\"><figure><img loading=\"lazy\" decoding=\"async\" width=\"1024\" height=\"682\" src=\"http:\/\/www.tucomarca.com\/wordpress\/segunda\/wp-content\/uploads\/2022\/06\/Conservatorio_ACupeiro07-1024x682.jpg\" alt=\"\" data-id=\"159821\" data-full-url=\"http:\/\/www.tucomarca.com\/wordpress\/segunda\/wp-content\/uploads\/2022\/06\/Conservatorio_ACupeiro07.jpg\" data-link=\"http:\/\/www.tucomarca.com\/wordpress\/segunda\/?attachment_id=159821\" class=\"wp-image-159821\" srcset=\"https:\/\/tucomarca.whitekongsoftware.com\/wp-content\/uploads\/2022\/06\/Conservatorio_ACupeiro07-1024x682.jpg 1024w, https:\/\/tucomarca.whitekongsoftware.com\/wp-content\/uploads\/2022\/06\/Conservatorio_ACupeiro07-300x200.jpg 300w, https:\/\/tucomarca.whitekongsoftware.com\/wp-content\/uploads\/2022\/06\/Conservatorio_ACupeiro07-768x512.jpg 768w, https:\/\/tucomarca.whitekongsoftware.com\/wp-content\/uploads\/2022\/06\/Conservatorio_ACupeiro07.jpg 1181w\" sizes=\"auto, (max-width: 1024px) 100vw, 1024px\" \/><\/figure><\/li><li class=\"blocks-gallery-item\"><figure><img loading=\"lazy\" decoding=\"async\" width=\"1024\" height=\"682\" src=\"http:\/\/www.tucomarca.com\/wordpress\/segunda\/wp-content\/uploads\/2022\/06\/Conservatorio_ACupeiro08-1024x682.jpg\" alt=\"\" data-id=\"159823\" data-full-url=\"http:\/\/www.tucomarca.com\/wordpress\/segunda\/wp-content\/uploads\/2022\/06\/Conservatorio_ACupeiro08.jpg\" data-link=\"http:\/\/www.tucomarca.com\/wordpress\/segunda\/?attachment_id=159823\" class=\"wp-image-159823\" srcset=\"https:\/\/tucomarca.whitekongsoftware.com\/wp-content\/uploads\/2022\/06\/Conservatorio_ACupeiro08-1024x682.jpg 1024w, https:\/\/tucomarca.whitekongsoftware.com\/wp-content\/uploads\/2022\/06\/Conservatorio_ACupeiro08-300x200.jpg 300w, https:\/\/tucomarca.whitekongsoftware.com\/wp-content\/uploads\/2022\/06\/Conservatorio_ACupeiro08-768x512.jpg 768w, https:\/\/tucomarca.whitekongsoftware.com\/wp-content\/uploads\/2022\/06\/Conservatorio_ACupeiro08.jpg 1181w\" sizes=\"auto, (max-width: 1024px) 100vw, 1024px\" \/><\/figure><\/li><li class=\"blocks-gallery-item\"><figure><img loading=\"lazy\" decoding=\"async\" width=\"1024\" height=\"682\" src=\"http:\/\/www.tucomarca.com\/wordpress\/segunda\/wp-content\/uploads\/2022\/06\/Conservatorio_ACupeiro09-1024x682.jpg\" alt=\"\" data-id=\"159825\" data-full-url=\"http:\/\/www.tucomarca.com\/wordpress\/segunda\/wp-content\/uploads\/2022\/06\/Conservatorio_ACupeiro09.jpg\" data-link=\"http:\/\/www.tucomarca.com\/wordpress\/segunda\/?attachment_id=159825\" class=\"wp-image-159825\" srcset=\"https:\/\/tucomarca.whitekongsoftware.com\/wp-content\/uploads\/2022\/06\/Conservatorio_ACupeiro09-1024x682.jpg 1024w, https:\/\/tucomarca.whitekongsoftware.com\/wp-content\/uploads\/2022\/06\/Conservatorio_ACupeiro09-300x200.jpg 300w, https:\/\/tucomarca.whitekongsoftware.com\/wp-content\/uploads\/2022\/06\/Conservatorio_ACupeiro09-768x512.jpg 768w, https:\/\/tucomarca.whitekongsoftware.com\/wp-content\/uploads\/2022\/06\/Conservatorio_ACupeiro09.jpg 1181w\" sizes=\"auto, (max-width: 1024px) 100vw, 1024px\" \/><\/figure><\/li><li class=\"blocks-gallery-item\"><figure><img loading=\"lazy\" decoding=\"async\" width=\"1024\" height=\"682\" src=\"http:\/\/www.tucomarca.com\/wordpress\/segunda\/wp-content\/uploads\/2022\/06\/Conservatorio_ACupeiro12-1024x682.jpg\" alt=\"\" data-id=\"159831\" data-full-url=\"http:\/\/www.tucomarca.com\/wordpress\/segunda\/wp-content\/uploads\/2022\/06\/Conservatorio_ACupeiro12.jpg\" data-link=\"http:\/\/www.tucomarca.com\/wordpress\/segunda\/?attachment_id=159831\" class=\"wp-image-159831\" srcset=\"https:\/\/tucomarca.whitekongsoftware.com\/wp-content\/uploads\/2022\/06\/Conservatorio_ACupeiro12-1024x682.jpg 1024w, https:\/\/tucomarca.whitekongsoftware.com\/wp-content\/uploads\/2022\/06\/Conservatorio_ACupeiro12-300x200.jpg 300w, https:\/\/tucomarca.whitekongsoftware.com\/wp-content\/uploads\/2022\/06\/Conservatorio_ACupeiro12-768x512.jpg 768w, https:\/\/tucomarca.whitekongsoftware.com\/wp-content\/uploads\/2022\/06\/Conservatorio_ACupeiro12.jpg 1181w\" sizes=\"auto, (max-width: 1024px) 100vw, 1024px\" \/><\/figure><\/li><li class=\"blocks-gallery-item\"><figure><img loading=\"lazy\" decoding=\"async\" width=\"1024\" height=\"682\" src=\"http:\/\/www.tucomarca.com\/wordpress\/segunda\/wp-content\/uploads\/2022\/06\/Conservatorio_ACupeiro13-1024x682.jpg\" alt=\"\" data-id=\"159833\" data-full-url=\"http:\/\/www.tucomarca.com\/wordpress\/segunda\/wp-content\/uploads\/2022\/06\/Conservatorio_ACupeiro13.jpg\" data-link=\"http:\/\/www.tucomarca.com\/wordpress\/segunda\/?attachment_id=159833\" class=\"wp-image-159833\" srcset=\"https:\/\/tucomarca.whitekongsoftware.com\/wp-content\/uploads\/2022\/06\/Conservatorio_ACupeiro13-1024x682.jpg 1024w, https:\/\/tucomarca.whitekongsoftware.com\/wp-content\/uploads\/2022\/06\/Conservatorio_ACupeiro13-300x200.jpg 300w, https:\/\/tucomarca.whitekongsoftware.com\/wp-content\/uploads\/2022\/06\/Conservatorio_ACupeiro13-768x512.jpg 768w, https:\/\/tucomarca.whitekongsoftware.com\/wp-content\/uploads\/2022\/06\/Conservatorio_ACupeiro13.jpg 1181w\" sizes=\"auto, (max-width: 1024px) 100vw, 1024px\" \/><\/figure><\/li><li class=\"blocks-gallery-item\"><figure><img loading=\"lazy\" decoding=\"async\" width=\"1024\" height=\"682\" src=\"http:\/\/www.tucomarca.com\/wordpress\/segunda\/wp-content\/uploads\/2022\/06\/Conservatorio_ACupeiro11-1024x682.jpg\" alt=\"\" data-id=\"159829\" data-full-url=\"http:\/\/www.tucomarca.com\/wordpress\/segunda\/wp-content\/uploads\/2022\/06\/Conservatorio_ACupeiro11.jpg\" data-link=\"http:\/\/www.tucomarca.com\/wordpress\/segunda\/?attachment_id=159829\" class=\"wp-image-159829\" srcset=\"https:\/\/tucomarca.whitekongsoftware.com\/wp-content\/uploads\/2022\/06\/Conservatorio_ACupeiro11-1024x682.jpg 1024w, https:\/\/tucomarca.whitekongsoftware.com\/wp-content\/uploads\/2022\/06\/Conservatorio_ACupeiro11-300x200.jpg 300w, https:\/\/tucomarca.whitekongsoftware.com\/wp-content\/uploads\/2022\/06\/Conservatorio_ACupeiro11-768x512.jpg 768w, https:\/\/tucomarca.whitekongsoftware.com\/wp-content\/uploads\/2022\/06\/Conservatorio_ACupeiro11.jpg 1181w\" sizes=\"auto, (max-width: 1024px) 100vw, 1024px\" \/><\/figure><\/li><li class=\"blocks-gallery-item\"><figure><img loading=\"lazy\" decoding=\"async\" width=\"1024\" height=\"682\" src=\"http:\/\/www.tucomarca.com\/wordpress\/segunda\/wp-content\/uploads\/2022\/06\/Conservatorio_ACupeiro14-1024x682.jpg\" alt=\"\" data-id=\"159835\" data-full-url=\"http:\/\/www.tucomarca.com\/wordpress\/segunda\/wp-content\/uploads\/2022\/06\/Conservatorio_ACupeiro14.jpg\" data-link=\"http:\/\/www.tucomarca.com\/wordpress\/segunda\/?attachment_id=159835\" class=\"wp-image-159835\" srcset=\"https:\/\/tucomarca.whitekongsoftware.com\/wp-content\/uploads\/2022\/06\/Conservatorio_ACupeiro14-1024x682.jpg 1024w, https:\/\/tucomarca.whitekongsoftware.com\/wp-content\/uploads\/2022\/06\/Conservatorio_ACupeiro14-300x200.jpg 300w, https:\/\/tucomarca.whitekongsoftware.com\/wp-content\/uploads\/2022\/06\/Conservatorio_ACupeiro14-768x512.jpg 768w, https:\/\/tucomarca.whitekongsoftware.com\/wp-content\/uploads\/2022\/06\/Conservatorio_ACupeiro14.jpg 1181w\" sizes=\"auto, (max-width: 1024px) 100vw, 1024px\" \/><\/figure><\/li><li class=\"blocks-gallery-item\"><figure><img loading=\"lazy\" decoding=\"async\" width=\"1024\" height=\"682\" src=\"http:\/\/www.tucomarca.com\/wordpress\/segunda\/wp-content\/uploads\/2022\/06\/Conservatorio_ACupeiro15-1024x682.jpg\" alt=\"\" data-id=\"159837\" data-full-url=\"http:\/\/www.tucomarca.com\/wordpress\/segunda\/wp-content\/uploads\/2022\/06\/Conservatorio_ACupeiro15.jpg\" data-link=\"http:\/\/www.tucomarca.com\/wordpress\/segunda\/?attachment_id=159837\" class=\"wp-image-159837\" srcset=\"https:\/\/tucomarca.whitekongsoftware.com\/wp-content\/uploads\/2022\/06\/Conservatorio_ACupeiro15-1024x682.jpg 1024w, https:\/\/tucomarca.whitekongsoftware.com\/wp-content\/uploads\/2022\/06\/Conservatorio_ACupeiro15-300x200.jpg 300w, https:\/\/tucomarca.whitekongsoftware.com\/wp-content\/uploads\/2022\/06\/Conservatorio_ACupeiro15-768x512.jpg 768w, https:\/\/tucomarca.whitekongsoftware.com\/wp-content\/uploads\/2022\/06\/Conservatorio_ACupeiro15.jpg 1181w\" sizes=\"auto, (max-width: 1024px) 100vw, 1024px\" \/><\/figure><\/li><\/ul><\/figure>\n","protected":false},"excerpt":{"rendered":"<div class=\"mh-excerpt\">Com a colof\u00f3 a la jornada de presentaci\u00f3 oficial de la XVI Biennal de M\u00fasica de Bunyol, s&#8217;ha gaudit en la nit d&#8217;aquest dissabte, 18 de juny, del concert de la Banda Simf\u00f2nica del Conservatori <a class=\"mh-excerpt-more\" href=\"https:\/\/tucomarca.whitekongsoftware.com\/ca\/fotogaleria-el-conservatori-sant-rafael-tanca-la-seua-participacio-en-la-biennal-de-bunyol-amb-un-gran-concert-de-la-seua-banda-al-costat-dabraham-cuperio\/\" title=\"Fotogaler\u00eda: el conservatori Sant Rafael tanca la seua participaci\u00f3 en la Biennal de Bunyol amb un gran concert de la seua banda al costat d&#8217;Abraham Cuperio\">[+] <\/a><\/div>\n","protected":false},"author":1,"featured_media":159818,"comment_status":"open","ping_status":"open","sticky":false,"template":"","format":"gallery","meta":{"footnotes":""},"categories":[10911,11005,10898,10894,10912,11007,10896],"tags":[17403,10913,14677,10914,17302],"class_list":["post-159845","post","type-post","status-publish","format-gallery","has-post-thumbnail","category-bunol-ca","category-canal-musica","category-ventana-ca","category-la-comarca-ca","category-la-hoya-ca","category-ocio-y-cultura-ca","category-seccion-ca","tag-abraham-cupeiro-ca","tag-bunol-ca","tag-conservatorio-san-rafael-ca","tag-la-hoya-de-bunol-chiva-ca","tag-xvi-bienal-de-musica-de-bunol-ca","post_format-post-format-gallery"],"_links":{"self":[{"href":"https:\/\/tucomarca.whitekongsoftware.com\/ca\/wp-json\/wp\/v2\/posts\/159845","targetHints":{"allow":["GET"]}}],"collection":[{"href":"https:\/\/tucomarca.whitekongsoftware.com\/ca\/wp-json\/wp\/v2\/posts"}],"about":[{"href":"https:\/\/tucomarca.whitekongsoftware.com\/ca\/wp-json\/wp\/v2\/types\/post"}],"author":[{"embeddable":true,"href":"https:\/\/tucomarca.whitekongsoftware.com\/ca\/wp-json\/wp\/v2\/users\/1"}],"replies":[{"embeddable":true,"href":"https:\/\/tucomarca.whitekongsoftware.com\/ca\/wp-json\/wp\/v2\/comments?post=159845"}],"version-history":[{"count":0,"href":"https:\/\/tucomarca.whitekongsoftware.com\/ca\/wp-json\/wp\/v2\/posts\/159845\/revisions"}],"wp:featuredmedia":[{"embeddable":true,"href":"https:\/\/tucomarca.whitekongsoftware.com\/ca\/wp-json\/wp\/v2\/media\/159818"}],"wp:attachment":[{"href":"https:\/\/tucomarca.whitekongsoftware.com\/ca\/wp-json\/wp\/v2\/media?parent=159845"}],"wp:term":[{"taxonomy":"category","embeddable":true,"href":"https:\/\/tucomarca.whitekongsoftware.com\/ca\/wp-json\/wp\/v2\/categories?post=159845"},{"taxonomy":"post_tag","embeddable":true,"href":"https:\/\/tucomarca.whitekongsoftware.com\/ca\/wp-json\/wp\/v2\/tags?post=159845"}],"curies":[{"name":"wp","href":"https:\/\/api.w.org\/{rel}","templated":true}]}}