{"id":159791,"date":"2022-06-17T23:00:00","date_gmt":"2022-06-17T21:00:00","guid":{"rendered":"http:\/\/www.tucomarca.com\/wordpress\/segunda\/?p=159791"},"modified":"2022-06-19T10:27:26","modified_gmt":"2022-06-19T08:27:26","slug":"detenen-a-xella-al-presumpte-autor-de-lultim-assassinat-masclista-ocorregut-a-alzira","status":"publish","type":"post","link":"https:\/\/tucomarca.whitekongsoftware.com\/ca\/detenen-a-xella-al-presumpte-autor-de-lultim-assassinat-masclista-ocorregut-a-alzira\/","title":{"rendered":"Detenen a Xella al presumpte autor de l&#8217;\u00faltim assassinat masclista ocorregut a Alzira"},"content":{"rendered":"\n<p class=\"wp-block-paragraph\">La Comand\u00e0ncia de la Gu\u00e0rdia Civil de Val\u00e8ncia ha informat que efectius d&#8217;aquest cos al costat de la Policia Local han detingut a Xella aquest divendres al presumpte autor de l&#8217;homicidi de viol\u00e8ncia de g\u00e8nere ocorregut a Alzira la setmana passada.<\/p>\n\n\n\n<p class=\"wp-block-paragraph\">Segons les mateixes fonts, el detingut ha sigut localitzat a les 14,05 hores en el municipi de Xella. Posteriorment, la Gu\u00e0rdia Civil ha entregat al detingut a la Policia Nacional de Val\u00e8ncia.<\/p>\n\n\n\n<p class=\"wp-block-paragraph\">Segons es recordar\u00e0, el passat dia 8 de juny va anar trobant a Alzira el cad\u00e0ver d&#8217;una dona amb diverses ferides d&#8217;arma blanca en una casa a\u00efllada del terme municipal i des de llavors es buscava a la seua parella que es trobava en parador ignorat.<\/p>\n","protected":false},"excerpt":{"rendered":"<div class=\"mh-excerpt\">La Comand\u00e0ncia de la Gu\u00e0rdia Civil de Val\u00e8ncia ha informat que efectius d&#8217;aquest cos al costat de la Policia Local han detingut a Xella aquest divendres al presumpte autor de l&#8217;homicidi de viol\u00e8ncia de g\u00e8nere <a class=\"mh-excerpt-more\" href=\"https:\/\/tucomarca.whitekongsoftware.com\/ca\/detenen-a-xella-al-presumpte-autor-de-lultim-assassinat-masclista-ocorregut-a-alzira\/\" title=\"Detenen a Xella al presumpte autor de l&#8217;\u00faltim assassinat masclista ocorregut a Alzira\">[+] <\/a><\/div>\n","protected":false},"author":1,"featured_media":112617,"comment_status":"open","ping_status":"open","sticky":false,"template":"","format":"standard","meta":{"footnotes":""},"categories":[10889,10968,10898,10948,10963,10894,10904,10902,10896,10897],"tags":[11192,11118,11077],"class_list":["post-159791","post","type-post","status-publish","format-standard","has-post-thumbnail","category-alzira-cat","category-chella-ca","category-ventana-ca","category-infraestructuras-ca","category-la-canal-de-navarres-ca","category-la-comarca-ca","category-sin-categorizar-ca","category-la-ribera-ca","category-seccion-ca","category-sucesos-la-comarca-ca","tag-alzira-ca","tag-guardia-civil-ca","tag-la-ribera-alta-ca"],"_links":{"self":[{"href":"https:\/\/tucomarca.whitekongsoftware.com\/ca\/wp-json\/wp\/v2\/posts\/159791","targetHints":{"allow":["GET"]}}],"collection":[{"href":"https:\/\/tucomarca.whitekongsoftware.com\/ca\/wp-json\/wp\/v2\/posts"}],"about":[{"href":"https:\/\/tucomarca.whitekongsoftware.com\/ca\/wp-json\/wp\/v2\/types\/post"}],"author":[{"embeddable":true,"href":"https:\/\/tucomarca.whitekongsoftware.com\/ca\/wp-json\/wp\/v2\/users\/1"}],"replies":[{"embeddable":true,"href":"https:\/\/tucomarca.whitekongsoftware.com\/ca\/wp-json\/wp\/v2\/comments?post=159791"}],"version-history":[{"count":0,"href":"https:\/\/tucomarca.whitekongsoftware.com\/ca\/wp-json\/wp\/v2\/posts\/159791\/revisions"}],"wp:featuredmedia":[{"embeddable":true,"href":"https:\/\/tucomarca.whitekongsoftware.com\/ca\/wp-json\/wp\/v2\/media\/112617"}],"wp:attachment":[{"href":"https:\/\/tucomarca.whitekongsoftware.com\/ca\/wp-json\/wp\/v2\/media?parent=159791"}],"wp:term":[{"taxonomy":"category","embeddable":true,"href":"https:\/\/tucomarca.whitekongsoftware.com\/ca\/wp-json\/wp\/v2\/categories?post=159791"},{"taxonomy":"post_tag","embeddable":true,"href":"https:\/\/tucomarca.whitekongsoftware.com\/ca\/wp-json\/wp\/v2\/tags?post=159791"}],"curies":[{"name":"wp","href":"https:\/\/api.w.org\/{rel}","templated":true}]}}